{"id":74592,"date":"2021-04-24T17:05:58","date_gmt":"2021-04-24T20:05:58","guid":{"rendered":"https:\/\/tvtecjundiai.com.br\/news\/?p=74592"},"modified":"2021-04-24T17:05:58","modified_gmt":"2021-04-24T20:05:58","slug":"jundiai-registra-1019-obitos-por-covid-19-desde-o-inicio-da-pandemia","status":"publish","type":"post","link":"https:\/\/tvtecjundiai.com.br\/news\/2021\/04\/24\/jundiai-registra-1019-obitos-por-covid-19-desde-o-inicio-da-pandemia\/","title":{"rendered":"Jundia\u00ed registra 1019 \u00f3bitos por COVID-19 desde o in\u00edcio da pandemia"},"content":{"rendered":"\n<p>A Prefeitura de Jundia\u00ed informa que, neste s\u00e1bado (24), cinco \u00f3bitos foram contabilizados de residentes na cidade causados pelo Novo Coronav\u00edrus.<\/p>\n\n\n\n<p>Mulher, 60 anos, sem comorbidades registradas. Internou 07\/04 e faleceu 23\/04 no Hospital S\u00e3o Vicente.<\/p>\n\n\n\n<p>Homem, 70 anos, portador de doen\u00e7a renal cr\u00f4nica e diabetes. Internou 13\/04 e faleceu 23\/04 no Hospital S\u00e3o Vicente.<\/p>\n\n\n\n<p>Homem, 65 anos, portador de doen\u00e7a cardiovascular cr\u00f4nica. Internou 14\/04 e faleceu 24\/04 no Hospital S\u00e3o Vicente.<\/p>\n\n\n\n<p>Homem, 49 anos, obeso. Internou 24\/03 e faleceu 23\/04 no Hospital S\u00e3o Vicente.<\/p>\n\n\n\n<p>Mulher, 70 anos, portadora de doen\u00e7a cardiovascular cr\u00f4nica e asma. Internou 16\/04 e faleceu 24\/04 no Hospital S\u00e3o Vicente.<\/p>\n\n\n\n<p>At\u00e9 o momento, a cidade registra 1.019 \u00f3bitos causados pela COVID-19 desde o in\u00edcio da pandemia.<\/p>\n\n\n\n<p><strong>Assessoria de Imprensa<\/strong><\/p>\n\n\n\n<figure class=\"wp-block-image\"><img decoding=\"async\" src=\"https:\/\/jundiai.sp.gov.br\/noticias\/wp-content\/uploads\/sites\/32\/2021\/04\/slide1-11-960x960.jpg\" alt=\"\" class=\"wp-image-266619\" \/><\/figure>\n\n\n\n<figure class=\"wp-block-image\"><img decoding=\"async\" src=\"https:\/\/jundiai.sp.gov.br\/noticias\/wp-content\/uploads\/sites\/32\/2021\/04\/slide2-9-960x960.jpg\" alt=\"\" class=\"wp-image-266620\" \/><\/figure>\n\n\n\n<p><em>\u00a0(Texto\/Imagem: Prefeitura de Jundia\u00ed)<\/em><\/p>\n","protected":false},"excerpt":{"rendered":"<p>Cidade possui 774 casos ativos da doen\u00e7a<\/p>\n","protected":false},"author":24,"featured_media":74593,"comment_status":"closed","ping_status":"closed","sticky":false,"template":"","format":"standard","meta":{"footnotes":""},"categories":[1],"tags":[],"class_list":["post-74592","post","type-post","status-publish","format-standard","has-post-thumbnail","hentry","category-noticias"],"_links":{"self":[{"href":"https:\/\/tvtecjundiai.com.br\/news\/wp-json\/wp\/v2\/posts\/74592","targetHints":{"allow":["GET"]}}],"collection":[{"href":"https:\/\/tvtecjundiai.com.br\/news\/wp-json\/wp\/v2\/posts"}],"about":[{"href":"https:\/\/tvtecjundiai.com.br\/news\/wp-json\/wp\/v2\/types\/post"}],"author":[{"embeddable":true,"href":"https:\/\/tvtecjundiai.com.br\/news\/wp-json\/wp\/v2\/users\/24"}],"replies":[{"embeddable":true,"href":"https:\/\/tvtecjundiai.com.br\/news\/wp-json\/wp\/v2\/comments?post=74592"}],"version-history":[{"count":1,"href":"https:\/\/tvtecjundiai.com.br\/news\/wp-json\/wp\/v2\/posts\/74592\/revisions"}],"predecessor-version":[{"id":74594,"href":"https:\/\/tvtecjundiai.com.br\/news\/wp-json\/wp\/v2\/posts\/74592\/revisions\/74594"}],"wp:featuredmedia":[{"embeddable":true,"href":"https:\/\/tvtecjundiai.com.br\/news\/wp-json\/wp\/v2\/media\/74593"}],"wp:attachment":[{"href":"https:\/\/tvtecjundiai.com.br\/news\/wp-json\/wp\/v2\/media?parent=74592"}],"wp:term":[{"taxonomy":"category","embeddable":true,"href":"https:\/\/tvtecjundiai.com.br\/news\/wp-json\/wp\/v2\/categories?post=74592"},{"taxonomy":"post_tag","embeddable":true,"href":"https:\/\/tvtecjundiai.com.br\/news\/wp-json\/wp\/v2\/tags?post=74592"}],"curies":[{"name":"wp","href":"https:\/\/api.w.org\/{rel}","templated":true}]}}