{"id":74613,"date":"2021-04-26T09:03:44","date_gmt":"2021-04-26T12:03:44","guid":{"rendered":"https:\/\/tvtecjundiai.com.br\/news\/?p=74613"},"modified":"2021-04-26T09:03:44","modified_gmt":"2021-04-26T12:03:44","slug":"motos-causam-44-dos-acidentes-com-mortes-no-transito-de-jundiai","status":"publish","type":"post","link":"https:\/\/tvtecjundiai.com.br\/news\/2021\/04\/26\/motos-causam-44-dos-acidentes-com-mortes-no-transito-de-jundiai\/","title":{"rendered":"Motos causam 44% dos acidentes com mortes no tr\u00e2nsito de Jundia\u00ed"},"content":{"rendered":"\n<p>Mesmo em menor n\u00famero, as motos s\u00e3o respons\u00e1veis por quase metade dos acidentes de tr\u00e2nsito com mortes nas vias municipais e estradas que cortam Jundia\u00ed. Segundo a prefeitura, elas correspondem a 16% de uma frota com aproximadamente 337 mil ve\u00edculos e causam 44% de todos os \u00f3bitos no tr\u00e2nsito.<\/p>\n\n\n\n<p>De acordo com dados do sistema Infosiga, do Governo do Estado de S\u00e3o Paulo, em 2020 a frota de motos chegou a 53.680 ve\u00edculos em Jundia\u00ed. Neste mesmo per\u00edodo, foram 26 mortes em acidentes com motos em vias municipais e em rodovias.<\/p>\n\n\n\n<p>Levando em conta todos os tipos de ve\u00edculos, 2020 registrou 2.093 acidentes com v\u00edtimas n\u00e3o fatais e 60 com v\u00edtimas fatais. Nos tr\u00eas primeiros meses de 2021, j\u00e1 h\u00e1 cinco \u00f3bitos registrados e relacionados a motos.<\/p>\n\n\n\n<div class=\"wp-block-image\"><figure class=\"aligncenter size-large\"><img loading=\"lazy\" decoding=\"async\" width=\"984\" height=\"656\" src=\"https:\/\/tvtecjundiai.com.br\/news\/wp-content\/uploads\/sites\/2\/2021\/04\/acidente-de-transito-personagem-ricardo-19.jpg\" alt=\"\" class=\"wp-image-74614\" srcset=\"https:\/\/tvtecjundiai.com.br\/news\/wp-content\/uploads\/sites\/2\/2021\/04\/acidente-de-transito-personagem-ricardo-19.jpg 984w, https:\/\/tvtecjundiai.com.br\/news\/wp-content\/uploads\/sites\/2\/2021\/04\/acidente-de-transito-personagem-ricardo-19-300x200.jpg 300w, https:\/\/tvtecjundiai.com.br\/news\/wp-content\/uploads\/sites\/2\/2021\/04\/acidente-de-transito-personagem-ricardo-19-768x512.jpg 768w\" sizes=\"auto, (max-width: 984px) 100vw, 984px\" \/><figcaption>Ricardo Marchiori foi uma das pessoas que sofreu acidente de moto em Jundia\u00ed neste ano<\/figcaption><\/figure><\/div>\n\n\n\n<p>Ricardo Marchiori, de 26 anos, foi uma das pessoas que sofreu acidente de moto neste ano. H\u00e1 aproximadamente 40 dias, ele colidiu com um carro quando passava, \u00e0 noite, pela Avenida Henrique Brunini, na regi\u00e3o do bairro Fazenda Grande.<\/p>\n\n\n\n<p>&#8220;Eu estava na minha m\u00e3o quando um carro ultrapassou outro, na m\u00e3o contr\u00e1ria, e cruzou a minha frente&#8221;, conta o rapaz, que teve a perna amputada ap\u00f3s ser levado ao Hospital S\u00e3o Vicente.<\/p>\n\n\n\n<p>O t\u00e9cnico de manuten\u00e7\u00e3o est\u00e1 em recupera\u00e7\u00e3o e faz fisioterapia. Al\u00e9m de ter perdido a perna, ele quebrou os dedos da m\u00e3o e agora busca apoio para conseguir comprar uma pr\u00f3tese. &#8220;Meu foco agora \u00e9 minha recupera\u00e7\u00e3o&#8221;, diz Ricardo.<\/p>\n\n\n\n<p><strong>Conscientiza\u00e7\u00e3o<br><\/strong>Ainda que o n\u00famero de mortes no tr\u00e2nsito com motos venha diminuindo ao longo dos anos (em 2017 foram 34, sendo 11 em vias internas da cidade), os dados ainda representam preocupa\u00e7\u00e3o.<\/p>\n\n\n\n<p>Por isso, a prefeitura lan\u00e7ou uma campanha de educa\u00e7\u00e3o no tr\u00e2nsito com aplica\u00e7\u00e3o de &#8220;multas educativas&#8221; atrav\u00e9s de equipamentos de fiscaliza\u00e7\u00e3o, al\u00e9m da instala\u00e7\u00e3o de faixas com mensagens de aten\u00e7\u00e3o e postagem nas redes sociais, por meio dos canais da Prefeitura de Jundia\u00ed.<\/p>\n\n\n\n<p>A previs\u00e3o \u00e9 que os radares passem a aplicar multas ainda em maio, depois da aferi\u00e7\u00e3o dos equipamentos pelo Instituto Nacional de Metrologia, Qualidade e Tecnologia (Inmetro).<\/p>\n\n\n\n<p>Inicialmente, ser\u00e3o 12 equipamentos fazendo autua\u00e7\u00f5es, com aumento m\u00eas a m\u00eas, at\u00e9 chegar a 59 pontos com radares em toda a cidade.<\/p>\n\n\n\n<p>Todos os locais estar\u00e3o devidamente sinalizados para orientar o motorista. Al\u00e9m disso, todos os pontos \u2013 incluindo os locais cujos equipamentos passar\u00e3o a funcionar nos pr\u00f3ximos meses \u2013 podem ser consultados na p\u00e1gina inicial do site da prefeitura.<\/p>\n\n\n\n<p>Tamb\u00e9m em maio tem in\u00edcio a campanha Maio Amarelo, com refor\u00e7o na conscientiza\u00e7\u00e3o no tr\u00e2nsito atrav\u00e9s de material visual que pode ser utilizado em diferentes a\u00e7\u00f5es na cidade e nas redes sociais.<\/p>\n\n\n\n<p><em>(Fonte: G1\/Imagem: Prefeitura de Jundia\u00ed)<\/em><\/p>\n","protected":false},"excerpt":{"rendered":"<p>S\u00f3 nos tr\u00eas primeiros meses de 2021, a cidade j\u00e1 registrou cinco \u00f3bitos relacionados a motos<\/p>\n","protected":false},"author":25,"featured_media":74614,"comment_status":"closed","ping_status":"closed","sticky":false,"template":"","format":"standard","meta":{"footnotes":""},"categories":[5697,1],"tags":[],"class_list":["post-74613","post","type-post","status-publish","format-standard","has-post-thumbnail","hentry","category-mobilidade-noticias","category-noticias"],"_links":{"self":[{"href":"https:\/\/tvtecjundiai.com.br\/news\/wp-json\/wp\/v2\/posts\/74613","targetHints":{"allow":["GET"]}}],"collection":[{"href":"https:\/\/tvtecjundiai.com.br\/news\/wp-json\/wp\/v2\/posts"}],"about":[{"href":"https:\/\/tvtecjundiai.com.br\/news\/wp-json\/wp\/v2\/types\/post"}],"author":[{"embeddable":true,"href":"https:\/\/tvtecjundiai.com.br\/news\/wp-json\/wp\/v2\/users\/25"}],"replies":[{"embeddable":true,"href":"https:\/\/tvtecjundiai.com.br\/news\/wp-json\/wp\/v2\/comments?post=74613"}],"version-history":[{"count":1,"href":"https:\/\/tvtecjundiai.com.br\/news\/wp-json\/wp\/v2\/posts\/74613\/revisions"}],"predecessor-version":[{"id":74615,"href":"https:\/\/tvtecjundiai.com.br\/news\/wp-json\/wp\/v2\/posts\/74613\/revisions\/74615"}],"wp:featuredmedia":[{"embeddable":true,"href":"https:\/\/tvtecjundiai.com.br\/news\/wp-json\/wp\/v2\/media\/74614"}],"wp:attachment":[{"href":"https:\/\/tvtecjundiai.com.br\/news\/wp-json\/wp\/v2\/media?parent=74613"}],"wp:term":[{"taxonomy":"category","embeddable":true,"href":"https:\/\/tvtecjundiai.com.br\/news\/wp-json\/wp\/v2\/categories?post=74613"},{"taxonomy":"post_tag","embeddable":true,"href":"https:\/\/tvtecjundiai.com.br\/news\/wp-json\/wp\/v2\/tags?post=74613"}],"curies":[{"name":"wp","href":"https:\/\/api.w.org\/{rel}","templated":true}]}}