{"id":74623,"date":"2021-04-26T11:02:04","date_gmt":"2021-04-26T14:02:04","guid":{"rendered":"https:\/\/tvtecjundiai.com.br\/news\/?p=74623"},"modified":"2021-04-26T11:02:42","modified_gmt":"2021-04-26T14:02:42","slug":"funcionarios-do-grupo-andreta-arrecadam-alimentos-nao-pereciveis-para-o-fundo-social-de-solidariedade-de-jundiai","status":"publish","type":"post","link":"https:\/\/tvtecjundiai.com.br\/news\/2021\/04\/26\/funcionarios-do-grupo-andreta-arrecadam-alimentos-nao-pereciveis-para-o-fundo-social-de-solidariedade-de-jundiai\/","title":{"rendered":"Funcion\u00e1rios do grupo Andreta arrecadam alimentos n\u00e3o perec\u00edveis para o Fundo Social de Jundia\u00ed"},"content":{"rendered":"\n<p>A partir de uma iniciativa que envolveu todas as concession\u00e1rias do grupo Andreta, cerca de mil funcion\u00e1rios, de 30 lojas, se mobilizaram e, juntos, arrecadaram alimentos n\u00e3o perec\u00edveis para o Fundo Social de Solidariedade de Jundia\u00ed (Funss).<\/p>\n\n\n\n<p>A encarregada administrativa do setor de limpeza, Judite dos Santos, foi uma das participantes da campanha interna de arrecada\u00e7\u00e3o. H\u00e1 24 anos na empresa, ela conta sobre a felicidade em poder ajudar. \u201cTodos os dias, vemos hist\u00f3rias de pessoas que est\u00e3o passando por dificuldades, que perderam o emprego e est\u00e3o sem renda. Me sinto aben\u00e7oada em estar numa situa\u00e7\u00e3o diferente, de poder colaborar e amenizar a dor de algumas fam\u00edlias\u201d, disse.<\/p>\n\n\n\n<figure class=\"wp-block-image\"><img decoding=\"async\" src=\"https:\/\/jundiai.sp.gov.br\/noticias\/wp-content\/uploads\/sites\/32\/2021\/04\/doacao_andreta-1.jpg\" alt=\"\" class=\"wp-image-266628\" \/><\/figure>\n\n\n\n<p>J\u00e1 o Rodrigo Aparecido Solci \u00e9 garibador e est\u00e1 na empresa h\u00e1, apenas, tr\u00eas meses. \u201cTive a sorte de poder escolher a mudan\u00e7a de emprego, ou seja, n\u00e3o fiquei parado em casa, como est\u00e3o muitos profissionais, atualmente. Contribuir com quem tem menos \u00e9 necess\u00e1rio\u201d, contou.<\/p>\n\n\n\n<p>Como incentivo \u00e0 solidariedade e ao engajamento dos funcion\u00e1rios, ap\u00f3s o t\u00e9rmino da a\u00e7\u00e3o, o grupo Andreta dobrou a quantidade de alimentos arrecadados por meio da compra de cestas b\u00e1sicas. \u201cFaz parte da ess\u00eancia da empresa ajudar o pr\u00f3ximo e valorizar a generosidade das pessoas. Estamos muito satisfeitos com o resultado\u201d, disse o presidente Jos\u00e9 Maur\u00edcio Andreta Junior, ao lado da gerente de marketing, Adriana Soldera.<\/p>\n\n\n\n<figure class=\"wp-block-image\"><img decoding=\"async\" src=\"https:\/\/jundiai.sp.gov.br\/noticias\/wp-content\/uploads\/sites\/32\/2021\/04\/doacao_andreta-2.jpg\" alt=\"\" class=\"wp-image-266629\" \/><\/figure>\n\n\n\n<p>A doa\u00e7\u00e3o ao Fundo Social de Solidariedade foi intermediada pelo vice-prefeito, Gustavo Martinelli, que tamb\u00e9m esteve presente no momento da entrega. \u201cO Fundo Social desenvolve um trabalho extremamente importante na cidade junto \u00e0s entidades cadastradas e \u00e0 Unidade de Gest\u00e3o de Assist\u00eancia e Desenvolvimento Social (UGADS). Certamente, esta colabora\u00e7\u00e3o ir\u00e1 refor\u00e7ar as a\u00e7\u00f5es e fazer a diferen\u00e7a na mesa de muitas fam\u00edlias\u201d, disse ele.<\/p>\n\n\n\n<p>A primeira-dama Vanessa Machado, \u00e0 frente da presid\u00eancia do Funss, falou da import\u00e2ncia de iniciativas como esta. \u201cGra\u00e7as \u00e0 generosidade das pessoas, todos os dias, o Fundo Social recebe diversas doa\u00e7\u00f5es. \u00c9 a uni\u00e3o de vontades e a soma de esfor\u00e7os que nos permitem ajudar cada vez mais pessoas em vulnerabilidade\u201d, explicou.<\/p>\n\n\n\n<figure class=\"wp-block-image\"><img decoding=\"async\" src=\"https:\/\/jundiai.sp.gov.br\/noticias\/wp-content\/uploads\/sites\/32\/2021\/04\/doacao_andreta-3.jpg\" alt=\"\" class=\"wp-image-266631\" \/><\/figure>\n\n\n\n<p>Al\u00e9m dos alimentos n\u00e3o perec\u00edveis, a Campanha Permanente do Fundo Social tamb\u00e9m recebe doa\u00e7\u00f5es de fraldas para crian\u00e7as e adultos; leite longa vida ou em p\u00f3; absorventes higi\u00eanicos descart\u00e1veis; \u00e1gua mineral; roupas, cal\u00e7ados e toalhas de banho; produtos de limpeza e de higiene pessoal; ra\u00e7\u00e3o para animais; e saco de lixo.<\/p>\n\n\n\n<p>Os itens devem ser entregues na sede do Fundo Social, localizado dentro do Parque da Uva. O acesso \u00e9 pela avenida Dona Manoela Lacerda de Vergueiro, s\/n, port\u00e3o 03, bairro Anhangaba\u00fa. O funcionamento da unidade \u00e9 de segunda a sexta-feira, das 8h \u00e0s 17h, exceto feriados. Informa\u00e7\u00f5es: (11) 4521-2762, 4521-2929 e 4521-6833.<\/p>\n\n\n\n<p><em>(Fonte\/Imagem: Prefeitura de Jundia\u00ed)<\/em><\/p>\n","protected":false},"excerpt":{"rendered":"<p>A doa\u00e7\u00e3o foi intermediada pelo vice-prefeito, Gustavo Martinelli, que tamb\u00e9m esteve presente no momento da entrega<\/p>\n","protected":false},"author":24,"featured_media":74625,"comment_status":"closed","ping_status":"closed","sticky":false,"template":"","format":"standard","meta":{"footnotes":""},"categories":[8356,8355],"tags":[],"class_list":["post-74623","post","type-post","status-publish","format-standard","has-post-thumbnail","hentry","category-jundiai","category-saude-3"],"_links":{"self":[{"href":"https:\/\/tvtecjundiai.com.br\/news\/wp-json\/wp\/v2\/posts\/74623","targetHints":{"allow":["GET"]}}],"collection":[{"href":"https:\/\/tvtecjundiai.com.br\/news\/wp-json\/wp\/v2\/posts"}],"about":[{"href":"https:\/\/tvtecjundiai.com.br\/news\/wp-json\/wp\/v2\/types\/post"}],"author":[{"embeddable":true,"href":"https:\/\/tvtecjundiai.com.br\/news\/wp-json\/wp\/v2\/users\/24"}],"replies":[{"embeddable":true,"href":"https:\/\/tvtecjundiai.com.br\/news\/wp-json\/wp\/v2\/comments?post=74623"}],"version-history":[{"count":2,"href":"https:\/\/tvtecjundiai.com.br\/news\/wp-json\/wp\/v2\/posts\/74623\/revisions"}],"predecessor-version":[{"id":74627,"href":"https:\/\/tvtecjundiai.com.br\/news\/wp-json\/wp\/v2\/posts\/74623\/revisions\/74627"}],"wp:featuredmedia":[{"embeddable":true,"href":"https:\/\/tvtecjundiai.com.br\/news\/wp-json\/wp\/v2\/media\/74625"}],"wp:attachment":[{"href":"https:\/\/tvtecjundiai.com.br\/news\/wp-json\/wp\/v2\/media?parent=74623"}],"wp:term":[{"taxonomy":"category","embeddable":true,"href":"https:\/\/tvtecjundiai.com.br\/news\/wp-json\/wp\/v2\/categories?post=74623"},{"taxonomy":"post_tag","embeddable":true,"href":"https:\/\/tvtecjundiai.com.br\/news\/wp-json\/wp\/v2\/tags?post=74623"}],"curies":[{"name":"wp","href":"https:\/\/api.w.org\/{rel}","templated":true}]}}