{"id":74633,"date":"2021-04-26T12:25:15","date_gmt":"2021-04-26T15:25:15","guid":{"rendered":"https:\/\/tvtecjundiai.com.br\/news\/?p=74633"},"modified":"2021-04-26T12:25:15","modified_gmt":"2021-04-26T15:25:15","slug":"super-lua-cor-de-rosa-brilha-no-ceu-nesta-segunda-feira-26","status":"publish","type":"post","link":"https:\/\/tvtecjundiai.com.br\/news\/2021\/04\/26\/super-lua-cor-de-rosa-brilha-no-ceu-nesta-segunda-feira-26\/","title":{"rendered":"Super Lua cor-de-rosa brilha no c\u00e9u nesta segunda-feira (26)"},"content":{"rendered":"\n<p>A Lua vai entrar na fase cheia na noite de segunda para ter\u00e7a-feira (27) e tamb\u00e9m estar\u00e1 em seu perigeu, ou seja, o ponto de m\u00e1xima aproxima\u00e7\u00e3o com a Terra. Por isso, este fen\u00f4meno recebe o nome popular de superlua. Mas neste m\u00eas, ser\u00e1 uma &#8220;superlua rosa&#8221;, como \u00e9 chamada em certas tradi\u00e7\u00f5es. <\/p>\n\n\n\n<p>Teremos um alinhamento triplo: de um lado da Terra, o Sol; do lado oposto, a Lua, mais pr\u00f3xima. Isso far\u00e1 com que ela apare\u00e7a mais brilhante. O \u00e1pice ser\u00e1 \u00e0s 0h33 desta ter\u00e7a. Mas apesar do nome, \u00e9 praticamente imposs\u00edvel para o olho humano diferenciar uma Lua cheia &#8220;comum&#8221; de uma &#8220;superlua&#8221;. E ela n\u00e3o ter\u00e1 nenhuma cor especial.<\/p>\n\n\n\n<div class=\"wp-block-image\"><figure class=\"aligncenter size-large\"><img loading=\"lazy\" decoding=\"async\" width=\"1000\" height=\"600\" src=\"https:\/\/tvtecjundiai.com.br\/news\/wp-content\/uploads\/sites\/2\/2021\/04\/pink.jpg\" alt=\"\" class=\"wp-image-74634\" srcset=\"https:\/\/tvtecjundiai.com.br\/news\/wp-content\/uploads\/sites\/2\/2021\/04\/pink.jpg 1000w, https:\/\/tvtecjundiai.com.br\/news\/wp-content\/uploads\/sites\/2\/2021\/04\/pink-300x180.jpg 300w, https:\/\/tvtecjundiai.com.br\/news\/wp-content\/uploads\/sites\/2\/2021\/04\/pink-768x461.jpg 768w\" sizes=\"auto, (max-width: 1000px) 100vw, 1000px\" \/><\/figure><\/div>\n\n\n\n<p><strong>O que acontece? <\/strong><\/p>\n\n\n\n<p>A \u00f3rbita da Lua ao redor da Terra \u2014assim como as dos planetas ao redor do Sol\u2014 n\u00e3o \u00e9 um c\u00edrculo perfeito, mas sim uma elipse (um c\u00edrculo um pouco achatado). Por isso, ela se afasta e se aproxima de nosso planeta durante sua movimenta\u00e7\u00e3o pelo universo. O ponto mais distante \u00e9 chamado de apogeu; o mais pr\u00f3ximo, perigeu. <\/p>\n\n\n\n<p>Isso n\u00e3o \u00e9 raro, pois ocorre todos os meses. A Lua demora aproximadamente 28 dias para dar uma volta completa na Terra, passando por suas quatro fases. Nosso sat\u00e9lite n\u00e3o tem luz pr\u00f3pria; brilha porque reflete a luz do Sol. E, como est\u00e1 sempre girando, n\u00f3s a vemos de diferentes formas com o passar dos dias. <\/p>\n\n\n\n<p>Quando est\u00e1 no perigeu, ela nos parece at\u00e9 15% maior e 30% mais brilhante. Isso pode ocorrer em qualquer uma das fases; se coincide com a Lua cheia, temos a chamada superlua, um termo controverso. <\/p>\n\n\n\n<p>&#8220;Os astr\u00f4nomos n\u00e3o usam a palavra superlua. Falam apenas de Lua no perigeu. Mas, principalmente com as redes sociais, esse termo viralizou. Na verdade, foi criado por astr\u00f3logos&#8221;, conta Julio Lobo, astr\u00f4nomo do Observat\u00f3rio Municipal de Campinas.<\/p>\n\n\n\n<p>Sem par\u00e2metros comparativos, o que veremos no c\u00e9u no dia 26 ser\u00e1 uma Lua cheia normal. &#8220;Essa hist\u00f3ria de superlua \u00e9 meio factoide astron\u00f4mico. S\u00f3 com instrumentos, como um telesc\u00f3pio, ou comparando por meio de fotografias, ser\u00e1 poss\u00edvel notar alguma diferen\u00e7a&#8221;, acredita Naelton Ara\u00fajo, astr\u00f4nomo do Planet\u00e1rio do Rio. <\/p>\n\n\n\n<p><strong>Superlua rosa? <\/strong><\/p>\n\n\n\n<p>A Lua cheia de abril \u00e9 chamada de &#8220;rosa&#8221; por povos nativos norte-americanos, pois marca a chegada da primavera no Hemisf\u00e9rio Norte \u2014no Sul, iniciamos o outono. Mas isso n\u00e3o quer dizer que a Lua estar\u00e1 de fato rosa ou de qualquer outra cor; \u00e9 somente uma met\u00e1fora. <\/p>\n\n\n\n<p>&#8220;Ao nascer, a Lua pode ficar amarelada, alaranjada ou at\u00e9 vermelha (ou rosa), depende somente das condi\u00e7\u00f5es atmosf\u00e9ricas do lugar de onde olha. N\u00e3o tem a ver com a \u00e9poca do ano&#8221;, explica Ara\u00fajo. &#8220;\u00c9 sempre um belo espet\u00e1culo ver a Lua cheia nascendo, mas esses nomes t\u00eam origem cultural, e n\u00e3o astron\u00f4mica.&#8221; <\/p>\n\n\n\n<p>A primavera era fortemente comemorada pelas tribos do Hemisf\u00e9rio Norte como uma esp\u00e9cie de renascimento ap\u00f3s o inverno tenebroso.<\/p>\n\n\n\n<p>&#8220;Os nativos norte-americanos e europeus nomearam as 12 luas do ano. A de janeiro, por exemplo, \u00e9 a Lua de Neve. Mas no Brasil nem temos neve&#8221;, ressalta Lobo. &#8220;S\u00e3o tradi\u00e7\u00f5es antigas que apenas reproduzimos. Lua rosa, Lua de sangue, Lua da colheita, Lua do verme\u2026 esses nomes faziam sentido para nossos ancestrais. E agora fizemos como eles e criamos um novo nome: superlua.&#8221;<\/p>\n\n\n\n<p><strong>Como ver?<\/strong><\/p>\n\n\n\n<p>A Lua cheia de 26 de abril nascer\u00e1 logo ap\u00f3s o p\u00f4r do sol, por volta das 18h \u2014o hor\u00e1rio exato em sua cidade pode ser consultado em apps ou sites de observa\u00e7\u00e3o astron\u00f4mica, como o Heavens Above. No dia 27, ela nasce um pouco mais tarde, por volta de 18h30, e assim sucessivamente. <\/p>\n\n\n\n<p>O melhor hor\u00e1rio para observar \u00e9 a primeira hora ap\u00f3s nascer, pois a Lua pode mostrar belas varia\u00e7\u00f5es de tonalidade. Lobo afirma que tamb\u00e9m teremos a impress\u00e3o de que ela est\u00e1 ainda maior devido ao efeito da refra\u00e7\u00e3o atmosf\u00e9rica e aos referenciais terrestres, mas \u00e9 mais um efeito \u00f3tico e psicol\u00f3gico.<\/p>\n\n\n\n<p>Quando estiver mais alta no c\u00e9u, continuar\u00e1 igualmente ou at\u00e9 mais brilhante, mas nos parecer\u00e1 menor. Segundo Ara\u00fajo, quando olhamos a Lua no horizonte ela fica maior porque comparamos com objetos como casas e \u00e1rvores. No alto do c\u00e9u, s\u00f3 com o pano de fundo das estrelas, ela parece menor. <\/p>\n\n\n\n<p><em>(Fonte: UOL\/Imagem: Divulga\u00e7\u00e3o)<\/em><\/p>\n","protected":false},"excerpt":{"rendered":"<p>A Lua Rosa, que n\u00e3o \u00e9 rosa no c\u00e9u, faz parte das tradi\u00e7\u00f5es ind\u00edgenas norte-americanas e marca a chegada da primavera<\/p>\n","protected":false},"author":25,"featured_media":74634,"comment_status":"closed","ping_status":"closed","sticky":false,"template":"","format":"standard","meta":{"footnotes":""},"categories":[1],"tags":[],"class_list":["post-74633","post","type-post","status-publish","format-standard","has-post-thumbnail","hentry","category-noticias"],"_links":{"self":[{"href":"https:\/\/tvtecjundiai.com.br\/news\/wp-json\/wp\/v2\/posts\/74633","targetHints":{"allow":["GET"]}}],"collection":[{"href":"https:\/\/tvtecjundiai.com.br\/news\/wp-json\/wp\/v2\/posts"}],"about":[{"href":"https:\/\/tvtecjundiai.com.br\/news\/wp-json\/wp\/v2\/types\/post"}],"author":[{"embeddable":true,"href":"https:\/\/tvtecjundiai.com.br\/news\/wp-json\/wp\/v2\/users\/25"}],"replies":[{"embeddable":true,"href":"https:\/\/tvtecjundiai.com.br\/news\/wp-json\/wp\/v2\/comments?post=74633"}],"version-history":[{"count":1,"href":"https:\/\/tvtecjundiai.com.br\/news\/wp-json\/wp\/v2\/posts\/74633\/revisions"}],"predecessor-version":[{"id":74635,"href":"https:\/\/tvtecjundiai.com.br\/news\/wp-json\/wp\/v2\/posts\/74633\/revisions\/74635"}],"wp:featuredmedia":[{"embeddable":true,"href":"https:\/\/tvtecjundiai.com.br\/news\/wp-json\/wp\/v2\/media\/74634"}],"wp:attachment":[{"href":"https:\/\/tvtecjundiai.com.br\/news\/wp-json\/wp\/v2\/media?parent=74633"}],"wp:term":[{"taxonomy":"category","embeddable":true,"href":"https:\/\/tvtecjundiai.com.br\/news\/wp-json\/wp\/v2\/categories?post=74633"},{"taxonomy":"post_tag","embeddable":true,"href":"https:\/\/tvtecjundiai.com.br\/news\/wp-json\/wp\/v2\/tags?post=74633"}],"curies":[{"name":"wp","href":"https:\/\/api.w.org\/{rel}","templated":true}]}}