{"id":74638,"date":"2021-04-26T13:33:58","date_gmt":"2021-04-26T16:33:58","guid":{"rendered":"https:\/\/tvtecjundiai.com.br\/news\/?p=74638"},"modified":"2021-04-26T14:22:01","modified_gmt":"2021-04-26T17:22:01","slug":"boa-noticia-jundiai-passa-das-100-mil-doses-aplicadas-contra-a-covid-19","status":"publish","type":"post","link":"https:\/\/tvtecjundiai.com.br\/news\/2021\/04\/26\/boa-noticia-jundiai-passa-das-100-mil-doses-aplicadas-contra-a-covid-19\/","title":{"rendered":"Boa not\u00edcia: Jundia\u00ed passa das 100 mil doses aplicadas contra a COVID-19"},"content":{"rendered":"\n<p>O prefeito Luiz Fernando Machado informou hoje em suas redes sociais que a cidade de Jundia\u00ed passou das 100 mil doses de vacinas aplicadas contra a COVID-19. \u201cCome\u00e7amos a semana com excelente not\u00edcia: passamos das 101.163 doses aplicadas em Jundia\u00ed\u201d, comemorou o prefeito.<\/p>\n\n\n\n<p>Segundo dados da Prefeitura de Jundia\u00ed, foram 63.334 vacinados com a primeira dose e 37.829 pessoas imunizadas com a segunda dose.  <\/p>\n\n\n\n<p>O prefeito ainda lembrou que apesar da boa not\u00edcia, a luta contra a pandemia ainda continua. \u201cO recado que fica \u00e9: continue se cuidando, que nossos guerreiros da Sa\u00fade seguem trabalhando firme, salvando vidas todos os dias\u201d, lembrou.<\/p>\n\n\n\n<figure class=\"wp-block-image size-large\"><img loading=\"lazy\" decoding=\"async\" width=\"1200\" height=\"801\" src=\"https:\/\/tvtecjundiai.com.br\/news\/wp-content\/uploads\/sites\/2\/2021\/04\/vacinaidosa-1200x801.jpg\" alt=\"\" class=\"wp-image-74640\" srcset=\"https:\/\/tvtecjundiai.com.br\/news\/wp-content\/uploads\/sites\/2\/2021\/04\/vacinaidosa-1200x801.jpg 1200w, https:\/\/tvtecjundiai.com.br\/news\/wp-content\/uploads\/sites\/2\/2021\/04\/vacinaidosa-300x200.jpg 300w, https:\/\/tvtecjundiai.com.br\/news\/wp-content\/uploads\/sites\/2\/2021\/04\/vacinaidosa-768x512.jpg 768w, https:\/\/tvtecjundiai.com.br\/news\/wp-content\/uploads\/sites\/2\/2021\/04\/vacinaidosa.jpg 1280w\" sizes=\"auto, (max-width: 1200px) 100vw, 1200px\" \/><figcaption>Cidade de Jundia\u00ed j\u00e1 ultrapassou as 100 mil doses de vacinas aplicadas contra a COVID-19<\/figcaption><\/figure>\n\n\n\n<p>De acordo com o boletim da Prefeitura de Jundia\u00ed, at\u00e9 a data deste domingo (25), a cidade havia registrado 1.025 \u00f3bitos causados pela COVID-19 desde o in\u00edcio da pandemia.<\/p>\n\n\n\n<p>(Texto\/\/Imagem: TVTEC)<\/p>\n","protected":false},"excerpt":{"rendered":"<p>Prefeito Luiz Fernando Machado lembrou que cuidado, no entanto, ainda deve ser mantido<\/p>\n","protected":false},"author":28,"featured_media":74640,"comment_status":"closed","ping_status":"closed","sticky":false,"template":"","format":"standard","meta":{"footnotes":""},"categories":[8356,1],"tags":[],"class_list":["post-74638","post","type-post","status-publish","format-standard","has-post-thumbnail","hentry","category-jundiai","category-noticias"],"_links":{"self":[{"href":"https:\/\/tvtecjundiai.com.br\/news\/wp-json\/wp\/v2\/posts\/74638","targetHints":{"allow":["GET"]}}],"collection":[{"href":"https:\/\/tvtecjundiai.com.br\/news\/wp-json\/wp\/v2\/posts"}],"about":[{"href":"https:\/\/tvtecjundiai.com.br\/news\/wp-json\/wp\/v2\/types\/post"}],"author":[{"embeddable":true,"href":"https:\/\/tvtecjundiai.com.br\/news\/wp-json\/wp\/v2\/users\/28"}],"replies":[{"embeddable":true,"href":"https:\/\/tvtecjundiai.com.br\/news\/wp-json\/wp\/v2\/comments?post=74638"}],"version-history":[{"count":4,"href":"https:\/\/tvtecjundiai.com.br\/news\/wp-json\/wp\/v2\/posts\/74638\/revisions"}],"predecessor-version":[{"id":74644,"href":"https:\/\/tvtecjundiai.com.br\/news\/wp-json\/wp\/v2\/posts\/74638\/revisions\/74644"}],"wp:featuredmedia":[{"embeddable":true,"href":"https:\/\/tvtecjundiai.com.br\/news\/wp-json\/wp\/v2\/media\/74640"}],"wp:attachment":[{"href":"https:\/\/tvtecjundiai.com.br\/news\/wp-json\/wp\/v2\/media?parent=74638"}],"wp:term":[{"taxonomy":"category","embeddable":true,"href":"https:\/\/tvtecjundiai.com.br\/news\/wp-json\/wp\/v2\/categories?post=74638"},{"taxonomy":"post_tag","embeddable":true,"href":"https:\/\/tvtecjundiai.com.br\/news\/wp-json\/wp\/v2\/tags?post=74638"}],"curies":[{"name":"wp","href":"https:\/\/api.w.org\/{rel}","templated":true}]}}