{"id":74647,"date":"2021-04-26T15:21:11","date_gmt":"2021-04-26T18:21:11","guid":{"rendered":"https:\/\/tvtecjundiai.com.br\/news\/?p=74647"},"modified":"2021-04-26T16:32:27","modified_gmt":"2021-04-26T19:32:27","slug":"leitores-da-tvtec-compartilham-fotos-de-suas-suculentas-1","status":"publish","type":"post","link":"https:\/\/tvtecjundiai.com.br\/news\/2021\/04\/26\/leitores-da-tvtec-compartilham-fotos-de-suas-suculentas-1\/","title":{"rendered":"Suas plantas na TVTEC: veja fotos das suculentas dos nossos seguidores"},"content":{"rendered":"\n<p>Quem assistiu ao \u00faltimo #Curiocidade da TVTEC p\u00f4de aprender um pouco mais sobre as suculentas, uma das plantas mais adoradas entre as pessoas, j\u00e1 que ela envolve pouco trabalho e resiste at\u00e9 mesmo aos \u201cdonos mais esquecidos\u201d.<\/p>\n\n\n\n<p>Muitos leitores aproveitaram para mandar fotos de suas suculentas \u2013 que, ali\u00e1s, \u00e9 o nome popular dado \u00e0 planta. Veja abaixo algumas das fotos enviadas pelos leitores.<\/p>\n\n\n\n<figure class=\"wp-block-image size-large\"><img loading=\"lazy\" decoding=\"async\" width=\"1200\" height=\"900\" src=\"https:\/\/tvtecjundiai.com.br\/news\/wp-content\/uploads\/sites\/2\/2021\/04\/Maria-Ademir-1200x900.jpeg\" alt=\"\" class=\"wp-image-74652\" srcset=\"https:\/\/tvtecjundiai.com.br\/news\/wp-content\/uploads\/sites\/2\/2021\/04\/Maria-Ademir-1200x900.jpeg 1200w, https:\/\/tvtecjundiai.com.br\/news\/wp-content\/uploads\/sites\/2\/2021\/04\/Maria-Ademir-300x225.jpeg 300w, https:\/\/tvtecjundiai.com.br\/news\/wp-content\/uploads\/sites\/2\/2021\/04\/Maria-Ademir-768x576.jpeg 768w, https:\/\/tvtecjundiai.com.br\/news\/wp-content\/uploads\/sites\/2\/2021\/04\/Maria-Ademir.jpeg 1280w\" sizes=\"auto, (max-width: 1200px) 100vw, 1200px\" \/><figcaption>Foto enviada por Maria Ademir<\/figcaption><\/figure>\n\n\n\n<div class=\"wp-block-image\"><figure class=\"aligncenter size-large is-resized\"><img loading=\"lazy\" decoding=\"async\" src=\"https:\/\/tvtecjundiai.com.br\/news\/wp-content\/uploads\/sites\/2\/2021\/04\/Marcia-Fernandes-540x960.jpeg\" alt=\"\" class=\"wp-image-74651\" width=\"492\" height=\"876\" srcset=\"https:\/\/tvtecjundiai.com.br\/news\/wp-content\/uploads\/sites\/2\/2021\/04\/Marcia-Fernandes-540x960.jpeg 540w, https:\/\/tvtecjundiai.com.br\/news\/wp-content\/uploads\/sites\/2\/2021\/04\/Marcia-Fernandes-281x500.jpeg 281w, https:\/\/tvtecjundiai.com.br\/news\/wp-content\/uploads\/sites\/2\/2021\/04\/Marcia-Fernandes.jpeg 720w\" sizes=\"auto, (max-width: 492px) 100vw, 492px\" \/><figcaption>Foto enviada por M\u00e1rcia Fernandes<\/figcaption><\/figure><\/div>\n\n\n\n<div class=\"wp-block-image\"><figure class=\"aligncenter size-large is-resized\"><img loading=\"lazy\" decoding=\"async\" src=\"https:\/\/tvtecjundiai.com.br\/news\/wp-content\/uploads\/sites\/2\/2021\/04\/BrunaPanzan-545x960.jpeg\" alt=\"\" class=\"wp-image-74648\" width=\"487\" height=\"856\" \/><figcaption>Foto enviada por Bruna Panzan<\/figcaption><\/figure><\/div>\n\n\n\n<div class=\"wp-block-image\"><figure class=\"aligncenter size-large is-resized\"><img loading=\"lazy\" decoding=\"async\" src=\"https:\/\/tvtecjundiai.com.br\/news\/wp-content\/uploads\/sites\/2\/2021\/04\/Celia-Carraro-1-540x960.jpeg\" alt=\"\" class=\"wp-image-74655\" width=\"489\" height=\"870\" srcset=\"https:\/\/tvtecjundiai.com.br\/news\/wp-content\/uploads\/sites\/2\/2021\/04\/Celia-Carraro-1-540x960.jpeg 540w, https:\/\/tvtecjundiai.com.br\/news\/wp-content\/uploads\/sites\/2\/2021\/04\/Celia-Carraro-1-281x500.jpeg 281w, https:\/\/tvtecjundiai.com.br\/news\/wp-content\/uploads\/sites\/2\/2021\/04\/Celia-Carraro-1.jpeg 585w\" sizes=\"auto, (max-width: 489px) 100vw, 489px\" \/><figcaption>Foto enviada por C\u00e9lia Carraro<\/figcaption><\/figure><\/div>\n\n\n\n<div class=\"wp-block-image\"><figure class=\"aligncenter size-large is-resized\"><img loading=\"lazy\" decoding=\"async\" src=\"https:\/\/tvtecjundiai.com.br\/news\/wp-content\/uploads\/sites\/2\/2021\/04\/Davi-Traldi-2-540x960.jpeg\" alt=\"\" class=\"wp-image-74658\" width=\"497\" height=\"883\" srcset=\"https:\/\/tvtecjundiai.com.br\/news\/wp-content\/uploads\/sites\/2\/2021\/04\/Davi-Traldi-2-540x960.jpeg 540w, https:\/\/tvtecjundiai.com.br\/news\/wp-content\/uploads\/sites\/2\/2021\/04\/Davi-Traldi-2-281x500.jpeg 281w, https:\/\/tvtecjundiai.com.br\/news\/wp-content\/uploads\/sites\/2\/2021\/04\/Davi-Traldi-2.jpeg 576w\" sizes=\"auto, (max-width: 497px) 100vw, 497px\" \/><figcaption>Foto enviada por Davi Traldi<\/figcaption><\/figure><\/div>\n\n\n\n<p><em>(Texto: TVTEC\/Imagens: Arquivo Pessoal)<\/em><\/p>\n","protected":false},"excerpt":{"rendered":"<p>Cultivo da planta foi tema do \u00faltimo #Curiocidade<\/p>\n","protected":false},"author":28,"featured_media":74678,"comment_status":"closed","ping_status":"closed","sticky":false,"template":"","format":"standard","meta":{"footnotes":""},"categories":[8356,1],"tags":[],"class_list":["post-74647","post","type-post","status-publish","format-standard","has-post-thumbnail","hentry","category-jundiai","category-noticias"],"_links":{"self":[{"href":"https:\/\/tvtecjundiai.com.br\/news\/wp-json\/wp\/v2\/posts\/74647","targetHints":{"allow":["GET"]}}],"collection":[{"href":"https:\/\/tvtecjundiai.com.br\/news\/wp-json\/wp\/v2\/posts"}],"about":[{"href":"https:\/\/tvtecjundiai.com.br\/news\/wp-json\/wp\/v2\/types\/post"}],"author":[{"embeddable":true,"href":"https:\/\/tvtecjundiai.com.br\/news\/wp-json\/wp\/v2\/users\/28"}],"replies":[{"embeddable":true,"href":"https:\/\/tvtecjundiai.com.br\/news\/wp-json\/wp\/v2\/comments?post=74647"}],"version-history":[{"count":7,"href":"https:\/\/tvtecjundiai.com.br\/news\/wp-json\/wp\/v2\/posts\/74647\/revisions"}],"predecessor-version":[{"id":74679,"href":"https:\/\/tvtecjundiai.com.br\/news\/wp-json\/wp\/v2\/posts\/74647\/revisions\/74679"}],"wp:featuredmedia":[{"embeddable":true,"href":"https:\/\/tvtecjundiai.com.br\/news\/wp-json\/wp\/v2\/media\/74678"}],"wp:attachment":[{"href":"https:\/\/tvtecjundiai.com.br\/news\/wp-json\/wp\/v2\/media?parent=74647"}],"wp:term":[{"taxonomy":"category","embeddable":true,"href":"https:\/\/tvtecjundiai.com.br\/news\/wp-json\/wp\/v2\/categories?post=74647"},{"taxonomy":"post_tag","embeddable":true,"href":"https:\/\/tvtecjundiai.com.br\/news\/wp-json\/wp\/v2\/tags?post=74647"}],"curies":[{"name":"wp","href":"https:\/\/api.w.org\/{rel}","templated":true}]}}