{"id":7469,"date":"2018-03-14T11:51:50","date_gmt":"2018-03-14T14:51:50","guid":{"rendered":"https:\/\/tvtecjundiai.com.br\/news\/?p=7469"},"modified":"2018-03-14T11:54:07","modified_gmt":"2018-03-14T14:54:07","slug":"cidades-procon-jundiai-adere-a-campanha-pela-saude-na-quinzena-do-consumidor","status":"publish","type":"post","link":"https:\/\/tvtecjundiai.com.br\/news\/2018\/03\/14\/cidades-procon-jundiai-adere-a-campanha-pela-saude-na-quinzena-do-consumidor\/","title":{"rendered":"Cidades: Procon Jundia\u00ed adere \u00e0 campanha pela sa\u00fade"},"content":{"rendered":"<div id=\"attachment_7470\" style=\"width: 410px\" class=\"wp-caption alignright\"><a href=\"https:\/\/tvtecjundiai.com.br\/news\/wp-content\/uploads\/sites\/2\/2018\/03\/slkjdhgksjd.jpg\"><img loading=\"lazy\" decoding=\"async\" aria-describedby=\"caption-attachment-7470\" class=\"wp-image-7470\" src=\"https:\/\/tvtecjundiai.com.br\/news\/wp-content\/uploads\/sites\/2\/2018\/03\/slkjdhgksjd-300x202.jpg\" alt=\"\" width=\"400\" height=\"270\" srcset=\"https:\/\/tvtecjundiai.com.br\/news\/wp-content\/uploads\/sites\/2\/2018\/03\/slkjdhgksjd-300x202.jpg 300w, https:\/\/tvtecjundiai.com.br\/news\/wp-content\/uploads\/sites\/2\/2018\/03\/slkjdhgksjd-768x518.jpg 768w, https:\/\/tvtecjundiai.com.br\/news\/wp-content\/uploads\/sites\/2\/2018\/03\/slkjdhgksjd-1200x809.jpg 1200w, https:\/\/tvtecjundiai.com.br\/news\/wp-content\/uploads\/sites\/2\/2018\/03\/slkjdhgksjd.jpg 1280w\" sizes=\"auto, (max-width: 400px) 100vw, 400px\" \/><\/a><p id=\"caption-attachment-7470\" class=\"wp-caption-text\">Procon M\u00f3vel fica no Poupatempo at\u00e9 esta sexta-feira (16), como parte da programa\u00e7\u00e3o da Quinzena do Consumidor<\/p><\/div>\n<p>Como parte da programa\u00e7\u00e3o da \u201cQuinzena do Consumidor\u201d, o Procon Jundia\u00ed aderiu \u00e0 campanha \u201cSa\u00fade na UTI\u201d. De acordo com a Funda\u00e7\u00e3o Procon S\u00e3o Paulo, que encabe\u00e7a a iniciativa com outras entidades de defesa dos direitos do consumidor, a campanha visa a alertar a popula\u00e7\u00e3o a respeito da vota\u00e7\u00e3o na C\u00e2mara dos Deputados sobre mudan\u00e7as na Lei de Planos de Sa\u00fade em benef\u00edcio das empresas, com preju\u00edzo para os consumidores de planos, como redu\u00e7\u00e3o de cobertura e rede de assist\u00eancia.<\/p>\n<p>Os interessados em participar podem assinar o manifesto na sede do Procon Jundia\u00ed, que fica na rua Bar\u00e3o de Jundia\u00ed, n\u00ba 153, anexo \u00e0 C\u00e2mara Municipal, ou no Procon M\u00f3vel, estacionado at\u00e9 esta sexta-feira (16), das 9h \u00e0s 16h, em frente ao Poupatempo, na avenida Uni\u00e3o dos Ferrovi\u00e1rios, 1760, Complexo Fepasa.<\/p>\n<p><strong>Programa\u00e7\u00e3o<\/strong><\/p>\n<p>Em comemora\u00e7\u00e3o ao Dia do Consumidor (15 de mar\u00e7o), a Quinzena do Consumidor traz, entre seus destaques, o lan\u00e7amento do site do Procon Jundia\u00ed, iniciativa in\u00e9dita desenvolvida pela Companhia de Inform\u00e1tica de Jundia\u00ed (Cijun), al\u00e9m do atendimento para orienta\u00e7\u00f5es e registro de reclama\u00e7\u00f5es, no Pouptempo; orienta\u00e7\u00f5es sobre financiamentos pelo Banco do Povo Paulista, na van do Procon M\u00f3vel e um jogo de tabuleiro interativo com alunos de escolas municipais sobre consumo consciente, direitos e deveres dos cidad\u00e3os e das empresas.<\/p>\n<p>O Procon Jundia\u00ed \u00e9 um \u00f3rg\u00e3o municipal vinculado \u00e0 Unidade de Gest\u00e3o de Neg\u00f3cios Jur\u00eddicos e Cidadania, conveniado \u00e0 Funda\u00e7\u00e3o Procon\/SP e integrante do Sistema Nacional de Defesa do Consumidor, que preza pela prote\u00e7\u00e3o e defesa do consumidor, com foco na transpar\u00eancia e harmoniza\u00e7\u00e3o das rela\u00e7\u00f5es de consumo.<\/p>\n<p><em>Fonte: Prefeitura de Jundia\u00ed<\/em><\/p>\n","protected":false},"excerpt":{"rendered":"<p>Os interessados podem assinar o manifesto na sede do Procon<\/p>\n","protected":false},"author":10,"featured_media":7470,"comment_status":"closed","ping_status":"closed","sticky":false,"template":"","format":"standard","meta":{"footnotes":""},"categories":[1],"tags":[5,191,2447,15],"class_list":["post-7469","post","type-post","status-publish","format-standard","has-post-thumbnail","hentry","category-noticias","tag-jundiai","tag-procon","tag-quinzena-do-consumidor","tag-tvtec"],"_links":{"self":[{"href":"https:\/\/tvtecjundiai.com.br\/news\/wp-json\/wp\/v2\/posts\/7469","targetHints":{"allow":["GET"]}}],"collection":[{"href":"https:\/\/tvtecjundiai.com.br\/news\/wp-json\/wp\/v2\/posts"}],"about":[{"href":"https:\/\/tvtecjundiai.com.br\/news\/wp-json\/wp\/v2\/types\/post"}],"author":[{"embeddable":true,"href":"https:\/\/tvtecjundiai.com.br\/news\/wp-json\/wp\/v2\/users\/10"}],"replies":[{"embeddable":true,"href":"https:\/\/tvtecjundiai.com.br\/news\/wp-json\/wp\/v2\/comments?post=7469"}],"version-history":[{"count":4,"href":"https:\/\/tvtecjundiai.com.br\/news\/wp-json\/wp\/v2\/posts\/7469\/revisions"}],"predecessor-version":[{"id":7474,"href":"https:\/\/tvtecjundiai.com.br\/news\/wp-json\/wp\/v2\/posts\/7469\/revisions\/7474"}],"wp:featuredmedia":[{"embeddable":true,"href":"https:\/\/tvtecjundiai.com.br\/news\/wp-json\/wp\/v2\/media\/7470"}],"wp:attachment":[{"href":"https:\/\/tvtecjundiai.com.br\/news\/wp-json\/wp\/v2\/media?parent=7469"}],"wp:term":[{"taxonomy":"category","embeddable":true,"href":"https:\/\/tvtecjundiai.com.br\/news\/wp-json\/wp\/v2\/categories?post=7469"},{"taxonomy":"post_tag","embeddable":true,"href":"https:\/\/tvtecjundiai.com.br\/news\/wp-json\/wp\/v2\/tags?post=7469"}],"curies":[{"name":"wp","href":"https:\/\/api.w.org\/{rel}","templated":true}]}}