{"id":74707,"date":"2021-04-26T18:18:50","date_gmt":"2021-04-26T21:18:50","guid":{"rendered":"https:\/\/tvtecjundiai.com.br\/news\/?p=74707"},"modified":"2021-04-27T09:24:57","modified_gmt":"2021-04-27T12:24:57","slug":"jundiai-abre-agendamento-para-d1-e-d2-de-vacinas-contra-a-covid-19","status":"publish","type":"post","link":"https:\/\/tvtecjundiai.com.br\/news\/2021\/04\/26\/jundiai-abre-agendamento-para-d1-e-d2-de-vacinas-contra-a-covid-19\/","title":{"rendered":"Jundia\u00ed abre agendamento para pessoas com 63 anos ou mais"},"content":{"rendered":"\n<p>Na ter\u00e7a-feira (27) e na quarta-feira (28) ser\u00e3o abertos agendamentos para aplica\u00e7\u00f5es de primeiras doses para 63 anos ou mais e segundas doses para idosos com 68 anos ou mais contra a COVID-19. O agendamento ser\u00e1 feito no APP Jundia\u00ed e no site da Prefeitura de Jundia\u00ed. Aos acamados e com mobilidade reduzida, o agendamento permanece sendo realizado pela Central de Agendamento de Consultas (CAC) pelo telefone 4531-8670.<\/p>\n\n\n\n<p>A partir das 16h desta ter\u00e7a-feira (27) ser\u00e1 aberto agendamento para segunda dose (D2) para os idosos com 68 anos ou mais que receberam a primeira aplica\u00e7\u00e3o at\u00e9 o dia 5 de abril da Coronavac. A aplica\u00e7\u00e3o ser\u00e1 a partir das 28, quarta-feira, em pontos estrat\u00e9gicos da cidade. Para esses idosos \u00e9 essencial levar o comprovante de vacina\u00e7\u00e3o e um documento com foto, al\u00e9m do CPF.<\/p>\n\n\n\n<figure class=\"wp-block-image size-large\"><img loading=\"lazy\" decoding=\"async\" width=\"1200\" height=\"801\" src=\"https:\/\/tvtecjundiai.com.br\/news\/wp-content\/uploads\/sites\/2\/2021\/04\/vacinacao-65-parque-da-uva-3-1200x801.jpg\" alt=\"\" class=\"wp-image-74708\" srcset=\"https:\/\/tvtecjundiai.com.br\/news\/wp-content\/uploads\/sites\/2\/2021\/04\/vacinacao-65-parque-da-uva-3-1200x801.jpg 1200w, https:\/\/tvtecjundiai.com.br\/news\/wp-content\/uploads\/sites\/2\/2021\/04\/vacinacao-65-parque-da-uva-3-300x200.jpg 300w, https:\/\/tvtecjundiai.com.br\/news\/wp-content\/uploads\/sites\/2\/2021\/04\/vacinacao-65-parque-da-uva-3-768x512.jpg 768w, https:\/\/tvtecjundiai.com.br\/news\/wp-content\/uploads\/sites\/2\/2021\/04\/vacinacao-65-parque-da-uva-3.jpg 1280w\" sizes=\"auto, (max-width: 1200px) 100vw, 1200px\" \/><figcaption>Vacina\u00e7\u00e3o contra COVID-19 ter\u00e1 novos agendamentos abertos para D1 e D2<\/figcaption><\/figure>\n\n\n\n<p>J\u00e1 na quarta-feira (28), \u00e0s 11h, o agendamento ser\u00e1 aberto para idosos com 63 anos ou mais que ainda n\u00e3o tomaram a primeira dose de vacina contra a COVID-19. A aplica\u00e7\u00e3o para este grupo ser\u00e1 a partir de quinta-feira (29). Ap\u00f3s o agendamento, \u00e9 essencial que a pessoa fa\u00e7a o cadastro no site VacinaJ\u00e1 para facilitar o registro da dose.<\/p>\n\n\n\n<p>Em ambos os casos, nos dias, hor\u00e1rios e locais escolhidos, ser\u00e1 poss\u00edvel colaborar com a Campanha Vacina\u00e7\u00e3o Solid\u00e1ria com a doa\u00e7\u00e3o de um quilo de alimento n\u00e3o perec\u00edvel para o Fundo Social de Solidariedade (Funss).<\/p>\n\n\n\n<p><strong>Retirada de grades<br><\/strong>Nesta ter\u00e7a-feira (27), equipe da Prefeitura de Jundia\u00ed ir\u00e1 at\u00e9 o Departamento Regional de Sa\u00fade (DRS) Campinas para a retirada da grade de vacinas contra a COVID-19 que atender\u00e1 aos p\u00fablicos acima citados. Ao todo ser\u00e3o 7.580 doses para D1 e D2 dos p\u00fablicos 63+ e 68+, respectivamente.<\/p>\n\n\n\n<p><em>(Texto\/Imagem: Prefeitura de Jundia\u00ed)<\/em><\/p>\n","protected":false},"excerpt":{"rendered":"<p>A aplica\u00e7\u00e3o ser\u00e1 a partir do dia 28, quarta-feira, em pontos estrat\u00e9gicos da cidade.<\/p>\n","protected":false},"author":28,"featured_media":74708,"comment_status":"closed","ping_status":"closed","sticky":false,"template":"","format":"standard","meta":{"footnotes":""},"categories":[8356,1],"tags":[],"class_list":["post-74707","post","type-post","status-publish","format-standard","has-post-thumbnail","hentry","category-jundiai","category-noticias"],"_links":{"self":[{"href":"https:\/\/tvtecjundiai.com.br\/news\/wp-json\/wp\/v2\/posts\/74707","targetHints":{"allow":["GET"]}}],"collection":[{"href":"https:\/\/tvtecjundiai.com.br\/news\/wp-json\/wp\/v2\/posts"}],"about":[{"href":"https:\/\/tvtecjundiai.com.br\/news\/wp-json\/wp\/v2\/types\/post"}],"author":[{"embeddable":true,"href":"https:\/\/tvtecjundiai.com.br\/news\/wp-json\/wp\/v2\/users\/28"}],"replies":[{"embeddable":true,"href":"https:\/\/tvtecjundiai.com.br\/news\/wp-json\/wp\/v2\/comments?post=74707"}],"version-history":[{"count":5,"href":"https:\/\/tvtecjundiai.com.br\/news\/wp-json\/wp\/v2\/posts\/74707\/revisions"}],"predecessor-version":[{"id":74723,"href":"https:\/\/tvtecjundiai.com.br\/news\/wp-json\/wp\/v2\/posts\/74707\/revisions\/74723"}],"wp:featuredmedia":[{"embeddable":true,"href":"https:\/\/tvtecjundiai.com.br\/news\/wp-json\/wp\/v2\/media\/74708"}],"wp:attachment":[{"href":"https:\/\/tvtecjundiai.com.br\/news\/wp-json\/wp\/v2\/media?parent=74707"}],"wp:term":[{"taxonomy":"category","embeddable":true,"href":"https:\/\/tvtecjundiai.com.br\/news\/wp-json\/wp\/v2\/categories?post=74707"},{"taxonomy":"post_tag","embeddable":true,"href":"https:\/\/tvtecjundiai.com.br\/news\/wp-json\/wp\/v2\/tags?post=74707"}],"curies":[{"name":"wp","href":"https:\/\/api.w.org\/{rel}","templated":true}]}}