{"id":74720,"date":"2021-04-27T08:46:33","date_gmt":"2021-04-27T11:46:33","guid":{"rendered":"https:\/\/tvtecjundiai.com.br\/news\/?p=74720"},"modified":"2021-04-27T08:46:33","modified_gmt":"2021-04-27T11:46:33","slug":"jundiai-recebe-7-580-doses-de-vacina-contra-a-covid-19-nesta-terca-27","status":"publish","type":"post","link":"https:\/\/tvtecjundiai.com.br\/news\/2021\/04\/27\/jundiai-recebe-7-580-doses-de-vacina-contra-a-covid-19-nesta-terca-27\/","title":{"rendered":"Jundia\u00ed recebe 7.580 doses de vacina contra a COVID-19 nesta ter\u00e7a (27)"},"content":{"rendered":"\n<p>Nesta ter\u00e7a-feira (27), a equipe da Prefeitura de Jundia\u00ed ir\u00e1 at\u00e9 o Departamento Regional de Sa\u00fade (DRS) Campinas para a retirada da grade de vacinas contra a COVID-19. Ao todo ser\u00e3o 7.580 doses para D1 e D2 dos p\u00fablicos 63+ e 68+, respectivamente.<\/p>\n\n\n\n<p>Na ter\u00e7a-feira (27) e na quarta-feira (28), ser\u00e3o abertos agendamentos para aplica\u00e7\u00f5es de primeiras doses para 63 anos ou mais e segundas doses para idosos com 68 anos ou mais contra a COVID-19. O agendamento ser\u00e1 feito no APP Jundia\u00ed e no site da Prefeitura de Jundia\u00ed. Aos acamados e com mobilidade reduzida, o agendamento permanece sendo realizado pela Central de Agendamento de Consultas (CAC) pelo telefone 4531-8670.<\/p>\n\n\n\n<p>A partir das 16h desta ter\u00e7a-feira (27) ser\u00e1 aberto agendamento para segunda dose (D2) para os idosos com 68 anos ou mais que receberam a primeira aplica\u00e7\u00e3o at\u00e9 o dia 5 de abril da Coronavac. A aplica\u00e7\u00e3o ser\u00e1 a partir das 28, quarta-feira, em pontos estrat\u00e9gicos da cidade. Para esses idosos \u00e9 essencial levar o comprovante de vacina\u00e7\u00e3o e um documento com foto, al\u00e9m do CPF.<\/p>\n\n\n\n<p>J\u00e1 na quarta-feira (28), \u00e0s 11h, o agendamento ser\u00e1 aberto para idosos com 63 anos ou mais que ainda n\u00e3o tomaram a primeira dose de vacina contra a COVID-19. A aplica\u00e7\u00e3o para este grupo ser\u00e1 a partir de quinta-feira (29). Ap\u00f3s o agendamento, \u00e9 essencial que a pessoa fa\u00e7a o cadastro no site VacinaJ\u00e1 para facilitar o registro da dose.<\/p>\n\n\n\n<p>Em ambos os casos, nos dias, hor\u00e1rios e locais escolhidos, ser\u00e1 poss\u00edvel colaborar com a Campanha Vacina\u00e7\u00e3o Solid\u00e1ria com a doa\u00e7\u00e3o de um quilo de alimento n\u00e3o perec\u00edvel para o Fundo Social de Solidariedade (Funss).<\/p>\n\n\n\n<p><em>(Fonte\/Imagem: Prefeitura de Jundia\u00ed)<\/em><\/p>\n","protected":false},"excerpt":{"rendered":"<p>Vacina\u00e7\u00e3o contra COVID-19 ter\u00e1 novos agendamentos abertos para D1 e D2 esta semana <\/p>\n","protected":false},"author":25,"featured_media":74721,"comment_status":"closed","ping_status":"closed","sticky":false,"template":"","format":"standard","meta":{"footnotes":""},"categories":[1,2839],"tags":[],"class_list":["post-74720","post","type-post","status-publish","format-standard","has-post-thumbnail","hentry","category-noticias","category-saude"],"_links":{"self":[{"href":"https:\/\/tvtecjundiai.com.br\/news\/wp-json\/wp\/v2\/posts\/74720","targetHints":{"allow":["GET"]}}],"collection":[{"href":"https:\/\/tvtecjundiai.com.br\/news\/wp-json\/wp\/v2\/posts"}],"about":[{"href":"https:\/\/tvtecjundiai.com.br\/news\/wp-json\/wp\/v2\/types\/post"}],"author":[{"embeddable":true,"href":"https:\/\/tvtecjundiai.com.br\/news\/wp-json\/wp\/v2\/users\/25"}],"replies":[{"embeddable":true,"href":"https:\/\/tvtecjundiai.com.br\/news\/wp-json\/wp\/v2\/comments?post=74720"}],"version-history":[{"count":1,"href":"https:\/\/tvtecjundiai.com.br\/news\/wp-json\/wp\/v2\/posts\/74720\/revisions"}],"predecessor-version":[{"id":74722,"href":"https:\/\/tvtecjundiai.com.br\/news\/wp-json\/wp\/v2\/posts\/74720\/revisions\/74722"}],"wp:featuredmedia":[{"embeddable":true,"href":"https:\/\/tvtecjundiai.com.br\/news\/wp-json\/wp\/v2\/media\/74721"}],"wp:attachment":[{"href":"https:\/\/tvtecjundiai.com.br\/news\/wp-json\/wp\/v2\/media?parent=74720"}],"wp:term":[{"taxonomy":"category","embeddable":true,"href":"https:\/\/tvtecjundiai.com.br\/news\/wp-json\/wp\/v2\/categories?post=74720"},{"taxonomy":"post_tag","embeddable":true,"href":"https:\/\/tvtecjundiai.com.br\/news\/wp-json\/wp\/v2\/tags?post=74720"}],"curies":[{"name":"wp","href":"https:\/\/api.w.org\/{rel}","templated":true}]}}