{"id":74728,"date":"2021-04-27T09:57:39","date_gmt":"2021-04-27T12:57:39","guid":{"rendered":"https:\/\/tvtecjundiai.com.br\/news\/?p=74728"},"modified":"2021-04-27T09:57:39","modified_gmt":"2021-04-27T12:57:39","slug":"butantan-localiza-variante-suica-do-novo-coronavirus-em-sao-paulo","status":"publish","type":"post","link":"https:\/\/tvtecjundiai.com.br\/news\/2021\/04\/27\/butantan-localiza-variante-suica-do-novo-coronavirus-em-sao-paulo\/","title":{"rendered":"Butantan localiza variante su\u00ed\u00e7a do novo coronav\u00edrus em S\u00e3o Paulo"},"content":{"rendered":"\n<p>Pesquisadores do Instituto Butantan identificaram, pela primeira vez no estado de S\u00e3o Paulo, a presen\u00e7a da variante su\u00ed\u00e7a do novo coronav\u00edrus, a B.1.1.38. Al\u00e9m disso, a rede de monitoramento identificou um novo caso da variante sul-africana, a B.1.351.<\/p>\n\n\n\n<p>Muta\u00e7\u00f5es fazem parte da din\u00e2mica natural dos v\u00edrus, e nem todas as variantes formadas viram motivo de alerta para os cientistas. A variante sul-africana B.1.351\u00e9 considerada uma &#8220;variante de preocupa\u00e7\u00e3o&#8221;, assim como a brasileira P.1, ambas com muta\u00e7\u00f5es associadas a um maior potencial de transmiss\u00e3o.<\/p>\n\n\n\n<p>Em um n\u00edvel inferior de alerta est\u00e3o as chamadas &#8220;variante de interesse&#8221;, classifica\u00e7\u00e3o que indica que ela \u00e9 acompanhada com aten\u00e7\u00e3o, mas ainda n\u00e3o foi ligada ao agravamento da pandemia. No caso, a su\u00ed\u00e7a B.1.1.38 \u00e9 monitorada, mas ainda n\u00e3o entrou em nenhuma das duas classifica\u00e7\u00f5es internacionais anteriores.<\/p>\n\n\n\n<div class=\"wp-block-image\"><figure class=\"aligncenter size-large\"><img loading=\"lazy\" decoding=\"async\" width=\"1008\" height=\"646\" src=\"https:\/\/tvtecjundiai.com.br\/news\/wp-content\/uploads\/sites\/2\/2021\/04\/ap21028559039124-1.jpg\" alt=\"\" class=\"wp-image-74729\" srcset=\"https:\/\/tvtecjundiai.com.br\/news\/wp-content\/uploads\/sites\/2\/2021\/04\/ap21028559039124-1.jpg 1008w, https:\/\/tvtecjundiai.com.br\/news\/wp-content\/uploads\/sites\/2\/2021\/04\/ap21028559039124-1-300x192.jpg 300w, https:\/\/tvtecjundiai.com.br\/news\/wp-content\/uploads\/sites\/2\/2021\/04\/ap21028559039124-1-768x492.jpg 768w\" sizes=\"auto, (max-width: 1008px) 100vw, 1008px\" \/><\/figure><\/div>\n\n\n\n<p>A variante su\u00ed\u00e7a \u2013 identificada pelo Butantan em uma amostra da cidade de Itapecerica da Serra, a cerca de 40 km da capital paulista \u2013 j\u00e1 tinha sido reportada ao menos uma vez em uma an\u00e1lise de Santa Catarina divulgada no come\u00e7o de mar\u00e7o.<\/p>\n\n\n\n<p>A sul-africana, antes verificada em dois pacientes de Sorocaba, no sudoeste do estado, agora foi confirmada em uma amostra coletada na Baixada Santista, no litoral de S\u00e3o Paulo.<\/p>\n\n\n\n<p>Todas as an\u00e1lises foram feitas em amostras coletadas na semana passada.<\/p>\n\n\n\n<p><em>(Fonte\/Imagem: G1)<\/em><\/p>\n","protected":false},"excerpt":{"rendered":"<p>Estudos agora v\u00e3o avaliar como a doen\u00e7a vai afetar os pacientes infectados<\/p>\n","protected":false},"author":25,"featured_media":74730,"comment_status":"closed","ping_status":"closed","sticky":false,"template":"","format":"standard","meta":{"footnotes":""},"categories":[29,1,2839],"tags":[],"class_list":["post-74728","post","type-post","status-publish","format-standard","has-post-thumbnail","hentry","category-destaque","category-noticias","category-saude"],"_links":{"self":[{"href":"https:\/\/tvtecjundiai.com.br\/news\/wp-json\/wp\/v2\/posts\/74728","targetHints":{"allow":["GET"]}}],"collection":[{"href":"https:\/\/tvtecjundiai.com.br\/news\/wp-json\/wp\/v2\/posts"}],"about":[{"href":"https:\/\/tvtecjundiai.com.br\/news\/wp-json\/wp\/v2\/types\/post"}],"author":[{"embeddable":true,"href":"https:\/\/tvtecjundiai.com.br\/news\/wp-json\/wp\/v2\/users\/25"}],"replies":[{"embeddable":true,"href":"https:\/\/tvtecjundiai.com.br\/news\/wp-json\/wp\/v2\/comments?post=74728"}],"version-history":[{"count":1,"href":"https:\/\/tvtecjundiai.com.br\/news\/wp-json\/wp\/v2\/posts\/74728\/revisions"}],"predecessor-version":[{"id":74731,"href":"https:\/\/tvtecjundiai.com.br\/news\/wp-json\/wp\/v2\/posts\/74728\/revisions\/74731"}],"wp:featuredmedia":[{"embeddable":true,"href":"https:\/\/tvtecjundiai.com.br\/news\/wp-json\/wp\/v2\/media\/74730"}],"wp:attachment":[{"href":"https:\/\/tvtecjundiai.com.br\/news\/wp-json\/wp\/v2\/media?parent=74728"}],"wp:term":[{"taxonomy":"category","embeddable":true,"href":"https:\/\/tvtecjundiai.com.br\/news\/wp-json\/wp\/v2\/categories?post=74728"},{"taxonomy":"post_tag","embeddable":true,"href":"https:\/\/tvtecjundiai.com.br\/news\/wp-json\/wp\/v2\/tags?post=74728"}],"curies":[{"name":"wp","href":"https:\/\/api.w.org\/{rel}","templated":true}]}}