{"id":74747,"date":"2021-04-27T15:05:46","date_gmt":"2021-04-27T18:05:46","guid":{"rendered":"https:\/\/tvtecjundiai.com.br\/news\/?p=74747"},"modified":"2021-04-27T15:31:00","modified_gmt":"2021-04-27T18:31:00","slug":"curso-em-familia-alunos-da-tvtec-se-jogam-na-cozinha-em-negocio-de-doces-artesanais-1","status":"publish","type":"post","link":"https:\/\/tvtecjundiai.com.br\/news\/2021\/04\/27\/curso-em-familia-alunos-da-tvtec-se-jogam-na-cozinha-em-negocio-de-doces-artesanais-1\/","title":{"rendered":"Curso em fam\u00edlia: alunos da TVTEC se jogam na cozinha em neg\u00f3cio de doces artesanais"},"content":{"rendered":"\n<p>A aluna da TVTEC Bianca Heloisa F\u00f3dra, 24 anos, come\u00e7ou a vender bolos de pote, l\u00e1 em 2011, para os colegas da escola com o intuito de custear a formatura do ensino fundamental. Inspirada pela boa experi\u00eancia, Bianca decidiu continuar no ramo, dessa vez com o objetivo de viajar ao Rio de Janeiro e comprar uma c\u00e2mera fotogr\u00e1fica melhor, j\u00e1 que ela tamb\u00e9m \u00e9 fot\u00f3grafa.<\/p>\n\n\n\n<p>Mas foi em 2017 que a fam\u00edlia de Bianca decidiu entrar junto no neg\u00f3cio. A m\u00e3e, Isabel Cristina, decidiu investir na venda de brigadeiros junto com a filha e foi a\u00ed que surgiu a marca \u201cHummm! Doce a Mais!\u201d. \u201cAs vendas aconteciam de porta a porta\u201d, explica o pai Jos\u00e9 Lu\u00eds F\u00f3dra, que junto com a m\u00e3e de Bianca, Isabel Cristina e a irm\u00e3, Laura, tocam em conjunto o neg\u00f3cio da fam\u00edlia.<\/p>\n\n\n\n<div class=\"wp-block-image\"><figure class=\"aligncenter size-large is-resized\"><img loading=\"lazy\" decoding=\"async\" src=\"https:\/\/tvtecjundiai.com.br\/news\/wp-content\/uploads\/sites\/2\/2021\/04\/WhatsApp-Image-2021-04-27-at-11.41.05-768x960.jpeg\" alt=\"\" class=\"wp-image-74748\" width=\"393\" height=\"491\" srcset=\"https:\/\/tvtecjundiai.com.br\/news\/wp-content\/uploads\/sites\/2\/2021\/04\/WhatsApp-Image-2021-04-27-at-11.41.05-768x960.jpeg 768w, https:\/\/tvtecjundiai.com.br\/news\/wp-content\/uploads\/sites\/2\/2021\/04\/WhatsApp-Image-2021-04-27-at-11.41.05-300x375.jpeg 300w, https:\/\/tvtecjundiai.com.br\/news\/wp-content\/uploads\/sites\/2\/2021\/04\/WhatsApp-Image-2021-04-27-at-11.41.05.jpeg 1024w\" sizes=\"auto, (max-width: 393px) 100vw, 393px\" \/><figcaption>Bianca levou toda a fam\u00edlia para a cozinha<\/figcaption><\/figure><\/div>\n\n\n\n<p>Mas, assim como aconteceu com outros brasileiros, a fam\u00edlia precisou se reinventar com a chegada da pandemia. \u201cEsse ano, por conta da pandemia e do distanciamento entre as pessoas, a Isabel desenvolveu a linha de biscoitos afetivos e artesanais decorados \u00e0 m\u00e3o\u201d, lembra Jos\u00e9.<\/p>\n\n\n\n<p>A fam\u00edlia ent\u00e3o passou a se dedicar \u00e0 confec\u00e7\u00e3o de doces artesanais e decidiu investir em conhecimento. \u201cVimos a divulga\u00e7\u00e3o da mentoria da TVTEC e achamos que poderia nos ajudar a entender melhor o funcionamento da comunica\u00e7\u00e3o atrav\u00e9s do Instagram\u201d, explica Jos\u00e9. \u201cEm pouco tempo, usando o que aprendemos na mentoria, estamos percebendo um aumento das visualiza\u00e7\u00f5es e das intera\u00e7\u00f5es nas postagens que fazemos\u201d, comemora a fam\u00edlia.<\/p>\n\n\n\n<div class=\"wp-block-image\"><figure class=\"aligncenter size-large is-resized\"><img loading=\"lazy\" decoding=\"async\" src=\"https:\/\/tvtecjundiai.com.br\/news\/wp-content\/uploads\/sites\/2\/2021\/04\/fodra-1200x899.jpg\" alt=\"\" class=\"wp-image-74750\" width=\"683\" height=\"511\" srcset=\"https:\/\/tvtecjundiai.com.br\/news\/wp-content\/uploads\/sites\/2\/2021\/04\/fodra-1200x899.jpg 1200w, https:\/\/tvtecjundiai.com.br\/news\/wp-content\/uploads\/sites\/2\/2021\/04\/fodra-300x225.jpg 300w, https:\/\/tvtecjundiai.com.br\/news\/wp-content\/uploads\/sites\/2\/2021\/04\/fodra-768x575.jpg 768w, https:\/\/tvtecjundiai.com.br\/news\/wp-content\/uploads\/sites\/2\/2021\/04\/fodra.jpg 1280w\" sizes=\"auto, (max-width: 683px) 100vw, 683px\" \/><figcaption>Isabel Cristina, Laura, Bianca e Jos\u00e9: fam\u00edlia unida at\u00e9 mesmo nos neg\u00f3cios<\/figcaption><\/figure><\/div>\n\n\n\n<p>Para mais informa\u00e7\u00f5es sobre os cursos da TVTEC, basta acessar o link <a href=\"https:\/\/bit.ly\/3xjPIj4\">https:\/\/bit.ly\/3xjPIj4<\/a><\/p>\n\n\n\n<p><em>(Texto: TVTEC\/Imagens: Arquivo Pessoal)<\/em><\/p>\n","protected":false},"excerpt":{"rendered":"<p>A filha Bianca come\u00e7ou a vender bolos de pote para pagar formatura da escola e hoje toda a fam\u00edlia ajuda no neg\u00f3cio<\/p>\n","protected":false},"author":28,"featured_media":74781,"comment_status":"closed","ping_status":"closed","sticky":false,"template":"","format":"standard","meta":{"footnotes":""},"categories":[1],"tags":[],"class_list":["post-74747","post","type-post","status-publish","format-standard","has-post-thumbnail","hentry","category-noticias"],"_links":{"self":[{"href":"https:\/\/tvtecjundiai.com.br\/news\/wp-json\/wp\/v2\/posts\/74747","targetHints":{"allow":["GET"]}}],"collection":[{"href":"https:\/\/tvtecjundiai.com.br\/news\/wp-json\/wp\/v2\/posts"}],"about":[{"href":"https:\/\/tvtecjundiai.com.br\/news\/wp-json\/wp\/v2\/types\/post"}],"author":[{"embeddable":true,"href":"https:\/\/tvtecjundiai.com.br\/news\/wp-json\/wp\/v2\/users\/28"}],"replies":[{"embeddable":true,"href":"https:\/\/tvtecjundiai.com.br\/news\/wp-json\/wp\/v2\/comments?post=74747"}],"version-history":[{"count":2,"href":"https:\/\/tvtecjundiai.com.br\/news\/wp-json\/wp\/v2\/posts\/74747\/revisions"}],"predecessor-version":[{"id":74764,"href":"https:\/\/tvtecjundiai.com.br\/news\/wp-json\/wp\/v2\/posts\/74747\/revisions\/74764"}],"wp:featuredmedia":[{"embeddable":true,"href":"https:\/\/tvtecjundiai.com.br\/news\/wp-json\/wp\/v2\/media\/74781"}],"wp:attachment":[{"href":"https:\/\/tvtecjundiai.com.br\/news\/wp-json\/wp\/v2\/media?parent=74747"}],"wp:term":[{"taxonomy":"category","embeddable":true,"href":"https:\/\/tvtecjundiai.com.br\/news\/wp-json\/wp\/v2\/categories?post=74747"},{"taxonomy":"post_tag","embeddable":true,"href":"https:\/\/tvtecjundiai.com.br\/news\/wp-json\/wp\/v2\/tags?post=74747"}],"curies":[{"name":"wp","href":"https:\/\/api.w.org\/{rel}","templated":true}]}}