{"id":74752,"date":"2021-04-27T13:59:22","date_gmt":"2021-04-27T16:59:22","guid":{"rendered":"https:\/\/tvtecjundiai.com.br\/news\/?p=74752"},"modified":"2021-04-27T14:09:36","modified_gmt":"2021-04-27T17:09:36","slug":"governo-preve-imunizar-pessoas-com-comorbidades-deficiencia-e-gravidas-ate-o-fim-de-maio","status":"publish","type":"post","link":"https:\/\/tvtecjundiai.com.br\/news\/2021\/04\/27\/governo-preve-imunizar-pessoas-com-comorbidades-deficiencia-e-gravidas-ate-o-fim-de-maio\/","title":{"rendered":"Governo prev\u00ea imunizar pessoas com comorbidades, defici\u00eancia e gr\u00e1vidas at\u00e9 o fim de maio"},"content":{"rendered":"\n<p>Em nova etapa da campanha nacional de imuniza\u00e7\u00e3o contra a COVID-19, o Minist\u00e9rio da Sa\u00fade prev\u00ea aplicar, at\u00e9 o fim de maio, pelo menos a primeira dose da vacina em pessoas com doen\u00e7as pr\u00e9vias como diabetes e hipertens\u00e3o, defici\u00eancia permanente, gestantes e pu\u00e9rperas.<\/p>\n\n\n\n<p>Dentro deste grupo, a orienta\u00e7\u00e3o do governo federal \u00e9 priorizar a imuniza\u00e7\u00e3o das pessoas com s\u00edndrome de down; doen\u00e7a renal que fazem di\u00e1lise; com defici\u00eancia permanente (de 55 a 59 anos e cadastradas no Programa de Benef\u00edcio de Presta\u00e7\u00e3o Continuada); com comorbidades (de 55 a 59 anos), al\u00e9m de gestantes e pu\u00e9rperas com comorbidades. Em uma segunda etapa, a recomenda\u00e7\u00e3o \u00e9 imunizar pessoas mais jovens que apresentam estas mesmas condi\u00e7\u00f5es (a ordem de prioridade \u00e9 detalhada no fim deste texto).<\/p>\n\n\n\n<p>Esses grupos j\u00e1 estavam previstos no plano de vacina\u00e7\u00e3o para a COVID-19, mas sem o detalhamento de prazos e a ordem de prioridades. Antes, o governo enviou doses para a imuniza\u00e7\u00e3o de grupos como trabalhadores da sa\u00fade, pessoas com mais de 60 anos, povos ind\u00edgenas, al\u00e9m de parte das for\u00e7as de seguran\u00e7a, salvamento e For\u00e7as Armadas.<\/p>\n\n\n\n<p>Em nota t\u00e9cnica, o minist\u00e9rio prev\u00ea que os novos grupos ser\u00e3o vacinados at\u00e9 o fim de maio, mas pondera que esta programa\u00e7\u00e3o est\u00e1 \u201csujeita a altera\u00e7\u00f5es a depender da entrega efetiva de vacinas\u201d. Estados e munic\u00edpios podem alterar a ordem de vacina\u00e7\u00e3o, mas a Sa\u00fade alerta que \u00e9 importante destinar doses aos grupos determinados no plano nacional.<\/p>\n\n\n\n<figure class=\"wp-block-image size-large\"><img loading=\"lazy\" decoding=\"async\" width=\"1200\" height=\"800\" src=\"https:\/\/tvtecjundiai.com.br\/news\/wp-content\/uploads\/sites\/2\/2021\/01\/vacinas_covid_clinica_da_familia_novo_horizonte-189-1200x800.jpg\" alt=\"\" class=\"wp-image-70806\" srcset=\"https:\/\/tvtecjundiai.com.br\/news\/wp-content\/uploads\/sites\/2\/2021\/01\/vacinas_covid_clinica_da_familia_novo_horizonte-189-1200x800.jpg 1200w, https:\/\/tvtecjundiai.com.br\/news\/wp-content\/uploads\/sites\/2\/2021\/01\/vacinas_covid_clinica_da_familia_novo_horizonte-189-300x200.jpg 300w, https:\/\/tvtecjundiai.com.br\/news\/wp-content\/uploads\/sites\/2\/2021\/01\/vacinas_covid_clinica_da_familia_novo_horizonte-189-768x512.jpg 768w, https:\/\/tvtecjundiai.com.br\/news\/wp-content\/uploads\/sites\/2\/2021\/01\/vacinas_covid_clinica_da_familia_novo_horizonte-189.jpg 1280w\" sizes=\"auto, (max-width: 1200px) 100vw, 1200px\" \/><figcaption>Estados e munic\u00edpios podem alterar a ordem de vacina\u00e7\u00e3o contra a COVID-19<\/figcaption><\/figure>\n\n\n\n<p>O minist\u00e9rio estima que mais de 25 milh\u00f5es de pessoas ser\u00e3o vacinadas nesta nova etapa. Trata-se do grupo mais volumoso previsto no plano nacional de vacina\u00e7\u00e3o contra a COVID-19. At\u00e9 agora, a Sa\u00fade afirma que pelo menos 27,45 milh\u00f5es de pessoas j\u00e1 receberam ao menos a primeira dose do imunizante no Pa\u00eds.<\/p>\n\n\n\n<p>Segundo edi\u00e7\u00e3o mais recente do plano nacional de vacina\u00e7\u00e3o da COVID-19, de 15 de mar\u00e7o, s\u00e3o consideradas doen\u00e7as pr\u00e9-existentes que podem agravar a covid-19 (comorbidades) a diabetes; hipertens\u00e3o arterial resistente e doen\u00e7as cardiovasculares. Tamb\u00e9m s\u00e3o prioridades nestes grupos os pacientes com doen\u00e7a cerebrovascular; doen\u00e7a renal cr\u00f4nica; anemia falciforme; obesidade m\u00f3rbida; s\u00edndrome de down; cirrose hep\u00e1tica e imunossuprimidos (incluindo pessoas que vivem com o HIV).<\/p>\n\n\n\n<p>Em reuni\u00e3o no Senado, na segunda-feira, 26, o secret\u00e1rio-executivo da Sa\u00fade, Rodrigo Cruz, disse que todos os grupos priorit\u00e1rios devem receber pelo menos a primeira dose da vacina at\u00e9 a primeira quinzena de junho. A partir desta data, pessoas de fora da lista de prioridades do plano nacional de vacina\u00e7\u00e3o poderiam receber os imunizantes. Em setembro, todos os grupos priorit\u00e1rios j\u00e1 teriam recebido a segunda dose, disse Cruz.<\/p>\n\n\n\n<p>O minist\u00e9rio orienta que gestantes devem comprovar a condi\u00e7\u00e3o de risco por doen\u00e7as pr\u00e9-existentes (comorbidades) por meio de \u201cexames, receitas, relat\u00f3rio m\u00e9dico, prescri\u00e7\u00e3o m\u00e9dica, etc\u201d. Tamb\u00e9m podem ser usados cadastros j\u00e1 existentes em unidades de sa\u00fade. A vacina\u00e7\u00e3o deve ocorrer independentemente da idade gestacional e o teste de gravidez n\u00e3o \u00e9 um pr\u00e9-requisito, afirma a Sa\u00fade. No caso da pu\u00e9rpera, n\u00e3o \u00e9 preciso interromper o aleitamento materno para receber a vacina. Gestantes e pu\u00e9rperas poderiam receber vacinas de v\u00edrus inativado, vetor viral ou mRNA, ou seja, n\u00e3o h\u00e1 restri\u00e7\u00e3o sobre os imunizantes Coronavac, Oxford\/AstraZeneca, Pfizer e Janssen, j\u00e1 aprovados no Brasil.<\/p>\n\n\n\n<p>O governo federal tamb\u00e9m recomenda que a vacina\u00e7\u00e3o de pessoas com doen\u00e7a renal cr\u00f4nica dial\u00edtica seja feita dentro das cl\u00ednicas de di\u00e1lise. Ainda \u00e9 poss\u00edvel receber as doses em salas de vacina\u00e7\u00e3o, mas a Sa\u00fade orienta que, neste caso, a doen\u00e7a seja comprovada por meio de exames ou indica\u00e7\u00e3o m\u00e9dica.<\/p>\n\n\n\n<p><strong>Segunda dose<br><\/strong>Em outras duas notas t\u00e9cnicas tamb\u00e9m enviadas a gestores do SUS, o minist\u00e9rio refor\u00e7a que \u00e9 preciso seguir orienta\u00e7\u00f5es sobre percentuais de lotes de vacinas que devem ser reservados para garantir a aplica\u00e7\u00e3o da segunda dose. A pasta recomenda que a segunda dose seja tomada mesmo ap\u00f3s o prazo previsto na bula, de at\u00e9 4 semanas. No caso da vacina da AstraZeneca\/Oxford, o intervalo entre as doses \u00e9 de at\u00e9 3 meses.<\/p>\n\n\n\n<p>O governo federal reconhece que h\u00e1 \u201creduzida quantidade de doses previstas para as pr\u00f3ximas remessas\u201d da Coronavac, mas afirma que h\u00e1 compromisso de garantir a aplica\u00e7\u00e3o das duas vacinas exigidas para a imuniza\u00e7\u00e3o.<\/p>\n\n\n\n<p><strong>Nova etapa de vacina\u00e7\u00e3o<br><\/strong>O minist\u00e9rio afirma que pessoas com s\u00edndrome de down devem receber a vacina por apresentarem &#8220;elevado risco&#8221; de desenvolver complica\u00e7\u00f5es pela COVID-19. J\u00e1 pacientes renais em di\u00e1lise t\u00eam risco potencializado de infec\u00e7\u00e3o por causa da frequente exposi\u00e7\u00e3o ao ambiente hospitalar, &#8220;al\u00e9m de habitualmente apresentarem comorbidades adicionais (como hipertens\u00e3o, diabetes, entre outros)&#8221;. Segundo a Sa\u00fade, gestantes com comorbidades possuem &#8220;risco obst\u00e9trico elevado&#8221;, independente da idade.<\/p>\n\n\n\n<p>Pessoas com defici\u00eancia permanente est\u00e3o em maior vulnerabilidade, diz a Sa\u00fade, e apresentam at\u00e9 impossibilidade de adotar medidas n\u00e3o-farmacol\u00f3gicas de prote\u00e7\u00e3o, como distanciamento social.<\/p>\n\n\n\n<p>Abaixo, a orienta\u00e7\u00e3o do governo federal sobre vacina\u00e7\u00e3o pessoas com comorbidades, pessoas com defici\u00eancia permanente, gestantes e pu\u00e9rperas:<\/p>\n\n\n\n<p>&#8220;Na fase I, vacinar proporcionalmente, de acordo com o quantitativo de doses disponibilizado:<\/p>\n\n\n\n<ul class=\"wp-block-list\"><li>Pessoas com S\u00edndrome de Down, independentemente da idade;<\/li><li>Pessoas com doen\u00e7a renal cr\u00f4nica em terapia de substitui\u00e7\u00e3o renal (di\u00e1lise) independentemente da idade;<\/li><li>Gestantes e pu\u00e9rperas com comorbidades, independentemente da idade;<\/li><li>Pessoas com comorbidades de 55 a 59 anos;<\/li><li>Pessoas com Defici\u00eancia Permanente cadastradas no Programa de Benef\u00edcio de Presta\u00e7\u00e3o Continuada (BPC) de 55 a 59 anos<\/li><\/ul>\n\n\n\n<p>Na fase II, vacinar proporcionalmente, de acordo com o quantitativo de doses disponibilizado, segundo as faixas de idade de 50 a 54 anos, 45 a 49 anos, 40 a 44 anos, 30 a 39 anos e 18 a 29 anos:<\/p>\n\n\n\n<ul class=\"wp-block-list\"><li>Pessoas com comorbidades;<\/li><li>Pessoas com Defici\u00eancia Permanente cadastradas no BPC,<\/li><li>Gestantes e pu\u00e9rperas independentemente de condi\u00e7\u00f5es pr\u00e9-existentes&#8221;<\/li><\/ul>\n\n\n\n<p><em>(Texto: Estad\u00e3o\/Imagem: TVTEC)<\/em><\/p>\n","protected":false},"excerpt":{"rendered":"<p>Em uma segunda etapa, pessoas mais jovens que apresentam estas mesmas condi\u00e7\u00f5es devem ser vacinadas<\/p>\n","protected":false},"author":28,"featured_media":70806,"comment_status":"closed","ping_status":"closed","sticky":false,"template":"","format":"standard","meta":{"footnotes":""},"categories":[8356,1],"tags":[],"class_list":["post-74752","post","type-post","status-publish","format-standard","has-post-thumbnail","hentry","category-jundiai","category-noticias"],"_links":{"self":[{"href":"https:\/\/tvtecjundiai.com.br\/news\/wp-json\/wp\/v2\/posts\/74752","targetHints":{"allow":["GET"]}}],"collection":[{"href":"https:\/\/tvtecjundiai.com.br\/news\/wp-json\/wp\/v2\/posts"}],"about":[{"href":"https:\/\/tvtecjundiai.com.br\/news\/wp-json\/wp\/v2\/types\/post"}],"author":[{"embeddable":true,"href":"https:\/\/tvtecjundiai.com.br\/news\/wp-json\/wp\/v2\/users\/28"}],"replies":[{"embeddable":true,"href":"https:\/\/tvtecjundiai.com.br\/news\/wp-json\/wp\/v2\/comments?post=74752"}],"version-history":[{"count":2,"href":"https:\/\/tvtecjundiai.com.br\/news\/wp-json\/wp\/v2\/posts\/74752\/revisions"}],"predecessor-version":[{"id":74758,"href":"https:\/\/tvtecjundiai.com.br\/news\/wp-json\/wp\/v2\/posts\/74752\/revisions\/74758"}],"wp:featuredmedia":[{"embeddable":true,"href":"https:\/\/tvtecjundiai.com.br\/news\/wp-json\/wp\/v2\/media\/70806"}],"wp:attachment":[{"href":"https:\/\/tvtecjundiai.com.br\/news\/wp-json\/wp\/v2\/media?parent=74752"}],"wp:term":[{"taxonomy":"category","embeddable":true,"href":"https:\/\/tvtecjundiai.com.br\/news\/wp-json\/wp\/v2\/categories?post=74752"},{"taxonomy":"post_tag","embeddable":true,"href":"https:\/\/tvtecjundiai.com.br\/news\/wp-json\/wp\/v2\/tags?post=74752"}],"curies":[{"name":"wp","href":"https:\/\/api.w.org\/{rel}","templated":true}]}}