{"id":74755,"date":"2021-04-27T14:11:41","date_gmt":"2021-04-27T17:11:41","guid":{"rendered":"https:\/\/tvtecjundiai.com.br\/news\/?p=74755"},"modified":"2021-04-27T14:56:24","modified_gmt":"2021-04-27T17:56:24","slug":"tvtec-expande-seu-catalogo-de-cursos-para-campo-limpo-paulista","status":"publish","type":"post","link":"https:\/\/tvtecjundiai.com.br\/news\/2021\/04\/27\/tvtec-expande-seu-catalogo-de-cursos-para-campo-limpo-paulista\/","title":{"rendered":"TVTEC expande seu cat\u00e1logo de cursos gratuitos para Campo Limpo Paulista"},"content":{"rendered":"\n<p>A Prefeitura de Jundia\u00ed formalizou nesta ter\u00e7a-feira (27), em reuni\u00e3o virtual, uma carta de inten\u00e7\u00e3o com a Prefeitura de Campo Limpo Paulista para a expans\u00e3o dos cursos e workshops da TVTEC para a cidade vizinha. Criada pelo prefeito Luiz Fernando Machado em 2017, a TVTEC completa tr\u00eas anos e meio com mais de dez mil vagas gratuitas \u00e0 popula\u00e7\u00e3o. Os cursos e workshops s\u00e3o oferecidos de maneira presencial e on-line e s\u00e3o voltados \u00e0 \u00e1rea de novas tecnologias e m\u00eddias digitais. N\u00e3o haver\u00e1 qualquer custo para o munic\u00edpio de Jundia\u00ed.<\/p>\n\n\n\n<figure class=\"wp-block-image size-large\"><img loading=\"lazy\" decoding=\"async\" width=\"1148\" height=\"766\" src=\"https:\/\/tvtecjundiai.com.br\/news\/wp-content\/uploads\/sites\/2\/2021\/04\/video-conferencia-prefeito-cursos-tv-tec_c_-2.jpg\" alt=\"\" class=\"wp-image-74756\" srcset=\"https:\/\/tvtecjundiai.com.br\/news\/wp-content\/uploads\/sites\/2\/2021\/04\/video-conferencia-prefeito-cursos-tv-tec_c_-2.jpg 1148w, https:\/\/tvtecjundiai.com.br\/news\/wp-content\/uploads\/sites\/2\/2021\/04\/video-conferencia-prefeito-cursos-tv-tec_c_-2-300x200.jpg 300w, https:\/\/tvtecjundiai.com.br\/news\/wp-content\/uploads\/sites\/2\/2021\/04\/video-conferencia-prefeito-cursos-tv-tec_c_-2-768x512.jpg 768w\" sizes=\"auto, (max-width: 1148px) 100vw, 1148px\" \/><figcaption>De seu gabinete, prefeito Luiz Fernando participa da reuni\u00e3o on-line para a expans\u00e3o dos cursos e workshops da TVTEC<\/figcaption><\/figure>\n\n\n\n<p>O prefeito Luiz Fernando Machado falou sobre as inova\u00e7\u00f5es representadas pela TVTEC. \u201cAl\u00e9m do bom conte\u00fado local e as ferramentas para dialogar com a popula\u00e7\u00e3o, a TVTEC tem oferecido oportunidade para pessoas que querem se reinventar no mercado de trabalho, no mundo das m\u00eddias digitais\u201d, observou. \u201cNossa regi\u00e3o \u00e9 protagonista e tenho certeza que o conte\u00fado da TVTEC, ao ser levado a Campo Limpo, potencializar\u00e1 ainda mais essa cidade.\u201d<\/p>\n\n\n\n<p>O prefeito de Campo Limpo Paulista, Luiz Braz, ressaltou a import\u00e2ncia das novas m\u00eddias para a comunica\u00e7\u00e3o entre as pessoas. \u201cN\u00e3o temos d\u00favida que o conte\u00fado que receberemos da TVTEC \u00e9 de alt\u00edssima qualidade\u201d, declarou. \u201cAcredito muito nessa aproxima\u00e7\u00e3o entre nossas cidades.\u201d<\/p>\n\n\n\n<p>\u201cA TVTEC \u00e9 a comprova\u00e7\u00e3o de que as pessoas est\u00e3o interessadas em aprender mais sobre novas tecnologias e m\u00eddias, e o poder p\u00fablico oferece essa porta para que muita gente alavanque seus neg\u00f3cios e aprenda mais\u201d, explicou o gestor de Inova\u00e7\u00e3o e Rela\u00e7\u00e3o com o Cidad\u00e3o, Thiago Maia Pereira.<\/p>\n\n\n\n<figure class=\"wp-block-image size-large\"><img loading=\"lazy\" decoding=\"async\" width=\"1200\" height=\"833\" src=\"https:\/\/tvtecjundiai.com.br\/news\/wp-content\/uploads\/sites\/2\/2021\/04\/tvtec-1200x833.png\" alt=\"\" class=\"wp-image-74757\" srcset=\"https:\/\/tvtecjundiai.com.br\/news\/wp-content\/uploads\/sites\/2\/2021\/04\/tvtec-1200x833.png 1200w, https:\/\/tvtecjundiai.com.br\/news\/wp-content\/uploads\/sites\/2\/2021\/04\/tvtec-300x208.png 300w, https:\/\/tvtecjundiai.com.br\/news\/wp-content\/uploads\/sites\/2\/2021\/04\/tvtec-768x533.png 768w, https:\/\/tvtecjundiai.com.br\/news\/wp-content\/uploads\/sites\/2\/2021\/04\/tvtec.png 1323w\" sizes=\"auto, (max-width: 1200px) 100vw, 1200px\" \/><figcaption>O prefeito Luiz Fernando, a superintendente M\u00f4nica Gropelo e os gestores Thiago Maia e Gustavo Maryssael na reuni\u00e3o<\/figcaption><\/figure>\n\n\n\n<p>Superintendente da TVTEC, a jornalista M\u00f4nica Gropelo lembrou os presentes que Campo Limpo Paulista j\u00e1 \u00e9 uma das cidades que mais consomem conte\u00fados da TVTEC, perdendo apenas para Jundia\u00ed e S\u00e3o Paulo, e, com essa parceria, a tend\u00eancia \u00e9 chegar a mais pessoas no munic\u00edpio vizinho. Al\u00e9m de Campo Limpo, a TVTEC prepara um conv\u00eanio com Indaiatuba. \u201cHoje j\u00e1 somos reconhecidos como Funda\u00e7\u00e3o Escola TVTEC Jundia\u00ed e nosso investimento em cursos ser\u00e1 cada vez maior\u201d, informou a superintendente. \u201cDentro de um m\u00eas, esperamos oferecer 160 vagas para moradores de Campo Limpo.\u201d<\/p>\n\n\n\n<p>Tamb\u00e9m participaram da reuni\u00e3o os gestores da Casal Civil, Gustavo Maryssael, e de Neg\u00f3cios Jur\u00eddicos e Cidadania, Fernando de Souza.<\/p>\n\n\n\n<p><strong>Nova denomina\u00e7\u00e3o<\/strong><br>Na manh\u00e3 desta ter\u00e7a-feira, a C\u00e2mara Municipal de Jundia\u00ed aprovou o Projeto de Lei 13329\/2021, que altera a denomina\u00e7\u00e3o da Funda\u00e7\u00e3o Televis\u00e3o Educativa de Jundia\u00ed, passando agora a se chamar Funda\u00e7\u00e3o Escola TVTEC Jundia\u00ed.<\/p>\n\n\n\n<p><em>(Texto\/Imagens: Prefeitura de Jundia\u00ed)<\/em><\/p>\n","protected":false},"excerpt":{"rendered":"<p>TVTEC completa tr\u00eas anos e meio com mais de dez mil vagas gratuitas \u00e0 popula\u00e7\u00e3o<\/p>\n","protected":false},"author":28,"featured_media":74756,"comment_status":"closed","ping_status":"closed","sticky":false,"template":"","format":"standard","meta":{"footnotes":""},"categories":[8356,1],"tags":[],"class_list":["post-74755","post","type-post","status-publish","format-standard","has-post-thumbnail","hentry","category-jundiai","category-noticias"],"_links":{"self":[{"href":"https:\/\/tvtecjundiai.com.br\/news\/wp-json\/wp\/v2\/posts\/74755","targetHints":{"allow":["GET"]}}],"collection":[{"href":"https:\/\/tvtecjundiai.com.br\/news\/wp-json\/wp\/v2\/posts"}],"about":[{"href":"https:\/\/tvtecjundiai.com.br\/news\/wp-json\/wp\/v2\/types\/post"}],"author":[{"embeddable":true,"href":"https:\/\/tvtecjundiai.com.br\/news\/wp-json\/wp\/v2\/users\/28"}],"replies":[{"embeddable":true,"href":"https:\/\/tvtecjundiai.com.br\/news\/wp-json\/wp\/v2\/comments?post=74755"}],"version-history":[{"count":3,"href":"https:\/\/tvtecjundiai.com.br\/news\/wp-json\/wp\/v2\/posts\/74755\/revisions"}],"predecessor-version":[{"id":74762,"href":"https:\/\/tvtecjundiai.com.br\/news\/wp-json\/wp\/v2\/posts\/74755\/revisions\/74762"}],"wp:featuredmedia":[{"embeddable":true,"href":"https:\/\/tvtecjundiai.com.br\/news\/wp-json\/wp\/v2\/media\/74756"}],"wp:attachment":[{"href":"https:\/\/tvtecjundiai.com.br\/news\/wp-json\/wp\/v2\/media?parent=74755"}],"wp:term":[{"taxonomy":"category","embeddable":true,"href":"https:\/\/tvtecjundiai.com.br\/news\/wp-json\/wp\/v2\/categories?post=74755"},{"taxonomy":"post_tag","embeddable":true,"href":"https:\/\/tvtecjundiai.com.br\/news\/wp-json\/wp\/v2\/tags?post=74755"}],"curies":[{"name":"wp","href":"https:\/\/api.w.org\/{rel}","templated":true}]}}