{"id":74786,"date":"2021-04-27T16:23:27","date_gmt":"2021-04-27T19:23:27","guid":{"rendered":"https:\/\/tvtecjundiai.com.br\/news\/?p=74786"},"modified":"2021-04-27T16:23:27","modified_gmt":"2021-04-27T19:23:27","slug":"padrinho-legal-recebe-inscricoes-para-interessados-em-apadrinhar-criancas-e-jovens-de-jundiai","status":"publish","type":"post","link":"https:\/\/tvtecjundiai.com.br\/news\/2021\/04\/27\/padrinho-legal-recebe-inscricoes-para-interessados-em-apadrinhar-criancas-e-jovens-de-jundiai\/","title":{"rendered":"\u201cPadrinho Legal\u201d recebe inscri\u00e7\u00f5es para interessados em apadrinhar crian\u00e7as e jovens de Jundia\u00ed"},"content":{"rendered":"\n<p>O projeto \u201cPadrinho Legal\u201d abre inscri\u00e7\u00f5es para o programa de Apadrinhamento Afetivo e Financeiro at\u00e9 o dia 14 de maio. O evento ser\u00e1 realizado na modalidade online e os inscritos receber\u00e3o em seu e-mail o link para participar.<\/p>\n\n\n\n<p>J\u00e1 no dia 31 de maio, das 19h \u00e0s 22h, haver\u00e1 um encontro para apresenta\u00e7\u00e3o e esclarecimentos sobre o programa. E nos dias 7 e 9 de junho, das 19h \u00e0s 22h, acontece a Oficina de Padrinhos e Madrinhas.<\/p>\n\n\n\n<p>Os candidatos interessados em se tornarem padrinhos ou madrinhas devem seguir alguns pr\u00e9-requisitos, como ter mais de 21 anos, passar pelas etapas de capacita\u00e7\u00e3o inicial, n\u00e3o ter antecedentes criminais e ter disponibilidade para partilhar tempo e afeto com as crian\u00e7as e adolescentes.<\/p>\n\n\n\n<p>O programa \u201cPadrinho Legal\u201d \u00e9 uma iniciativa em conjunto dos Setores de Servi\u00e7o Social e Psicologia da Vara da Inf\u00e2ncia e da Juventude da Comarca de Jundia\u00ed, dos Servi\u00e7os de Acolhimento e do Conselho Tutelar da cidade.<\/p>\n\n\n\n<figure class=\"wp-block-image size-large\"><img loading=\"lazy\" decoding=\"async\" width=\"1152\" height=\"864\" src=\"https:\/\/tvtecjundiai.com.br\/news\/wp-content\/uploads\/sites\/2\/2021\/04\/WhatsApp-Image-2021-04-27-at-10.02.11.jpeg\" alt=\"\" class=\"wp-image-74787\" srcset=\"https:\/\/tvtecjundiai.com.br\/news\/wp-content\/uploads\/sites\/2\/2021\/04\/WhatsApp-Image-2021-04-27-at-10.02.11.jpeg 1152w, https:\/\/tvtecjundiai.com.br\/news\/wp-content\/uploads\/sites\/2\/2021\/04\/WhatsApp-Image-2021-04-27-at-10.02.11-300x225.jpeg 300w, https:\/\/tvtecjundiai.com.br\/news\/wp-content\/uploads\/sites\/2\/2021\/04\/WhatsApp-Image-2021-04-27-at-10.02.11-768x576.jpeg 768w\" sizes=\"auto, (max-width: 1152px) 100vw, 1152px\" \/><figcaption>O programa &#8220;Padrinho Legal&#8221; recebe inscri\u00e7\u00f5es de interessados em se tornarem padrinhos e madrinhas<\/figcaption><\/figure>\n\n\n\n<p>A modalidade Apadrinhamento Afetivo tem como objetivo proporcionar a crian\u00e7as e adolescentes com pouca chance de reinser\u00e7\u00e3o familiar a chance de criarem e manterem v\u00ednculos afetivos com pessoas da comunidade. Essa experi\u00eancia pode contribuir para o desenvolvimento da autonomia, habilidades sociais, afetivas e cognitivas dos jovens e crian\u00e7as.<\/p>\n\n\n\n<p>J\u00e1 na modalidade Apadrinhamento Afetivo, a ideia \u00e9 que padrinhos e madrinhas possam apadrinhar de maneira financeira estes jovens e adolescentes, custeando alguma atividade, curso ou tratamento.<\/p>\n\n\n\n<p>Para mais informa\u00e7\u00f5es, basta ligar no Servi\u00e7o Social da Vara da Inf\u00e2ncia de Jundia\u00ed, no telefone (11) 4586-8111, ramal 203 ou pelo link da Casa Transit\u00f3ria <a href=\"https:\/\/bit.ly\/3tSrWsp\">https:\/\/bit.ly\/3tSrWsp<\/a><\/p>\n\n\n\n<p><em>(Texto\/Imagem: Assessoria de Imprensa)<\/em><\/p>\n","protected":false},"excerpt":{"rendered":"<p>O programa recebe inscri\u00e7\u00f5es at\u00e9 14 de maio de interessados em se tornarem padrinhos e madrinhas<\/p>\n","protected":false},"author":28,"featured_media":74787,"comment_status":"closed","ping_status":"closed","sticky":false,"template":"","format":"standard","meta":{"footnotes":""},"categories":[8356,1],"tags":[],"class_list":["post-74786","post","type-post","status-publish","format-standard","has-post-thumbnail","hentry","category-jundiai","category-noticias"],"_links":{"self":[{"href":"https:\/\/tvtecjundiai.com.br\/news\/wp-json\/wp\/v2\/posts\/74786","targetHints":{"allow":["GET"]}}],"collection":[{"href":"https:\/\/tvtecjundiai.com.br\/news\/wp-json\/wp\/v2\/posts"}],"about":[{"href":"https:\/\/tvtecjundiai.com.br\/news\/wp-json\/wp\/v2\/types\/post"}],"author":[{"embeddable":true,"href":"https:\/\/tvtecjundiai.com.br\/news\/wp-json\/wp\/v2\/users\/28"}],"replies":[{"embeddable":true,"href":"https:\/\/tvtecjundiai.com.br\/news\/wp-json\/wp\/v2\/comments?post=74786"}],"version-history":[{"count":1,"href":"https:\/\/tvtecjundiai.com.br\/news\/wp-json\/wp\/v2\/posts\/74786\/revisions"}],"predecessor-version":[{"id":74788,"href":"https:\/\/tvtecjundiai.com.br\/news\/wp-json\/wp\/v2\/posts\/74786\/revisions\/74788"}],"wp:featuredmedia":[{"embeddable":true,"href":"https:\/\/tvtecjundiai.com.br\/news\/wp-json\/wp\/v2\/media\/74787"}],"wp:attachment":[{"href":"https:\/\/tvtecjundiai.com.br\/news\/wp-json\/wp\/v2\/media?parent=74786"}],"wp:term":[{"taxonomy":"category","embeddable":true,"href":"https:\/\/tvtecjundiai.com.br\/news\/wp-json\/wp\/v2\/categories?post=74786"},{"taxonomy":"post_tag","embeddable":true,"href":"https:\/\/tvtecjundiai.com.br\/news\/wp-json\/wp\/v2\/tags?post=74786"}],"curies":[{"name":"wp","href":"https:\/\/api.w.org\/{rel}","templated":true}]}}