{"id":74790,"date":"2021-04-27T16:41:49","date_gmt":"2021-04-27T19:41:49","guid":{"rendered":"https:\/\/tvtecjundiai.com.br\/news\/?p=74790"},"modified":"2021-04-27T16:41:49","modified_gmt":"2021-04-27T19:41:49","slug":"jundiai-registra-oito-obitos-causados-por-covid-19-nesta-terca-feira-27","status":"publish","type":"post","link":"https:\/\/tvtecjundiai.com.br\/news\/2021\/04\/27\/jundiai-registra-oito-obitos-causados-por-covid-19-nesta-terca-feira-27\/","title":{"rendered":"Jundia\u00ed registra oito \u00f3bitos causados por COVID-19 nesta ter\u00e7a-feira (27)"},"content":{"rendered":"\n<p>A Prefeitura de Jundia\u00ed informa que, nesta ter\u00e7a -feira (27), oito \u00f3bitos foram contabilizados de residentes na cidade causados pelo Novo Coronav\u00edrus.<\/p>\n\n\n\n<p>Homem, 55 anos, sem comorbidades registradas. Internou 15\/03 e faleceu 02\/04 no hospital S\u00e3o Vicente.<\/p>\n\n\n\n<p>Homem, 40 anos, obeso. Internou 27\/03 e faleceu 02\/04 no hospital S\u00e3o Vicente.<\/p>\n\n\n\n<p>Mulher, 57 anos, portadora de doen\u00e7a cardiovascular cr\u00f4nica. Internou 05\/04 e faleceu 14\/04 no hospital S\u00e3o Vicente.<\/p>\n\n\n\n<p>Mulher, 57 anos, portadora de doen\u00e7a cardiovascular cr\u00f4nica e diabetes. Inteenou12\/04 e faleceu 26\/04 em hospital privado da cidade.<\/p>\n\n\n\n<p>Homem, 65 anos, diab\u00e9tico, portador de nefropatia cr\u00f4nica. Internou 06\/04 e faleceu 26\/04 no hospital Regional.<\/p>\n\n\n\n<p>Mulher, 55 anos, portadora de doen\u00e7a cardiovascular cr\u00f4nica. Internou 15\/04 e faleceu 27\/04 em hospital privado da cidade.<\/p>\n\n\n\n<p>Mulher, 54 anos, portadora de doen\u00e7a cardiovascular cr\u00f4nica e obesidade. Internou 31\/03 e faleceu 15\/04 em hospital privado da cidade.<\/p>\n\n\n\n<p>Mulher, 55 anos, obesa, portadora de doen\u00e7a cardiovascular cr\u00f4nica e diabetes. Internou 22\/04 e faleceu 26\/04 no hospital S\u00e3o Vicente.<\/p>\n\n\n\n<p>At\u00e9 o momento, a cidade registra 1035 \u00f3bitos causados pela COVID-19 desde o in\u00edcio da pandemia.<\/p>\n\n\n\n<figure class=\"wp-block-image size-large\"><img loading=\"lazy\" decoding=\"async\" width=\"960\" height=\"960\" src=\"https:\/\/tvtecjundiai.com.br\/news\/wp-content\/uploads\/sites\/2\/2021\/04\/slide1-17-960x960.png\" alt=\"\" class=\"wp-image-74791\" srcset=\"https:\/\/tvtecjundiai.com.br\/news\/wp-content\/uploads\/sites\/2\/2021\/04\/slide1-17-960x960.png 960w, https:\/\/tvtecjundiai.com.br\/news\/wp-content\/uploads\/sites\/2\/2021\/04\/slide1-17-300x300.png 300w, https:\/\/tvtecjundiai.com.br\/news\/wp-content\/uploads\/sites\/2\/2021\/04\/slide1-17-100x100.png 100w, https:\/\/tvtecjundiai.com.br\/news\/wp-content\/uploads\/sites\/2\/2021\/04\/slide1-17-768x768.png 768w, https:\/\/tvtecjundiai.com.br\/news\/wp-content\/uploads\/sites\/2\/2021\/04\/slide1-17.png 1280w\" sizes=\"auto, (max-width: 960px) 100vw, 960px\" \/><\/figure>\n\n\n\n<figure class=\"wp-block-image size-large\"><img loading=\"lazy\" decoding=\"async\" width=\"960\" height=\"960\" src=\"https:\/\/tvtecjundiai.com.br\/news\/wp-content\/uploads\/sites\/2\/2021\/04\/slide2-17-960x960.png\" alt=\"\" class=\"wp-image-74792\" srcset=\"https:\/\/tvtecjundiai.com.br\/news\/wp-content\/uploads\/sites\/2\/2021\/04\/slide2-17-960x960.png 960w, https:\/\/tvtecjundiai.com.br\/news\/wp-content\/uploads\/sites\/2\/2021\/04\/slide2-17-300x300.png 300w, https:\/\/tvtecjundiai.com.br\/news\/wp-content\/uploads\/sites\/2\/2021\/04\/slide2-17-100x100.png 100w, https:\/\/tvtecjundiai.com.br\/news\/wp-content\/uploads\/sites\/2\/2021\/04\/slide2-17-768x768.png 768w, https:\/\/tvtecjundiai.com.br\/news\/wp-content\/uploads\/sites\/2\/2021\/04\/slide2-17.png 1280w\" sizes=\"auto, (max-width: 960px) 100vw, 960px\" \/><\/figure>\n\n\n\n<p><em>(Texto\/Imagem: Prefeitura de Jundia\u00ed)<\/em><\/p>\n","protected":false},"excerpt":{"rendered":"<p>Tamb\u00e9m foram registrados 157 novos casos da doen\u00e7a na cidade<\/p>\n","protected":false},"author":28,"featured_media":74779,"comment_status":"closed","ping_status":"closed","sticky":false,"template":"","format":"standard","meta":{"footnotes":""},"categories":[8356,1],"tags":[],"class_list":["post-74790","post","type-post","status-publish","format-standard","has-post-thumbnail","hentry","category-jundiai","category-noticias"],"_links":{"self":[{"href":"https:\/\/tvtecjundiai.com.br\/news\/wp-json\/wp\/v2\/posts\/74790","targetHints":{"allow":["GET"]}}],"collection":[{"href":"https:\/\/tvtecjundiai.com.br\/news\/wp-json\/wp\/v2\/posts"}],"about":[{"href":"https:\/\/tvtecjundiai.com.br\/news\/wp-json\/wp\/v2\/types\/post"}],"author":[{"embeddable":true,"href":"https:\/\/tvtecjundiai.com.br\/news\/wp-json\/wp\/v2\/users\/28"}],"replies":[{"embeddable":true,"href":"https:\/\/tvtecjundiai.com.br\/news\/wp-json\/wp\/v2\/comments?post=74790"}],"version-history":[{"count":1,"href":"https:\/\/tvtecjundiai.com.br\/news\/wp-json\/wp\/v2\/posts\/74790\/revisions"}],"predecessor-version":[{"id":74794,"href":"https:\/\/tvtecjundiai.com.br\/news\/wp-json\/wp\/v2\/posts\/74790\/revisions\/74794"}],"wp:featuredmedia":[{"embeddable":true,"href":"https:\/\/tvtecjundiai.com.br\/news\/wp-json\/wp\/v2\/media\/74779"}],"wp:attachment":[{"href":"https:\/\/tvtecjundiai.com.br\/news\/wp-json\/wp\/v2\/media?parent=74790"}],"wp:term":[{"taxonomy":"category","embeddable":true,"href":"https:\/\/tvtecjundiai.com.br\/news\/wp-json\/wp\/v2\/categories?post=74790"},{"taxonomy":"post_tag","embeddable":true,"href":"https:\/\/tvtecjundiai.com.br\/news\/wp-json\/wp\/v2\/tags?post=74790"}],"curies":[{"name":"wp","href":"https:\/\/api.w.org\/{rel}","templated":true}]}}