{"id":74795,"date":"2021-04-28T14:10:38","date_gmt":"2021-04-28T17:10:38","guid":{"rendered":"https:\/\/tvtecjundiai.com.br\/news\/?p=74795"},"modified":"2021-04-28T15:19:43","modified_gmt":"2021-04-28T18:19:43","slug":"moradores-de-jundiai-compartilham-memorias-afetivas-no-eusoumeubairro-2","status":"publish","type":"post","link":"https:\/\/tvtecjundiai.com.br\/news\/2021\/04\/28\/moradores-de-jundiai-compartilham-memorias-afetivas-no-eusoumeubairro-2\/","title":{"rendered":"Moradores de Jundia\u00ed compartilham mem\u00f3rias afetivas no \u201c#Eusoumeubairro\u201d"},"content":{"rendered":"\n<p>Sabe aquele morador antigo do bairro, que sabe contar direitinho a hist\u00f3ria da regi\u00e3o?&nbsp;Muitos deles est\u00e3o no #EuSouMeuBairro, programa da TVTEC onde eles compartilham suas mem\u00f3rias mais afetivas da regi\u00e3o.<\/p>\n\n\n\n<p>No programa j\u00e1 entraram bairros como o Fazenda Grande. Inaugurado em 2002, ele \u00e9 um dos mais novos da cidade e quem contou sua hist\u00f3ria foi a cabeleireira Rosinei Marques. A moradora compartilhou muitas mem\u00f3rias afetivas como, por exemplo, que as pessoas costumavam se conhecer por conta do padeiro que ia fazer entrega de casa em casa.<\/p>\n\n\n\n<p>Outro bairro que tamb\u00e9m teve sua hist\u00f3ria contada foi o Retiro. Desta vez, a protagonista foi dona Celina, que se mudou para Jundia\u00ed em 1973. Ela veio acompanhando o marido que conseguiu trabalho na cidade e a fam\u00edlia se instalou no bairro desde aquela \u00e9poca. Dona Celina, que \u00e9 conhecida na regi\u00e3o como a vov\u00f3 da pastoral, destaca a Par\u00f3quia S\u00e3o Jos\u00e9 Oper\u00e1rio como ponto principal da regi\u00e3o.<\/p>\n\n\n\n<p>Confira abaixo todas as hist\u00f3rias:<\/p>\n\n\n\n<figure class=\"wp-block-embed is-type-video is-provider-youtube wp-block-embed-youtube wp-embed-aspect-4-3 wp-has-aspect-ratio\"><div class=\"wp-block-embed__wrapper\">\n<iframe loading=\"lazy\" title=\"#EuSouMeuBairro: conhe\u00e7a o Fazenda Grande com a Rosinei\" width=\"500\" height=\"375\" src=\"https:\/\/www.youtube.com\/embed\/lfVECrz7gB4?feature=oembed\" frameborder=\"0\" allow=\"accelerometer; autoplay; clipboard-write; encrypted-media; gyroscope; picture-in-picture; web-share\" referrerpolicy=\"strict-origin-when-cross-origin\" allowfullscreen><\/iframe>\n<\/div><\/figure>\n\n\n\n<figure class=\"wp-block-embed is-type-video is-provider-youtube wp-block-embed-youtube wp-embed-aspect-4-3 wp-has-aspect-ratio\"><div class=\"wp-block-embed__wrapper\">\n<iframe loading=\"lazy\" title=\"#EuSouMeuBairro: conhe\u00e7a o Retiro com a dona Celina\" width=\"500\" height=\"375\" src=\"https:\/\/www.youtube.com\/embed\/vFxml_R-M_g?feature=oembed\" frameborder=\"0\" allow=\"accelerometer; autoplay; clipboard-write; encrypted-media; gyroscope; picture-in-picture; web-share\" referrerpolicy=\"strict-origin-when-cross-origin\" allowfullscreen><\/iframe>\n<\/div><\/figure>\n\n\n\n<figure class=\"wp-block-embed is-type-video is-provider-youtube wp-block-embed-youtube wp-embed-aspect-4-3 wp-has-aspect-ratio\"><div class=\"wp-block-embed__wrapper\">\n<iframe loading=\"lazy\" title=\"#EuSouMeuBairro: conhe\u00e7a o Jundia\u00ed Mirim com a dona Ivone\" width=\"500\" height=\"375\" src=\"https:\/\/www.youtube.com\/embed\/wPD0JuK_-ug?feature=oembed\" frameborder=\"0\" allow=\"accelerometer; autoplay; clipboard-write; encrypted-media; gyroscope; picture-in-picture; web-share\" referrerpolicy=\"strict-origin-when-cross-origin\" allowfullscreen><\/iframe>\n<\/div><\/figure>\n\n\n\n<figure class=\"wp-block-embed is-type-video is-provider-youtube wp-block-embed-youtube wp-embed-aspect-4-3 wp-has-aspect-ratio\"><div class=\"wp-block-embed__wrapper\">\n<iframe loading=\"lazy\" title=\"#EuSouMeuBairro: conhe\u00e7a o Jardim Celeste com o seu Samuel\" width=\"500\" height=\"375\" src=\"https:\/\/www.youtube.com\/embed\/HWI8cbK128o?feature=oembed\" frameborder=\"0\" allow=\"accelerometer; autoplay; clipboard-write; encrypted-media; gyroscope; picture-in-picture; web-share\" referrerpolicy=\"strict-origin-when-cross-origin\" allowfullscreen><\/iframe>\n<\/div><\/figure>\n\n\n\n<figure class=\"wp-block-embed is-type-video is-provider-youtube wp-block-embed-youtube wp-embed-aspect-4-3 wp-has-aspect-ratio\"><div class=\"wp-block-embed__wrapper\">\n<iframe loading=\"lazy\" title=\"#EuSouMeuBairro: conhe\u00e7a a Vila Hortol\u00e2ndia com o seu Ant\u00f4nio\" width=\"500\" height=\"375\" src=\"https:\/\/www.youtube.com\/embed\/YFp1WZjo_pw?feature=oembed\" frameborder=\"0\" allow=\"accelerometer; autoplay; clipboard-write; encrypted-media; gyroscope; picture-in-picture; web-share\" referrerpolicy=\"strict-origin-when-cross-origin\" allowfullscreen><\/iframe>\n<\/div><\/figure>\n\n\n\n<figure class=\"wp-block-embed is-type-video is-provider-youtube wp-block-embed-youtube wp-embed-aspect-4-3 wp-has-aspect-ratio\"><div class=\"wp-block-embed__wrapper\">\n<iframe loading=\"lazy\" title=\"#EuSouMeuBairro: conhe\u00e7a o Jardim Brasil com a dona Marisa\" width=\"500\" height=\"375\" src=\"https:\/\/www.youtube.com\/embed\/Rf8uid1Lixk?feature=oembed\" frameborder=\"0\" allow=\"accelerometer; autoplay; clipboard-write; encrypted-media; gyroscope; picture-in-picture; web-share\" referrerpolicy=\"strict-origin-when-cross-origin\" allowfullscreen><\/iframe>\n<\/div><\/figure>\n\n\n\n<p><em>(Texto\/V\u00eddeos: TVTEC)<\/em><\/p>\n","protected":false},"excerpt":{"rendered":"<p>Programa da TVTEC conta hist\u00f3ria dos bairros de Jundia\u00ed por meio dos moradores<\/p>\n","protected":false},"author":28,"featured_media":74873,"comment_status":"closed","ping_status":"closed","sticky":false,"template":"","format":"standard","meta":{"footnotes":""},"categories":[8356,1],"tags":[],"class_list":["post-74795","post","type-post","status-publish","format-standard","has-post-thumbnail","hentry","category-jundiai","category-noticias"],"_links":{"self":[{"href":"https:\/\/tvtecjundiai.com.br\/news\/wp-json\/wp\/v2\/posts\/74795","targetHints":{"allow":["GET"]}}],"collection":[{"href":"https:\/\/tvtecjundiai.com.br\/news\/wp-json\/wp\/v2\/posts"}],"about":[{"href":"https:\/\/tvtecjundiai.com.br\/news\/wp-json\/wp\/v2\/types\/post"}],"author":[{"embeddable":true,"href":"https:\/\/tvtecjundiai.com.br\/news\/wp-json\/wp\/v2\/users\/28"}],"replies":[{"embeddable":true,"href":"https:\/\/tvtecjundiai.com.br\/news\/wp-json\/wp\/v2\/comments?post=74795"}],"version-history":[{"count":3,"href":"https:\/\/tvtecjundiai.com.br\/news\/wp-json\/wp\/v2\/posts\/74795\/revisions"}],"predecessor-version":[{"id":74855,"href":"https:\/\/tvtecjundiai.com.br\/news\/wp-json\/wp\/v2\/posts\/74795\/revisions\/74855"}],"wp:featuredmedia":[{"embeddable":true,"href":"https:\/\/tvtecjundiai.com.br\/news\/wp-json\/wp\/v2\/media\/74873"}],"wp:attachment":[{"href":"https:\/\/tvtecjundiai.com.br\/news\/wp-json\/wp\/v2\/media?parent=74795"}],"wp:term":[{"taxonomy":"category","embeddable":true,"href":"https:\/\/tvtecjundiai.com.br\/news\/wp-json\/wp\/v2\/categories?post=74795"},{"taxonomy":"post_tag","embeddable":true,"href":"https:\/\/tvtecjundiai.com.br\/news\/wp-json\/wp\/v2\/tags?post=74795"}],"curies":[{"name":"wp","href":"https:\/\/api.w.org\/{rel}","templated":true}]}}