{"id":74799,"date":"2021-04-27T18:13:18","date_gmt":"2021-04-27T21:13:18","guid":{"rendered":"https:\/\/tvtecjundiai.com.br\/news\/?p=74799"},"modified":"2021-04-27T18:13:18","modified_gmt":"2021-04-27T21:13:18","slug":"governo-realiza-reuniao-de-monitoramento-de-obras-estruturais-para-jundiai","status":"publish","type":"post","link":"https:\/\/tvtecjundiai.com.br\/news\/2021\/04\/27\/governo-realiza-reuniao-de-monitoramento-de-obras-estruturais-para-jundiai\/","title":{"rendered":"Governo realiza reuni\u00e3o de monitoramento de obras estruturais para Jundia\u00ed"},"content":{"rendered":"\n<p>A Unidade de Gest\u00e3o de Governo e Finan\u00e7as realizou nesta segunda-feira (26) reuni\u00e3o virtual com diversas Unidades de Gest\u00e3o, dando sequ\u00eancia \u00e0 reuni\u00e3o realizada no \u00faltimo dia 19, para fazer o monitoramento das obras e projetos priorit\u00e1rios da Administra\u00e7\u00e3o Municipal de Jundia\u00ed, seguindo modelo de gerenciamento de projetos utilizado pela iniciativa privada.<\/p>\n\n\n\n<p>S\u00e3o mais de 170 obras e projetos espalhados por todas as regi\u00f5es da cidade que s\u00e3o acompanhados, at\u00e9 que sejam conclu\u00eddas e entregues \u00e0 popula\u00e7\u00e3o. Participaram dessa rodada de reuni\u00e3o de plataformas as seguintes Unidades de Gest\u00e3o: Agroneg\u00f3cio, Abastecimento e Turismo, Desenvolvimento Econ\u00f4mico, Ci\u00eancia e Tecnologia, Mobilidade e Transporte, Planejamento Urbano e Meio Ambiente, Infraestrutura e Servi\u00e7os P\u00fablicos, al\u00e9m da Fumas (Funda\u00e7\u00e3o Municipal de A\u00e7\u00e3o Social) e da DAE.<\/p>\n\n\n\n<p>O gestor de Governo e Finan\u00e7as, Jos\u00e9 Antonio Parimoschi, refor\u00e7ou o modelo de gest\u00e3o utilizado para acompanhamento das obras estruturais do munic\u00edpio. \u201cCom essas reuni\u00f5es de monitoramento, avaliamos cada cronograma em execu\u00e7\u00e3o e tamb\u00e9m destravamos gargalos de cada projeto que est\u00e1 em andamento na cidade, pois eles impactam na qualidade de vida dos mun\u00edcipes\u201d, destacou Parimoschi.<\/p>\n\n\n\n<figure class=\"wp-block-image size-large\"><img loading=\"lazy\" decoding=\"async\" width=\"1200\" height=\"800\" src=\"https:\/\/tvtecjundiai.com.br\/news\/wp-content\/uploads\/sites\/2\/2021\/04\/obras_terminal_rami-16-1200x800.jpg\" alt=\"\" class=\"wp-image-74800\" srcset=\"https:\/\/tvtecjundiai.com.br\/news\/wp-content\/uploads\/sites\/2\/2021\/04\/obras_terminal_rami-16-1200x800.jpg 1200w, https:\/\/tvtecjundiai.com.br\/news\/wp-content\/uploads\/sites\/2\/2021\/04\/obras_terminal_rami-16-300x200.jpg 300w, https:\/\/tvtecjundiai.com.br\/news\/wp-content\/uploads\/sites\/2\/2021\/04\/obras_terminal_rami-16-768x512.jpg 768w, https:\/\/tvtecjundiai.com.br\/news\/wp-content\/uploads\/sites\/2\/2021\/04\/obras_terminal_rami-16.jpg 1280w\" sizes=\"auto, (max-width: 1200px) 100vw, 1200px\" \/><figcaption>O Terminal da Vila Rami \u00e9 um dos quatro da cidade que j\u00e1 recebe reformas em seu telhado, como parte dos projetos em execu\u00e7\u00e3o pela Unidade de Mobilidade e Transportes<\/figcaption><\/figure>\n\n\n\n<p>Um dos pontos abordados pelos gestores \u00e9 a dificuldade moment\u00e2nea trazida pela pandemia, de alguns insumos como cimento e ferro, por exemplo, que impactam no custo do projeto. Al\u00e9m disso, est\u00e3o escassos no mercado. Outro fator importante \u00e9 o afastamento de funcion\u00e1rios dessas empresas em raz\u00e3o de contamina\u00e7\u00e3o pelo coronav\u00edrus. A soma desses fatores impactam no andamento e atrasam obras importantes.<\/p>\n\n\n\n<p>A Unidade de Agroneg\u00f3cio, Abastecimento e Turismo est\u00e1 concluindo a instala\u00e7\u00e3o de 27 p\u00f3rticos, nas rotas tur\u00edsticas do munic\u00edpio. Este projeto \u00e9 financiado pelo governo do Estado de S\u00e3o Paulo. As estruturas contar\u00e3o com QR Codes, que possibilitam o acesso das pessoas \u00e0s informa\u00e7\u00f5es, atrav\u00e9s do celular, de cada uma dessas rotas.<\/p>\n\n\n\n<p>A Unidade de Desenvolvimento Econ\u00f4mico, Ci\u00eancia e Tecnologia prepara o lan\u00e7amento de um portal que integra diversos servi\u00e7os voltados ao desenvolvimento da economia local e ao empreendedorismo, incluindo a disponibilidade de contatos aos consumidores. Presente \u00e0 reuni\u00e3o, o gestor da unidade, Cristiano Lopes, informou que sua equipe tamb\u00e9m trabalha nos pr\u00f3ximos passos do PDL (Programa de Desenvolvimento Local), em parceria com o Sebrae, tamb\u00e9m voltado para impulsionar a economia local. Em breve, o Sebrae far\u00e1 a apresenta\u00e7\u00e3o do diagn\u00f3stico do programa, antes de dar in\u00edcio \u00e0 fase pr\u00e1tica, com a\u00e7\u00f5es voltadas a empresas de diferentes portes.<\/p>\n\n\n\n<p>No pr\u00f3ximo dia 29, a unidade realiza a primeira audi\u00eancia p\u00fablica da Lei de Inova\u00e7\u00e3o, que, nessa fase de constru\u00e7\u00e3o, abre espa\u00e7o para a participa\u00e7\u00e3o da comunidade, que poder\u00e1 contribuir. \u201cNossa proposta \u00e9 fazer uma grande discuss\u00e3o na cidade e implantar uma pol\u00edtica de estado\u201d, explica Lopes.<\/p>\n\n\n\n<p>A Unidade de Mobilidade e Transporte apresentou os projetos de reforma dos telhados dos terminais e troca das calhas, para melhorar o ambiente para os usu\u00e1rios, principalmente em tempos de chuvas. Dos sete terminais da cidade, quatro est\u00e3o com 70% a 90% dos telhados conclu\u00eddos, informa o gestor da unidade, Aloysio Queiroz. Em breve os trabalhos come\u00e7am nos terminais Eloy Chaves, Central e Hortol\u00e2ndia.<\/p>\n\n\n\n<p>Tamb\u00e9m foi discutida a instala\u00e7\u00e3o da Esta\u00e7\u00e3o de Transfer\u00eancia no Vetor Oeste, que atualmente tem seu local em fase de estudo; outro projeto que est\u00e1 sendo analisado \u00e9 a implanta\u00e7\u00e3o de uma Escola Mirim de Mobilidade no Mundo da Crian\u00e7a; e o Plano de Mobilidade Urbana, que est\u00e1 em fase de elabora\u00e7\u00e3o.<\/p>\n\n\n\n<p>Pela Unidade de Planejamento Urbano e Meio Ambiente foram discutidos projetos importantes e em andamento na cidade, como o de instala\u00e7\u00e3o de ciclovias, o de acessibilidade externa ao CECE Doutor Nicolino de Lucca (Bol\u00e3o), o de constru\u00e7\u00e3o da nova sede do Debea (Departamento de Bem-Estar Animal) e outros que buscam requalificar espa\u00e7os p\u00fablicos, como o de instala\u00e7\u00e3o de um elevador e outros melhorias no Jardim S\u00e3o Camilo, o de reforma de pra\u00e7as e a revitaliza\u00e7\u00e3o de \u00e1reas na regi\u00e3o Central de Jundia\u00ed.<\/p>\n\n\n\n<p>Representada pelo seu gestor, Adilson Rosa, e outros t\u00e9cnicos presentes, a Unidade de Infraestrutura e Servi\u00e7os P\u00fablicos abordou diferentes obras na cidade, como a do Jardim Bot\u00e2nico Santa Gertrudes, o do Bosquinho do Bonfiglioli, o da pra\u00e7a conceito pet e fam\u00edlia do Cidade Jardim e o dos viadutos Rom\u00e3o Nasser e S\u00e3o Jo\u00e3o Batista \u2013 todas em execu\u00e7\u00e3o. \u201cEu e minha equipe visitamos as obras nos viadutos na semana passada e conferimos de perto seus trabalhos\u201d, informa Adilson. Tamb\u00e9m foram citadas as implanta\u00e7\u00f5es de ecopontos, obras de pavimenta\u00e7\u00e3o e canaliza\u00e7\u00e3o e a do Parque do Cerrado, cuja primeira fase tem previs\u00e3o de entrega em 1\u00ba de agosto.<\/p>\n\n\n\n<p>Fumas e DAE<br>Atrav\u00e9s da equipe da Fumas, foram colocados em discuss\u00e3o os projetos da reforma do Vel\u00f3rio Municipal, com previs\u00e3o de entrega para fim de julho, e a regulariza\u00e7\u00e3o fundi\u00e1ria em diferentes bairros, como Novo Horizonte, Vila Ana e Jardim S\u00e3o Camilo. Segundo o superintendente da Fumas, Jos\u00e9 Galv\u00e3o Braga Campos, a previs\u00e3o \u00e9 entregar, at\u00e9 o fim do ano, de 800 a mil matr\u00edculas de im\u00f3veis a moradores da cidade.<\/p>\n\n\n\n<p>N\u00e3o diferente de algumas unidades de gest\u00e3o, como explicou o diretor-presidente Walter da Costa e Silva Filho, a DAE tamb\u00e9m tem encontrado dificuldade para a compra de alguns materiais de constru\u00e7\u00e3o por causa da pandemia. \u201cExistem esses problemas, mas estamos fazendo o poss\u00edvel para que as obras continuem em execu\u00e7\u00e3o e n\u00e3o atrasem.\u201d Entre as obras abordadas durante a reuni\u00e3o est\u00e1 a constru\u00e7\u00e3o do novo reservat\u00f3rio na Esta\u00e7\u00e3o de Tratamento de \u00c1gua no Anhangaba\u00fa, em andamento, entre outras que est\u00e3o aguardando libera\u00e7\u00e3o de recursos do governo federal, para que sejam iniciadas.<\/p>\n\n\n\n<p>Dados sobre gastos e obras, relacionados ao munic\u00edpio, podem ser consultados pelo cidad\u00e3o por meio de ferramentas digitais como o Portal da Transpar\u00eancia e o Observat\u00f3rio Jundia\u00ed.<\/p>\n\n\n\n<p><em>(Texto\/Imagem: TVTEC)<\/em><\/p>\n","protected":false},"excerpt":{"rendered":"<p>S\u00e3o mais de 170 obras e projetos espalhados por todas as regi\u00f5es da cidade que s\u00e3o acompanhados<\/p>\n","protected":false},"author":28,"featured_media":74800,"comment_status":"closed","ping_status":"closed","sticky":false,"template":"","format":"standard","meta":{"footnotes":""},"categories":[8356,1],"tags":[],"class_list":["post-74799","post","type-post","status-publish","format-standard","has-post-thumbnail","hentry","category-jundiai","category-noticias"],"_links":{"self":[{"href":"https:\/\/tvtecjundiai.com.br\/news\/wp-json\/wp\/v2\/posts\/74799","targetHints":{"allow":["GET"]}}],"collection":[{"href":"https:\/\/tvtecjundiai.com.br\/news\/wp-json\/wp\/v2\/posts"}],"about":[{"href":"https:\/\/tvtecjundiai.com.br\/news\/wp-json\/wp\/v2\/types\/post"}],"author":[{"embeddable":true,"href":"https:\/\/tvtecjundiai.com.br\/news\/wp-json\/wp\/v2\/users\/28"}],"replies":[{"embeddable":true,"href":"https:\/\/tvtecjundiai.com.br\/news\/wp-json\/wp\/v2\/comments?post=74799"}],"version-history":[{"count":1,"href":"https:\/\/tvtecjundiai.com.br\/news\/wp-json\/wp\/v2\/posts\/74799\/revisions"}],"predecessor-version":[{"id":74801,"href":"https:\/\/tvtecjundiai.com.br\/news\/wp-json\/wp\/v2\/posts\/74799\/revisions\/74801"}],"wp:featuredmedia":[{"embeddable":true,"href":"https:\/\/tvtecjundiai.com.br\/news\/wp-json\/wp\/v2\/media\/74800"}],"wp:attachment":[{"href":"https:\/\/tvtecjundiai.com.br\/news\/wp-json\/wp\/v2\/media?parent=74799"}],"wp:term":[{"taxonomy":"category","embeddable":true,"href":"https:\/\/tvtecjundiai.com.br\/news\/wp-json\/wp\/v2\/categories?post=74799"},{"taxonomy":"post_tag","embeddable":true,"href":"https:\/\/tvtecjundiai.com.br\/news\/wp-json\/wp\/v2\/tags?post=74799"}],"curies":[{"name":"wp","href":"https:\/\/api.w.org\/{rel}","templated":true}]}}