{"id":74803,"date":"2021-04-27T18:18:50","date_gmt":"2021-04-27T21:18:50","guid":{"rendered":"https:\/\/tvtecjundiai.com.br\/news\/?p=74803"},"modified":"2021-04-27T18:55:16","modified_gmt":"2021-04-27T21:55:16","slug":"profissionais-de-saude-de-jundiai-devem-buscar-pela-vacinacao-contra-gripe-em-ubss","status":"publish","type":"post","link":"https:\/\/tvtecjundiai.com.br\/news\/2021\/04\/27\/profissionais-de-saude-de-jundiai-devem-buscar-pela-vacinacao-contra-gripe-em-ubss\/","title":{"rendered":"Profissionais de Sa\u00fade de Jundia\u00ed podem buscar pela vacina\u00e7\u00e3o contra gripe em UBSs"},"content":{"rendered":"\n<p>A partir do dia 29 de abril, quinta-feira, a Prefeitura de Jundia\u00ed desencadeia a\u00e7\u00f5es para a mobiliza\u00e7\u00e3o dos profissionais de Sa\u00fade para a vacina\u00e7\u00e3o contra a Influenza \u2013 gripe. Escalonados em categorias, entre os dias 29 de abril a 4 de maio, ser\u00e3o atendidos aqueles com registro em Conselho de Classe. J\u00e1 entre os dias 5 a 8 de maio, os equipamentos far\u00e3o a vacina\u00e7\u00e3o das equipes de apoio do setor. A aplica\u00e7\u00e3o ser\u00e1 realizada nas Unidades B\u00e1sicas de Sa\u00fade (UBSs) que n\u00e3o est\u00e3o atuando como Unidade Sentinelas ou que est\u00e3o em reformas ou com atendimento unificado.<\/p>\n\n\n\n<p>De acordo com a enfermeira da Vigil\u00e2ncia Epidemiol\u00f3gica (VE) Maria do Carmo Possidente, a organiza\u00e7\u00e3o feita por categorias entre os profissionais tem o objetivo de facilitar o atendimento e reduzir o fluxo nos servi\u00e7os. \u201cRealizamos abertura de dois equipamentos no s\u00e1bado passado, exclusivamente para os profissionais da Sa\u00fade. Mas h\u00e1 a necessidade de intensificar a participa\u00e7\u00e3o. Para tanto, a dose contra a influenza ser\u00e1 oferecida em UBSs, durante o per\u00edodo de atendimento de cada servi\u00e7o, de segunda a sexta-feira. Basta o profissional se atentar ao per\u00edodo adequado para buscar pela dose\u201d, destaca.<\/p>\n\n\n\n<p>As aplica\u00e7\u00f5es podem ser feitas em todas as UBSs de Jundia\u00ed exceto: US Jardim do Lago (Avenida Leonita Faber Ladeira, 1358), Cl\u00ednica da Fam\u00edlia Novo Horizonte (Avenida Presb\u00edtero Manoel Ant\u00f4nio Dias Filho, 1540), UBS Retiro (Rua Maria L\u00facia de Almeida, 100 \u2013 retomar\u00e1 atendimento dia 3 de maio) e UBS Marlene\/Hortol\u00e2ndia (Rua Balbina Miguel Casoni, 275).<\/p>\n\n\n\n<p>Nas UBSs Agapeama e Tamoio, a vacina\u00e7\u00e3o acontece das 8h \u00e0s 11h30 e das 13h \u00e0s 20h30, de segunda a sexta-feira. J\u00e1 nas demais UBSs com funcionamento das 8h \u00e0s 17h30, o atendimento \u00e9 das 8h \u00e0s 11h30 e das 13h \u00e0s 16h30.<\/p>\n\n\n\n<figure class=\"wp-block-image size-large\"><img loading=\"lazy\" decoding=\"async\" width=\"1200\" height=\"801\" src=\"https:\/\/tvtecjundiai.com.br\/news\/wp-content\/uploads\/sites\/2\/2021\/04\/vacina-influenza-profissionais-da-saude_ubs-jardim-do-lago-65-1-1200x801.jpg\" alt=\"\" class=\"wp-image-74804\" srcset=\"https:\/\/tvtecjundiai.com.br\/news\/wp-content\/uploads\/sites\/2\/2021\/04\/vacina-influenza-profissionais-da-saude_ubs-jardim-do-lago-65-1-1200x801.jpg 1200w, https:\/\/tvtecjundiai.com.br\/news\/wp-content\/uploads\/sites\/2\/2021\/04\/vacina-influenza-profissionais-da-saude_ubs-jardim-do-lago-65-1-300x200.jpg 300w, https:\/\/tvtecjundiai.com.br\/news\/wp-content\/uploads\/sites\/2\/2021\/04\/vacina-influenza-profissionais-da-saude_ubs-jardim-do-lago-65-1-768x512.jpg 768w, https:\/\/tvtecjundiai.com.br\/news\/wp-content\/uploads\/sites\/2\/2021\/04\/vacina-influenza-profissionais-da-saude_ubs-jardim-do-lago-65-1.jpg 1280w\" sizes=\"auto, (max-width: 1200px) 100vw, 1200px\" \/><figcaption>Vacina\u00e7\u00e3o de profissionais da Sa\u00fade ser\u00e1 escalonada para facilitar acesso<\/figcaption><\/figure>\n\n\n\n<p>Entre os dias 29 de abril a 4 de maio, ser\u00e3o atendidos m\u00e9dicos, enfermeiros, nutricionistas, fisioterapeutas, terapeutas ocupacionais, bi\u00f3logos, biom\u00e9dicos, farmac\u00eauticos, odontologistas, fonoaudi\u00f3logos, psic\u00f3logos, assistentes sociais, profissionais de educa\u00e7\u00e3o f\u00edsica, m\u00e9dicos veterin\u00e1rios e seus respectivos t\u00e9cnicos e auxiliares, com a apresenta\u00e7\u00e3o de documento pessoal com foto, Cart\u00e3o de Sa\u00fade Nacional e o registro do Conselho de Classe.<\/p>\n\n\n\n<p>J\u00e1 entre os dias 5 a 8 de maio, os demais profissionais que atuam nos equipamentos de sa\u00fade como apoio devem procurar pela dose. Para receber a aplica\u00e7\u00e3o, basta apresentar o documento com foto, Cart\u00e3o Nacional de Sa\u00fade e comprova\u00e7\u00e3o de v\u00ednculo de trabalho. Nesse grupo se encaixam recepcionistas, seguran\u00e7as, pessoal da limpeza, cozinheiros e auxiliares, motoristas de ambul\u00e2ncias e outros, ou seja, aqueles que trabalham nos servi\u00e7os de sa\u00fade, mas que n\u00e3o est\u00e3o prestando servi\u00e7os diretos de assist\u00eancia \u00e0 sa\u00fade das pessoas. Incluem-se, ainda, aqueles profissionais que atuam em cuidados domiciliares como os cuidadores de idosos.<\/p>\n\n\n\n<p>Os demais p\u00fablicos que est\u00e3o autorizados a receber a aplica\u00e7\u00e3o s\u00e3o gestantes, pu\u00e9rperas e crian\u00e7as entre seis meses e menores de seis anos, e s\u00e3o atendidas nos mesmos endere\u00e7os e hor\u00e1rios.<\/p>\n\n\n\n<p><em>(Texto\/Imagem: Prefeitura de Jundia\u00ed)<\/em><\/p>\n","protected":false},"excerpt":{"rendered":"<p>A partir de quinta-feira (29), a Prefeitura de Jundia\u00ed traz a\u00e7\u00f5es para a mobiliza\u00e7\u00e3o destes profissionais<\/p>\n","protected":false},"author":28,"featured_media":74804,"comment_status":"closed","ping_status":"closed","sticky":false,"template":"","format":"standard","meta":{"footnotes":""},"categories":[8356,1],"tags":[],"class_list":["post-74803","post","type-post","status-publish","format-standard","has-post-thumbnail","hentry","category-jundiai","category-noticias"],"_links":{"self":[{"href":"https:\/\/tvtecjundiai.com.br\/news\/wp-json\/wp\/v2\/posts\/74803","targetHints":{"allow":["GET"]}}],"collection":[{"href":"https:\/\/tvtecjundiai.com.br\/news\/wp-json\/wp\/v2\/posts"}],"about":[{"href":"https:\/\/tvtecjundiai.com.br\/news\/wp-json\/wp\/v2\/types\/post"}],"author":[{"embeddable":true,"href":"https:\/\/tvtecjundiai.com.br\/news\/wp-json\/wp\/v2\/users\/28"}],"replies":[{"embeddable":true,"href":"https:\/\/tvtecjundiai.com.br\/news\/wp-json\/wp\/v2\/comments?post=74803"}],"version-history":[{"count":2,"href":"https:\/\/tvtecjundiai.com.br\/news\/wp-json\/wp\/v2\/posts\/74803\/revisions"}],"predecessor-version":[{"id":74806,"href":"https:\/\/tvtecjundiai.com.br\/news\/wp-json\/wp\/v2\/posts\/74803\/revisions\/74806"}],"wp:featuredmedia":[{"embeddable":true,"href":"https:\/\/tvtecjundiai.com.br\/news\/wp-json\/wp\/v2\/media\/74804"}],"wp:attachment":[{"href":"https:\/\/tvtecjundiai.com.br\/news\/wp-json\/wp\/v2\/media?parent=74803"}],"wp:term":[{"taxonomy":"category","embeddable":true,"href":"https:\/\/tvtecjundiai.com.br\/news\/wp-json\/wp\/v2\/categories?post=74803"},{"taxonomy":"post_tag","embeddable":true,"href":"https:\/\/tvtecjundiai.com.br\/news\/wp-json\/wp\/v2\/tags?post=74803"}],"curies":[{"name":"wp","href":"https:\/\/api.w.org\/{rel}","templated":true}]}}