{"id":74830,"date":"2021-04-28T13:27:56","date_gmt":"2021-04-28T16:27:56","guid":{"rendered":"https:\/\/tvtecjundiai.com.br\/news\/?p=74830"},"modified":"2021-04-28T15:43:52","modified_gmt":"2021-04-28T18:43:52","slug":"escola-inovadora-no-dia-da-educacao-jundiai-tem-muito-o-que-comemorar-1","status":"publish","type":"post","link":"https:\/\/tvtecjundiai.com.br\/news\/2021\/04\/28\/escola-inovadora-no-dia-da-educacao-jundiai-tem-muito-o-que-comemorar-1\/","title":{"rendered":"Dia da Educa\u00e7\u00e3o: programa Escola Inovadora foca na qualidade de ensino e ambi\u00eancia em Jundia\u00ed"},"content":{"rendered":"\n<p>A data de 28 de abril \u00e9 o Dia da Educa\u00e7\u00e3o e Jundia\u00ed tem muito a celebrar. O Programa Escola Inovadora, implantado pela Prefeitura de Jundia\u00ed na gest\u00e3o do governo Luiz Fernando Machado, visa o desenvolvimento da gera\u00e7\u00e3o atual, com foco em tr\u00eas eixos: a ambi\u00eancia escolar, a qualidade da educa\u00e7\u00e3o e a forma\u00e7\u00e3o dos educadores.<\/p>\n\n\n\n<p>Os desafios trazidos pela pandemia n\u00e3o foram impeditivos para que Jundia\u00ed apresentasse inova\u00e7\u00e3o na educa\u00e7\u00e3o. O projeto do desemparedamento da inf\u00e2ncia teve in\u00edcio em 2021, com o retorno das aulas presenciais ap\u00f3s as escolas municipais ficarem fechadas por conta da pandemia. O projeto preconiza as aulas em ambientes ao ar livre, ampliando a rela\u00e7\u00e3o dos alunos com a natureza, levando a aprendizagem a partir de diversas experi\u00eancias vivenciadas fora da sala de aula, utilizando espa\u00e7os dentro das pr\u00f3prias escolas, assim como pra\u00e7as e espa\u00e7os p\u00fablicos no entorno das unidades escolares, como tamb\u00e9m o Mundo das Crian\u00e7as.<\/p>\n\n\n\n<p>\u201cO desemparedamento \u00e9 in\u00e9dito no Brasil e o projeto levou a cidade a ser indicada para&nbsp; concorrer ao pr\u00eamio 2021 Global Mayors Challenge, da Funda\u00e7\u00e3o Bloomberg. Isso demonstra que Jundia\u00ed est\u00e1 no caminho certo para manter a qualidade do processo educacional, ampliando o contato com a natureza, propondo uma inf\u00e2ncia saud\u00e1vel e aliando a aprendizagem ao compromisso de tornar a cidade boa para as crian\u00e7as\u201d, explica o prefeito Luiz Fernando Machado, que ainda salienta que o sucesso da educa\u00e7\u00e3o de Jundia\u00ed \u00e9 conquistado por conta do comprometimento da equipe escolar.&nbsp;<\/p>\n\n\n\n<figure class=\"wp-block-image size-large\"><img loading=\"lazy\" decoding=\"async\" width=\"1200\" height=\"801\" src=\"https:\/\/tvtecjundiai.com.br\/news\/wp-content\/uploads\/sites\/2\/2021\/04\/desemparedamento_emeb_aparecida_merino_medeiros-127-1200x801.jpg\" alt=\"\" class=\"wp-image-74831\" srcset=\"https:\/\/tvtecjundiai.com.br\/news\/wp-content\/uploads\/sites\/2\/2021\/04\/desemparedamento_emeb_aparecida_merino_medeiros-127-1200x801.jpg 1200w, https:\/\/tvtecjundiai.com.br\/news\/wp-content\/uploads\/sites\/2\/2021\/04\/desemparedamento_emeb_aparecida_merino_medeiros-127-300x200.jpg 300w, https:\/\/tvtecjundiai.com.br\/news\/wp-content\/uploads\/sites\/2\/2021\/04\/desemparedamento_emeb_aparecida_merino_medeiros-127-768x512.jpg 768w, https:\/\/tvtecjundiai.com.br\/news\/wp-content\/uploads\/sites\/2\/2021\/04\/desemparedamento_emeb_aparecida_merino_medeiros-127.jpg 1280w\" sizes=\"auto, (max-width: 1200px) 100vw, 1200px\" \/><figcaption>Iniciativa do desemparedamento foi indicada para o pr\u00eamio Global Mayors Challenge, da Funda\u00e7\u00e3o Bloomberg<\/figcaption><\/figure>\n\n\n\n<p>A meta do IDEB \u2013 \u00cdndice de Desenvolvimento da Educa\u00e7\u00e3o B\u00e1sica em Jundia\u00ed foi superada e para oferecer educa\u00e7\u00e3o de qualidade para os alunos, \u00e9 preciso investir na forma\u00e7\u00e3o dos educadores. Os professores contam com diversas ferramentas para que possam promover a atualiza\u00e7\u00e3o profissional. \u201cA pandemia tamb\u00e9m agilizou o processo de ampliar as ferramentas virtuais. Anualmente, s\u00e3o oferecidas centenas de atividades de forma\u00e7\u00e3o aos educadores. As boas notas conquistadas no IDEB t\u00eam influ\u00eancia das capacita\u00e7\u00f5es oferecidas para que eles possam oferecer o melhor da Educa\u00e7\u00e3o Inovadora \u00e0s nossas crian\u00e7as\u201d, lembra a gestora de Educa\u00e7\u00e3o, Vast\u00ed Ferrari Marques.&nbsp;<\/p>\n\n\n\n<figure class=\"wp-block-image size-large\"><img loading=\"lazy\" decoding=\"async\" width=\"1200\" height=\"801\" src=\"https:\/\/tvtecjundiai.com.br\/news\/wp-content\/uploads\/sites\/2\/2021\/04\/visita_sesi_no_ciempi-244-1200x801.jpg\" alt=\"\" class=\"wp-image-74832\" srcset=\"https:\/\/tvtecjundiai.com.br\/news\/wp-content\/uploads\/sites\/2\/2021\/04\/visita_sesi_no_ciempi-244-1200x801.jpg 1200w, https:\/\/tvtecjundiai.com.br\/news\/wp-content\/uploads\/sites\/2\/2021\/04\/visita_sesi_no_ciempi-244-300x200.jpg 300w, https:\/\/tvtecjundiai.com.br\/news\/wp-content\/uploads\/sites\/2\/2021\/04\/visita_sesi_no_ciempi-244-768x512.jpg 768w, https:\/\/tvtecjundiai.com.br\/news\/wp-content\/uploads\/sites\/2\/2021\/04\/visita_sesi_no_ciempi-244.jpg 1280w\" sizes=\"auto, (max-width: 1200px) 100vw, 1200px\" \/><figcaption>CIEMPI conta com ateli\u00eas que visam potencializar a pesquisa das crian\u00e7as e seus educadores<\/figcaption><\/figure>\n\n\n\n<p>Outro importante eixo da Escola Inovadora \u00e9 a ambi\u00eancia escolar. Atualmente s\u00e3o R$ 15,7 milh\u00f5es de investimentos em obras de seis unidades escolares municipais: EMEBs Prof. Joaquim Candel\u00e1rio de Freitas, Prof. An\u00e9zio de Oliveira, Reynaldo Montalv\u00e3o Basile, Am\u00e9lia Lima Lopes, Professora Mercedes Basile Bonito e Wilma Nalin F\u00e1varo.<\/p>\n\n\n\n<p><strong>Educa\u00e7\u00e3o patrimonial, forma\u00e7\u00e3o permanente e extens\u00e3o e pesquisa&nbsp;<\/strong><\/p>\n\n\n\n<p>A educa\u00e7\u00e3o de Jundia\u00ed tamb\u00e9m se destaca por ter o primeiro Centro Internacional de Estudos, Mem\u00f3rias e Pesquisas da Inf\u00e2ncia, o CIEMPI, fruto de um projeto da UGE em parceria com o NEPP-UNICAMP destinado a toda comunidade jundiaiense e \u00e0s pessoas que se interessem pela educa\u00e7\u00e3o patrimonial, os estudos da mem\u00f3ria e as pesquisas da inf\u00e2ncia.<\/p>\n\n\n\n<p>\u201cO Centro conta com site no qual s\u00e3o oferecidos workshops, oficinas, cursos especialmente voltados para documenta\u00e7\u00e3o pedag\u00f3gica e investiga\u00e7\u00e3o da inf\u00e2ncia, ambienta\u00e7\u00e3o e contextos investigativos. Para 2021, a linha pedag\u00f3gica que estamos seguindo \u00e9 da Pedagogia da Escuta, fundamentada nas pesquisas e abordagem de Reggio Emilia-It\u00e1lia, considerando as pr\u00e1ticas e realidades das escolas de Jundia\u00ed em cada segmento. Esse resultado foi impulsionado pelo Centro de Mem\u00f3rias e Pesquisas, t\u00e3o importante para a cidade\u201d, salienta Vast\u00ed.&nbsp;<\/p>\n\n\n\n<p>Ao mesmo tempo que preserva a mem\u00f3ria da educa\u00e7\u00e3o, Jundia\u00ed conta com o primeiro laborat\u00f3rio de alta tecnologia, o FabLab municipal, implementado em parceria com o Sesi e que est\u00e1 ligado \u00e0s estrat\u00e9gias de internacionaliza\u00e7\u00e3o da cidade e focado em oferecer \u00e0s crian\u00e7as formas inovadoras para aprender.&nbsp;<\/p>\n\n\n\n<p>\u201cA educa\u00e7\u00e3o inovadora de Jundia\u00ed tem foco no desenvolvimento do aluno potente, criativo e preparado para o mercado de trabalho futuro\u201d, conclui Luiz Fernando.<\/p>\n\n\n\n<p><em>(Texto\/Imagens: Prefeitura de Jundia\u00ed)<\/em><\/p>\n","protected":false},"excerpt":{"rendered":"<p>O projeto de desemparedamento \u00e9 um dos destaques da educa\u00e7\u00e3o na cidade<\/p>\n","protected":false},"author":28,"featured_media":74878,"comment_status":"closed","ping_status":"closed","sticky":false,"template":"","format":"standard","meta":{"footnotes":""},"categories":[1],"tags":[],"class_list":["post-74830","post","type-post","status-publish","format-standard","has-post-thumbnail","hentry","category-noticias"],"_links":{"self":[{"href":"https:\/\/tvtecjundiai.com.br\/news\/wp-json\/wp\/v2\/posts\/74830","targetHints":{"allow":["GET"]}}],"collection":[{"href":"https:\/\/tvtecjundiai.com.br\/news\/wp-json\/wp\/v2\/posts"}],"about":[{"href":"https:\/\/tvtecjundiai.com.br\/news\/wp-json\/wp\/v2\/types\/post"}],"author":[{"embeddable":true,"href":"https:\/\/tvtecjundiai.com.br\/news\/wp-json\/wp\/v2\/users\/28"}],"replies":[{"embeddable":true,"href":"https:\/\/tvtecjundiai.com.br\/news\/wp-json\/wp\/v2\/comments?post=74830"}],"version-history":[{"count":3,"href":"https:\/\/tvtecjundiai.com.br\/news\/wp-json\/wp\/v2\/posts\/74830\/revisions"}],"predecessor-version":[{"id":74856,"href":"https:\/\/tvtecjundiai.com.br\/news\/wp-json\/wp\/v2\/posts\/74830\/revisions\/74856"}],"wp:featuredmedia":[{"embeddable":true,"href":"https:\/\/tvtecjundiai.com.br\/news\/wp-json\/wp\/v2\/media\/74878"}],"wp:attachment":[{"href":"https:\/\/tvtecjundiai.com.br\/news\/wp-json\/wp\/v2\/media?parent=74830"}],"wp:term":[{"taxonomy":"category","embeddable":true,"href":"https:\/\/tvtecjundiai.com.br\/news\/wp-json\/wp\/v2\/categories?post=74830"},{"taxonomy":"post_tag","embeddable":true,"href":"https:\/\/tvtecjundiai.com.br\/news\/wp-json\/wp\/v2\/tags?post=74830"}],"curies":[{"name":"wp","href":"https:\/\/api.w.org\/{rel}","templated":true}]}}