{"id":74837,"date":"2021-04-28T13:36:30","date_gmt":"2021-04-28T16:36:30","guid":{"rendered":"https:\/\/tvtecjundiai.com.br\/news\/?p=74837"},"modified":"2021-04-28T14:01:20","modified_gmt":"2021-04-28T17:01:20","slug":"comercio-e-servicos-podem-funcionar-das-6h-as-20h-a-partir-de-1o-de-maio-no-estado-de-sp-1","status":"publish","type":"post","link":"https:\/\/tvtecjundiai.com.br\/news\/2021\/04\/28\/comercio-e-servicos-podem-funcionar-das-6h-as-20h-a-partir-de-1o-de-maio-no-estado-de-sp-1\/","title":{"rendered":"Governo de S\u00e3o Paulo prorroga Fase de Transi\u00e7\u00e3o para at\u00e9 9 de maio"},"content":{"rendered":"\n<p>A atual etapa da quarentena, chamada de &#8220;fase de transi\u00e7\u00e3o&#8221;, foi criada pelo governo estadual em 16 de abril para ficar entre a vermelha e a laranja. Nesta quarta (28), o governador Jo\u00e3o Doria anunciou a flexibiliza\u00e7\u00e3o desta fase e a sua prorroga\u00e7\u00e3o para at\u00e9 9 de maio.<\/p>\n\n\n\n<p>Desde 18 de abril, est\u00e1 permitido o funcionamento, com restri\u00e7\u00f5es de hor\u00e1rio, de shoppings, lojas de rua e atividades religiosas. Restaurantes, parques, academias e sal\u00f5es de beleza est\u00e3o liberados desde o \u00faltimo s\u00e1bado (24).<\/p>\n\n\n\n<p>A decis\u00e3o do governo pela mudan\u00e7a de fase foi tomada ap\u00f3s uma leve queda na taxa de interna\u00e7\u00f5es por Covid-19 no estado, que est\u00e1 com ocupa\u00e7\u00e3o em torno de 85% nos leitos de Unidade de Terapia Intensiva (UTIs) \u2013 para especialistas, isso ainda indica uma situa\u00e7\u00e3o cr\u00edtica do sistema de sa\u00fade. Abril j\u00e1 \u00e9 o m\u00eas com mais mortes por Covid em SP desde o in\u00edcio da pandemia.<\/p>\n\n\n\n<p><em>(Texto: G1)<\/em><\/p>\n","protected":false},"excerpt":{"rendered":"<p>Em pronunciamento realizado hoje, governador de SP anunciou flexibiliza\u00e7\u00e3o da fase de transi\u00e7\u00e3o<\/p>\n","protected":false},"author":28,"featured_media":74851,"comment_status":"closed","ping_status":"closed","sticky":false,"template":"","format":"standard","meta":{"footnotes":""},"categories":[8356,1],"tags":[],"class_list":["post-74837","post","type-post","status-publish","format-standard","has-post-thumbnail","hentry","category-jundiai","category-noticias"],"_links":{"self":[{"href":"https:\/\/tvtecjundiai.com.br\/news\/wp-json\/wp\/v2\/posts\/74837","targetHints":{"allow":["GET"]}}],"collection":[{"href":"https:\/\/tvtecjundiai.com.br\/news\/wp-json\/wp\/v2\/posts"}],"about":[{"href":"https:\/\/tvtecjundiai.com.br\/news\/wp-json\/wp\/v2\/types\/post"}],"author":[{"embeddable":true,"href":"https:\/\/tvtecjundiai.com.br\/news\/wp-json\/wp\/v2\/users\/28"}],"replies":[{"embeddable":true,"href":"https:\/\/tvtecjundiai.com.br\/news\/wp-json\/wp\/v2\/comments?post=74837"}],"version-history":[{"count":3,"href":"https:\/\/tvtecjundiai.com.br\/news\/wp-json\/wp\/v2\/posts\/74837\/revisions"}],"predecessor-version":[{"id":74849,"href":"https:\/\/tvtecjundiai.com.br\/news\/wp-json\/wp\/v2\/posts\/74837\/revisions\/74849"}],"wp:featuredmedia":[{"embeddable":true,"href":"https:\/\/tvtecjundiai.com.br\/news\/wp-json\/wp\/v2\/media\/74851"}],"wp:attachment":[{"href":"https:\/\/tvtecjundiai.com.br\/news\/wp-json\/wp\/v2\/media?parent=74837"}],"wp:term":[{"taxonomy":"category","embeddable":true,"href":"https:\/\/tvtecjundiai.com.br\/news\/wp-json\/wp\/v2\/categories?post=74837"},{"taxonomy":"post_tag","embeddable":true,"href":"https:\/\/tvtecjundiai.com.br\/news\/wp-json\/wp\/v2\/tags?post=74837"}],"curies":[{"name":"wp","href":"https:\/\/api.w.org\/{rel}","templated":true}]}}