{"id":74857,"date":"2021-04-28T14:39:53","date_gmt":"2021-04-28T17:39:53","guid":{"rendered":"https:\/\/tvtecjundiai.com.br\/news\/?p=74857"},"modified":"2021-04-28T14:57:56","modified_gmt":"2021-04-28T17:57:56","slug":"guarda-municipal-de-jundiai-resgata-filhote-de-veado-no-paiol-velho-1","status":"publish","type":"post","link":"https:\/\/tvtecjundiai.com.br\/news\/2021\/04\/28\/guarda-municipal-de-jundiai-resgata-filhote-de-veado-no-paiol-velho-1\/","title":{"rendered":"Guarda Municipal de Jundia\u00ed resgata filhote de veado-campeiro no Paiol Velho"},"content":{"rendered":"\n<p>Um filhote de veado da esp\u00e9cie campeiro foi resgatado pela Divis\u00e3o Florestal da Guarda Municipal de Jundia\u00ed na manh\u00e3 de quarta-feira (28).<\/p>\n\n\n\n<p>O animal, que estava ferido, foi visto por um morador na avenida Paulo Ferraz do Reis, no bairro Paiol Velho, regi\u00e3o que pertence ao territ\u00f3rio de gest\u00e3o da Serra do Japi.<\/p>\n\n\n\n<div class=\"wp-block-image\"><figure class=\"aligncenter size-large is-resized\"><img loading=\"lazy\" decoding=\"async\" src=\"https:\/\/tvtecjundiai.com.br\/news\/wp-content\/uploads\/sites\/2\/2021\/04\/ruru-2.jpeg\" alt=\"\" class=\"wp-image-74858\" width=\"665\" height=\"548\" srcset=\"https:\/\/tvtecjundiai.com.br\/news\/wp-content\/uploads\/sites\/2\/2021\/04\/ruru-2.jpeg 820w, https:\/\/tvtecjundiai.com.br\/news\/wp-content\/uploads\/sites\/2\/2021\/04\/ruru-2-300x247.jpeg 300w, https:\/\/tvtecjundiai.com.br\/news\/wp-content\/uploads\/sites\/2\/2021\/04\/ruru-2-768x633.jpeg 768w\" sizes=\"auto, (max-width: 665px) 100vw, 665px\" \/><figcaption>Filhote foi resgatado na avenida Paulo Ferraz do Reis, no bairro Paiol Velho<\/figcaption><\/figure><\/div>\n\n\n\n<p>Uma equipe da Florestal da GMJ, que patrulhava as proximidades, foi avisada e resgatou o animal que, segundo eles, tinha ferimentos de atropelamento.<\/p>\n\n\n\n<p>O filhote foi encaminhado pelos guardas Tavares e subinspetor Jair Jos\u00e9 at\u00e9 a Associa\u00e7\u00e3o Mata Ciliar para receber cuidados. Segundo os funcion\u00e1rios, assim que o animal estiver em boas condi\u00e7\u00f5es f\u00edsicas, ser\u00e1 colocado de volta ao seu habitat.<\/p>\n\n\n\n<div class=\"wp-block-image\"><figure class=\"aligncenter size-large is-resized\"><img loading=\"lazy\" decoding=\"async\" src=\"https:\/\/tvtecjundiai.com.br\/news\/wp-content\/uploads\/sites\/2\/2021\/04\/gm-1-720x960.jpeg\" alt=\"\" class=\"wp-image-74859\" width=\"515\" height=\"686\" srcset=\"https:\/\/tvtecjundiai.com.br\/news\/wp-content\/uploads\/sites\/2\/2021\/04\/gm-1-720x960.jpeg 720w, https:\/\/tvtecjundiai.com.br\/news\/wp-content\/uploads\/sites\/2\/2021\/04\/gm-1-300x400.jpeg 300w, https:\/\/tvtecjundiai.com.br\/news\/wp-content\/uploads\/sites\/2\/2021\/04\/gm-1-768x1024.jpeg 768w, https:\/\/tvtecjundiai.com.br\/news\/wp-content\/uploads\/sites\/2\/2021\/04\/gm-1.jpeg 960w\" sizes=\"auto, (max-width: 515px) 100vw, 515px\" \/><figcaption>Esp\u00e9cie veado-campeiro \u00e9 t\u00edpica do Cerrado e da regi\u00e3o Sul do Brasil<\/figcaption><\/figure><\/div>\n\n\n\n<p>Ainda segundo a Mata Ciliar, a esp\u00e9cie campeiro \u00e9 encontrada em regi\u00f5es do Cerrado e Sul do Brasil. A \u00faltima vez em que foi visto no estado de S\u00e3o Paulo, foi em 1998 na Esta\u00e7\u00e3o Ecol\u00f3gica de Santa B\u00e1rbara.<\/p>\n\n\n\n<p><em>(Texto\/Imagem: Assessoria de Imprensa)<\/em><\/p>\n","protected":false},"excerpt":{"rendered":"<p>Filhote, que \u00e9 da esp\u00e9cie campeiro, foi encaminhado para a Mata Ciliar<\/p>\n","protected":false},"author":28,"featured_media":74863,"comment_status":"closed","ping_status":"closed","sticky":false,"template":"","format":"standard","meta":{"footnotes":""},"categories":[8356,1],"tags":[],"class_list":["post-74857","post","type-post","status-publish","format-standard","has-post-thumbnail","hentry","category-jundiai","category-noticias"],"_links":{"self":[{"href":"https:\/\/tvtecjundiai.com.br\/news\/wp-json\/wp\/v2\/posts\/74857","targetHints":{"allow":["GET"]}}],"collection":[{"href":"https:\/\/tvtecjundiai.com.br\/news\/wp-json\/wp\/v2\/posts"}],"about":[{"href":"https:\/\/tvtecjundiai.com.br\/news\/wp-json\/wp\/v2\/types\/post"}],"author":[{"embeddable":true,"href":"https:\/\/tvtecjundiai.com.br\/news\/wp-json\/wp\/v2\/users\/28"}],"replies":[{"embeddable":true,"href":"https:\/\/tvtecjundiai.com.br\/news\/wp-json\/wp\/v2\/comments?post=74857"}],"version-history":[{"count":3,"href":"https:\/\/tvtecjundiai.com.br\/news\/wp-json\/wp\/v2\/posts\/74857\/revisions"}],"predecessor-version":[{"id":74869,"href":"https:\/\/tvtecjundiai.com.br\/news\/wp-json\/wp\/v2\/posts\/74857\/revisions\/74869"}],"wp:featuredmedia":[{"embeddable":true,"href":"https:\/\/tvtecjundiai.com.br\/news\/wp-json\/wp\/v2\/media\/74863"}],"wp:attachment":[{"href":"https:\/\/tvtecjundiai.com.br\/news\/wp-json\/wp\/v2\/media?parent=74857"}],"wp:term":[{"taxonomy":"category","embeddable":true,"href":"https:\/\/tvtecjundiai.com.br\/news\/wp-json\/wp\/v2\/categories?post=74857"},{"taxonomy":"post_tag","embeddable":true,"href":"https:\/\/tvtecjundiai.com.br\/news\/wp-json\/wp\/v2\/tags?post=74857"}],"curies":[{"name":"wp","href":"https:\/\/api.w.org\/{rel}","templated":true}]}}