{"id":74864,"date":"2021-04-28T14:56:55","date_gmt":"2021-04-28T17:56:55","guid":{"rendered":"https:\/\/tvtecjundiai.com.br\/news\/?p=74864"},"modified":"2021-04-28T15:44:34","modified_gmt":"2021-04-28T18:44:34","slug":"fundo-social-da-prefeitura-de-jundiai-recebe-doacoes-de-alimentos-nao-pereciveis","status":"publish","type":"post","link":"https:\/\/tvtecjundiai.com.br\/news\/2021\/04\/28\/fundo-social-da-prefeitura-de-jundiai-recebe-doacoes-de-alimentos-nao-pereciveis\/","title":{"rendered":"Fundo Social de Jundia\u00ed recebe doa\u00e7\u00e3o de alimentos n\u00e3o perec\u00edveis"},"content":{"rendered":"\n<p>Foi pensando em ajudar as fam\u00edlias em vulnerabilidade que a cabeleireira Carla Bas\u00edlio decidiu mobilizar clientes, amigos e familiares em uma arrecada\u00e7\u00e3o de alimentos n\u00e3o perec\u00edveis. Toda a doa\u00e7\u00e3o foi revertida \u00e0 Campanha Permanente de Solidariedade, do Fundo Social de Jundia\u00ed.<\/p>\n\n\n\n<p>\u201cSabemos que h\u00e1 muitas fam\u00edlias precisando de ajuda e, por isso, \u00e9 necess\u00e1rio incentivar a generosidade e o cuidado com o pr\u00f3ximo. Se cada um fizer a sua parte, com certeza, muitas pessoas poder\u00e3o ser beneficiadas\u201d, explicou Carla, ao lado do esposo Jos\u00e9 Paulo dos Santos.<\/p>\n\n\n\n<figure class=\"wp-block-image size-large\"><img loading=\"lazy\" decoding=\"async\" width=\"1200\" height=\"800\" src=\"https:\/\/tvtecjundiai.com.br\/news\/wp-content\/uploads\/sites\/2\/2021\/04\/doacao_carlabasilio-1-1-1200x800.jpg\" alt=\"\" class=\"wp-image-74865\" srcset=\"https:\/\/tvtecjundiai.com.br\/news\/wp-content\/uploads\/sites\/2\/2021\/04\/doacao_carlabasilio-1-1-1200x800.jpg 1200w, https:\/\/tvtecjundiai.com.br\/news\/wp-content\/uploads\/sites\/2\/2021\/04\/doacao_carlabasilio-1-1-300x200.jpg 300w, https:\/\/tvtecjundiai.com.br\/news\/wp-content\/uploads\/sites\/2\/2021\/04\/doacao_carlabasilio-1-1-768x512.jpg 768w, https:\/\/tvtecjundiai.com.br\/news\/wp-content\/uploads\/sites\/2\/2021\/04\/doacao_carlabasilio-1-1.jpg 1280w\" sizes=\"auto, (max-width: 1200px) 100vw, 1200px\" \/><figcaption>Carla mobilizou clientes, amigos e familiares<\/figcaption><\/figure>\n\n\n\n<p>A entrega dos alimentos foi realizada \u00e0 presidente do Fundo Social, Vanessa Machado. Tamb\u00e9m estiveram presentes Carolina Bonaldo, propriet\u00e1ria da unidade de Jundia\u00ed da Universidade Cruzeiro do Sul, e a filha dela, Isabelly, de nove anos. \u201cUnimos esfor\u00e7os para garantir mais uma contribui\u00e7\u00e3o ao Fundo Social, que desenvolve um lindo e importante trabalho, em Jundia\u00ed\u201d, contou ela.<\/p>\n\n\n\n<p>Al\u00e9m dos alimentos n\u00e3o perec\u00edveis, o Fundo Social tamb\u00e9m recebe doa\u00e7\u00f5es de fraldas para crian\u00e7as e adultos; leite longa vida ou em p\u00f3; absorventes higi\u00eanicos descart\u00e1veis; \u00e1gua mineral; roupas, cal\u00e7ados e toalhas de banho; produtos de limpeza e de higiene pessoal; ra\u00e7\u00e3o para animais; e saco de lixo.<\/p>\n\n\n\n<figure class=\"wp-block-image size-large\"><img loading=\"lazy\" decoding=\"async\" width=\"1200\" height=\"816\" src=\"https:\/\/tvtecjundiai.com.br\/news\/wp-content\/uploads\/sites\/2\/2021\/04\/doacao_carlabasilio-5-1200x816.jpg\" alt=\"\" class=\"wp-image-74866\" srcset=\"https:\/\/tvtecjundiai.com.br\/news\/wp-content\/uploads\/sites\/2\/2021\/04\/doacao_carlabasilio-5-1200x816.jpg 1200w, https:\/\/tvtecjundiai.com.br\/news\/wp-content\/uploads\/sites\/2\/2021\/04\/doacao_carlabasilio-5-300x204.jpg 300w, https:\/\/tvtecjundiai.com.br\/news\/wp-content\/uploads\/sites\/2\/2021\/04\/doacao_carlabasilio-5-768x522.jpg 768w, https:\/\/tvtecjundiai.com.br\/news\/wp-content\/uploads\/sites\/2\/2021\/04\/doacao_carlabasilio-5.jpg 1280w\" sizes=\"auto, (max-width: 1200px) 100vw, 1200px\" \/><figcaption>Alimentos ser\u00e3o revertidos para a Campanha Permanente<\/figcaption><\/figure>\n\n\n\n<p>\u201cA Campanha Permanente do Fundo Social j\u00e1 era realizada, no munic\u00edpio, e, passou a ser fundamental para as outras a\u00e7\u00f5es da Prefeitura de Jundia\u00ed no combate \u00e0 pandemia e seus reflexos socioecon\u00f4micos. Por isso, refor\u00e7o que toda ajuda \u00e9 bem-vinda e faz diferen\u00e7a na mesa de quem mais precisa\u201d, afirmou Vanessa Machado.<\/p>\n\n\n\n<p>Os itens devem ser entregues, diretamente, na sede do Fundo Social, localizado dentro do Parque da Uva. O acesso \u00e9 pela avenida Dona Manoela Lacerda de Vergueiro, s\/n, port\u00e3o 03, bairro Anhangaba\u00fa. O funcionamento da unidade \u00e9 de segunda a sexta-feira, das 8h \u00e0s 17h, exceto feriados. Informa\u00e7\u00f5es: (11) 4521-2762, 4521-2929 e 4521-6833.<\/p>\n\n\n\n<p><em>(Texto\/Imagens: Prefeitura de Jundia\u00ed)<\/em><\/p>\n","protected":false},"excerpt":{"rendered":"<p>A cabeleireira Carla Bas\u00edlio decidiu mobilizar conhecidos em arrecada\u00e7\u00e3o de alimentos n\u00e3o perec\u00edveis<\/p>\n","protected":false},"author":28,"featured_media":74866,"comment_status":"closed","ping_status":"closed","sticky":false,"template":"","format":"standard","meta":{"footnotes":""},"categories":[8356,1],"tags":[],"class_list":["post-74864","post","type-post","status-publish","format-standard","has-post-thumbnail","hentry","category-jundiai","category-noticias"],"_links":{"self":[{"href":"https:\/\/tvtecjundiai.com.br\/news\/wp-json\/wp\/v2\/posts\/74864","targetHints":{"allow":["GET"]}}],"collection":[{"href":"https:\/\/tvtecjundiai.com.br\/news\/wp-json\/wp\/v2\/posts"}],"about":[{"href":"https:\/\/tvtecjundiai.com.br\/news\/wp-json\/wp\/v2\/types\/post"}],"author":[{"embeddable":true,"href":"https:\/\/tvtecjundiai.com.br\/news\/wp-json\/wp\/v2\/users\/28"}],"replies":[{"embeddable":true,"href":"https:\/\/tvtecjundiai.com.br\/news\/wp-json\/wp\/v2\/comments?post=74864"}],"version-history":[{"count":3,"href":"https:\/\/tvtecjundiai.com.br\/news\/wp-json\/wp\/v2\/posts\/74864\/revisions"}],"predecessor-version":[{"id":74879,"href":"https:\/\/tvtecjundiai.com.br\/news\/wp-json\/wp\/v2\/posts\/74864\/revisions\/74879"}],"wp:featuredmedia":[{"embeddable":true,"href":"https:\/\/tvtecjundiai.com.br\/news\/wp-json\/wp\/v2\/media\/74866"}],"wp:attachment":[{"href":"https:\/\/tvtecjundiai.com.br\/news\/wp-json\/wp\/v2\/media?parent=74864"}],"wp:term":[{"taxonomy":"category","embeddable":true,"href":"https:\/\/tvtecjundiai.com.br\/news\/wp-json\/wp\/v2\/categories?post=74864"},{"taxonomy":"post_tag","embeddable":true,"href":"https:\/\/tvtecjundiai.com.br\/news\/wp-json\/wp\/v2\/tags?post=74864"}],"curies":[{"name":"wp","href":"https:\/\/api.w.org\/{rel}","templated":true}]}}