{"id":74868,"date":"2021-04-28T15:08:17","date_gmt":"2021-04-28T18:08:17","guid":{"rendered":"https:\/\/tvtecjundiai.com.br\/news\/?p=74868"},"modified":"2021-04-28T15:08:17","modified_gmt":"2021-04-28T18:08:17","slug":"profissionais-do-sao-vicente-se-destacam-em-treinamento-de-novos-colaboradores","status":"publish","type":"post","link":"https:\/\/tvtecjundiai.com.br\/news\/2021\/04\/28\/profissionais-do-sao-vicente-se-destacam-em-treinamento-de-novos-colaboradores\/","title":{"rendered":"Profissionais do S\u00e3o Vicente se destacam em treinamento de novos colaboradores"},"content":{"rendered":"\n<p>A integra\u00e7\u00e3o realizada para os novos contratados do Hospital de Caridade S\u00e3o Vicente de Paulo (HSV) \u00e9 uma \u00f3tima oportunidade para profissionais que j\u00e1 atuam no hospital demonstrem seus conhecimentos e contribuam para um bom desempenho e qualifica\u00e7\u00e3o dos colaboradores rec\u00e9m-chegados na institui\u00e7\u00e3o.<\/p>\n\n\n\n<p>Coordenado pela Universidade Coorporativa HSV, o processo de integra\u00e7\u00e3o re\u00fane capacita\u00e7\u00f5es te\u00f3ricas e pr\u00e1ticas, onde o funcion\u00e1rio conhece os valores e a cultura organizacional do hospital, al\u00e9m de ter o primeiro contato com os novos colegas e gestores. Na ocasi\u00e3o, o colaborador tamb\u00e9m recebe orienta\u00e7\u00f5es sobre suas metas no trabalho.<\/p>\n\n\n\n<figure class=\"wp-block-image size-large\"><img loading=\"lazy\" decoding=\"async\" width=\"1113\" height=\"720\" src=\"https:\/\/tvtecjundiai.com.br\/news\/wp-content\/uploads\/sites\/2\/2021\/04\/Tatiana-ministra-treinamento-para-novas-colaboradoras.jpeg\" alt=\"\" class=\"wp-image-74870\" srcset=\"https:\/\/tvtecjundiai.com.br\/news\/wp-content\/uploads\/sites\/2\/2021\/04\/Tatiana-ministra-treinamento-para-novas-colaboradoras.jpeg 1113w, https:\/\/tvtecjundiai.com.br\/news\/wp-content\/uploads\/sites\/2\/2021\/04\/Tatiana-ministra-treinamento-para-novas-colaboradoras-300x194.jpeg 300w, https:\/\/tvtecjundiai.com.br\/news\/wp-content\/uploads\/sites\/2\/2021\/04\/Tatiana-ministra-treinamento-para-novas-colaboradoras-768x497.jpeg 768w\" sizes=\"auto, (max-width: 1113px) 100vw, 1113px\" \/><figcaption><strong>Tatiana ministra treinamento para novas colaboradoras<\/strong><\/figcaption><\/figure>\n\n\n\n<p>A supervisora do departamento, Aline Coatto, explica que a maioria dos profissionais s\u00e3o da \u00e1rea assistencial e necessitam passar pelos treinamentos da \u201cTrilha de Enfermagem\u201d, onde s\u00e3o abordados temas mais relevantes para a \u00e1rea, como c\u00f3digo azul, balan\u00e7o h\u00eddrico e seguran\u00e7a na administra\u00e7\u00e3o de medicamentos. \u201cEssa prepara\u00e7\u00e3o te\u00f3rica \u00e9 realizada pela enfermeira Marli Alves R. da Silva e por mim. Em algumas ocasi\u00f5es convidamos enfermeiros plenos do hospital. Tudo isso gera uma confian\u00e7a muito grande nos participantes. Isso aproxima e acolhe esse novo funcion\u00e1rio e oferece a ele uma vis\u00e3o da assist\u00eancia direta ao paciente\u201d.<\/p>\n\n\n\n<p>O ato tamb\u00e9m \u00e9 uma a\u00e7\u00e3o de valoriza\u00e7\u00e3o aos especialistas da institui\u00e7\u00e3o, um reconhecimento da qualidade do trabalho realizado frente \u00e0s suas fun\u00e7\u00f5es. \u201cA pr\u00e1tica assistencial \u00e9 acompanhada pela enfermeira Marli. Recentemente, tamb\u00e9m fizemos um convite para a enfermeira Tatiana Iamonti, que realizou com excel\u00eancia a capacita\u00e7\u00e3o de Oxigenioterapia e Aspira\u00e7\u00e3o de Vias A\u00e9reas\u201d, conta Aline.<\/p>\n\n\n\n<p>\u201cMe senti lisonjeada. Esse convite mostra que estamos, de alguma forma, fazendo a diferen\u00e7a. Acredito que essas capacita\u00e7\u00f5es ir\u00e3o munir os novos colaboradores com algumas informa\u00e7\u00f5es importantes e o paciente ser\u00e1 melhor assistido. \u00c9 uma forma tamb\u00e9m de trazer informa\u00e7\u00f5es inclusive sobre os protocolos vigentes na nossa institui\u00e7\u00e3o\u201d, disse Tatiana.<\/p>\n\n\n\n<p>\u201cTanto o treinamento de Oxigenioterapia, como tantos outros que tivemos foi de muita import\u00e2ncia. Me ajudou demais para relembrar tudo aquilo que vi ainda quando estava cursando enfermagem. O treinamento, acompanhado de um profissional da institui\u00e7\u00e3o j\u00e1 muito bem capacitado, nos deixa mais tranquilos sobre tudo\u201d, aprova a auxiliar de enfermagem, Marina Pereira dos Santos.<\/p>\n\n\n\n<p><em>(Texto\/Imagem: Assessoria de Imprensa)<\/em><\/p>\n","protected":false},"excerpt":{"rendered":"<p>No processo de integra\u00e7\u00e3o, funcion\u00e1rio conhece os valores e a cultura organizacional do hospital<\/p>\n","protected":false},"author":28,"featured_media":74870,"comment_status":"closed","ping_status":"closed","sticky":false,"template":"","format":"standard","meta":{"footnotes":""},"categories":[8356,1],"tags":[],"class_list":["post-74868","post","type-post","status-publish","format-standard","has-post-thumbnail","hentry","category-jundiai","category-noticias"],"_links":{"self":[{"href":"https:\/\/tvtecjundiai.com.br\/news\/wp-json\/wp\/v2\/posts\/74868","targetHints":{"allow":["GET"]}}],"collection":[{"href":"https:\/\/tvtecjundiai.com.br\/news\/wp-json\/wp\/v2\/posts"}],"about":[{"href":"https:\/\/tvtecjundiai.com.br\/news\/wp-json\/wp\/v2\/types\/post"}],"author":[{"embeddable":true,"href":"https:\/\/tvtecjundiai.com.br\/news\/wp-json\/wp\/v2\/users\/28"}],"replies":[{"embeddable":true,"href":"https:\/\/tvtecjundiai.com.br\/news\/wp-json\/wp\/v2\/comments?post=74868"}],"version-history":[{"count":1,"href":"https:\/\/tvtecjundiai.com.br\/news\/wp-json\/wp\/v2\/posts\/74868\/revisions"}],"predecessor-version":[{"id":74871,"href":"https:\/\/tvtecjundiai.com.br\/news\/wp-json\/wp\/v2\/posts\/74868\/revisions\/74871"}],"wp:featuredmedia":[{"embeddable":true,"href":"https:\/\/tvtecjundiai.com.br\/news\/wp-json\/wp\/v2\/media\/74870"}],"wp:attachment":[{"href":"https:\/\/tvtecjundiai.com.br\/news\/wp-json\/wp\/v2\/media?parent=74868"}],"wp:term":[{"taxonomy":"category","embeddable":true,"href":"https:\/\/tvtecjundiai.com.br\/news\/wp-json\/wp\/v2\/categories?post=74868"},{"taxonomy":"post_tag","embeddable":true,"href":"https:\/\/tvtecjundiai.com.br\/news\/wp-json\/wp\/v2\/tags?post=74868"}],"curies":[{"name":"wp","href":"https:\/\/api.w.org\/{rel}","templated":true}]}}