{"id":74880,"date":"2021-05-02T09:00:00","date_gmt":"2021-05-02T12:00:00","guid":{"rendered":"https:\/\/tvtecjundiai.com.br\/news\/?p=74880"},"modified":"2021-04-29T18:07:53","modified_gmt":"2021-04-29T21:07:53","slug":"prefeitura-de-jundiai-e-tvtec-abrem-120-vagas-para-cursos-gratuitos-na-terca-feira-04","status":"publish","type":"post","link":"https:\/\/tvtecjundiai.com.br\/news\/2021\/05\/02\/prefeitura-de-jundiai-e-tvtec-abrem-120-vagas-para-cursos-gratuitos-na-terca-feira-04\/","title":{"rendered":"Prefeitura de Jundia\u00ed e TVTEC abrem 120 vagas para cursos gratuitos na ter\u00e7a-feira (04)"},"content":{"rendered":"\n<p>A Prefeitura de Jundia\u00ed em parceria com a TVTEC abre inscri\u00e7\u00f5es para 120 novas vagas de cursos online e gratuitos. As inscri\u00e7\u00f5es abrem nesta ter\u00e7a-feira (04) a partir das 10h.<\/p>\n\n\n\n<p>Para este lote, as op\u00e7\u00f5es de curso s\u00e3o: \u201cGoogle Meu Neg\u00f3cio\u201d, \u201cTire seu projeto do papel\u201d, \u201cFotografia com o celular para neg\u00f3cio\u201d e \u201cAul\u00e3o de Reels\u201d.<\/p>\n\n\n\n<p>Neste m\u00eas de maio, os cursos somam mais de 105 horas de conte\u00fados voltados principalmente para as m\u00eddias sociais e empreendedorismo.<\/p>\n\n\n\n<p>As inscri\u00e7\u00f5es acontecem sempre \u00e0s 10h pelo site da TVTEC: <a href=\"https:\/\/tvtecjundiai.com.br\/inscricoes\/\">https:\/\/tvtecjundiai.com.br\/inscricoes\/<\/a>. Veja abaixo os cursos com inscri\u00e7\u00f5es.<\/p>\n\n\n\n<figure class=\"wp-block-image size-large\"><img loading=\"lazy\" decoding=\"async\" width=\"1200\" height=\"800\" src=\"https:\/\/tvtecjundiai.com.br\/news\/wp-content\/uploads\/sites\/2\/2021\/04\/cursos-1-1200x800.jpg\" alt=\"\" class=\"wp-image-74974\" srcset=\"https:\/\/tvtecjundiai.com.br\/news\/wp-content\/uploads\/sites\/2\/2021\/04\/cursos-1-1200x800.jpg 1200w, https:\/\/tvtecjundiai.com.br\/news\/wp-content\/uploads\/sites\/2\/2021\/04\/cursos-1-300x200.jpg 300w, https:\/\/tvtecjundiai.com.br\/news\/wp-content\/uploads\/sites\/2\/2021\/04\/cursos-1-768x512.jpg 768w, https:\/\/tvtecjundiai.com.br\/news\/wp-content\/uploads\/sites\/2\/2021\/04\/cursos-1.jpg 1280w\" sizes=\"auto, (max-width: 1200px) 100vw, 1200px\" \/><figcaption>Cursos da TVTEC abrem inscri\u00e7\u00f5es na pr\u00f3xima ter\u00e7a-feira (04)<\/figcaption><\/figure>\n\n\n\n<p><strong>Lote 2: Inscri\u00e7\u00f5es dia 04\/05 \u00e0s 10 horas &#8211; 120 vagas <\/strong><\/p>\n\n\n\n<p><strong>Google Meu Neg\u00f3cio<\/strong><strong><br>Professora:&nbsp;<\/strong>Fl\u00e1via Curado<br><strong>Dias:<\/strong>&nbsp;10 e 13\/05 \u2013 Das 19h \u00e0s 21h<br><strong>20 vagas \u2013 Carga: 4h<\/strong><\/p>\n\n\n\n<p><strong>Saiba mais: <\/strong><a href=\"https:\/\/bit.ly\/negociosgoogle\">https:\/\/bit.ly\/negociosgoogle<\/a><strong><\/strong><\/p>\n\n\n\n<p><strong>Tire seu projeto do papel<\/strong><strong><br>Professor<\/strong>: On\u00f3frio Notarnicola<br><strong>Dias:<\/strong>&nbsp;11 e 13\/05 \u2013 Das 09h \u00e0s 11h<br><strong>30 vagas \u2013&nbsp; Carga: 4h<\/strong><\/p>\n\n\n\n<p><strong>Saiba mais: <\/strong><a href=\"http:\/\/bit.ly\/projetopapel\">http:\/\/bit.ly\/projetopapel<\/a><strong><\/strong><\/p>\n\n\n\n<p><strong>Fotografia com o celular para neg\u00f3cio<\/strong><br><strong>Professora:&nbsp;<\/strong>Grace Sanches<br><strong>Dia:<\/strong>&nbsp;12\/05 \u2013 Das 19h \u00e0s 22h<br><strong>20 vagas \u2013&nbsp; Carga: 3h<\/strong><\/p>\n\n\n\n<p><strong>Saiba mais: <\/strong><a href=\"https:\/\/bit.ly\/fotocelularnegocio\">https:\/\/bit.ly\/fotocelularnegocio<\/a><strong><\/strong><\/p>\n\n\n\n<p><strong>Aul\u00e3o de Reels<\/strong><br><strong>Professores:<\/strong>&nbsp;Anderson Muller, Bruna Panzan e Kalico Sprocatte<br><strong>Dia:<\/strong>&nbsp;13\/05 \u2013 Das 19h \u00e0s 22h<br><strong>50 vagas \u2013 Carga: 3h<\/strong><\/p>\n\n\n\n<p><strong>Saiba mais: <\/strong><a href=\"http:\/\/bit.ly\/reelsaulao\">http:\/\/bit.ly\/reelsaulao<\/a><\/p>\n\n\n\n<p><em>(Texto\/Imagem: TVTEC)<\/em><\/p>\n","protected":false},"excerpt":{"rendered":"<p>Entre os cursos oferecidos est\u00e3o \u201cGoogle Meu Neg\u00f3cio\u201d e \u201cTire seu projeto do papel\u201d<\/p>\n","protected":false},"author":28,"featured_media":74973,"comment_status":"closed","ping_status":"closed","sticky":false,"template":"","format":"standard","meta":{"footnotes":""},"categories":[8356,1],"tags":[],"class_list":["post-74880","post","type-post","status-publish","format-standard","has-post-thumbnail","hentry","category-jundiai","category-noticias"],"_links":{"self":[{"href":"https:\/\/tvtecjundiai.com.br\/news\/wp-json\/wp\/v2\/posts\/74880","targetHints":{"allow":["GET"]}}],"collection":[{"href":"https:\/\/tvtecjundiai.com.br\/news\/wp-json\/wp\/v2\/posts"}],"about":[{"href":"https:\/\/tvtecjundiai.com.br\/news\/wp-json\/wp\/v2\/types\/post"}],"author":[{"embeddable":true,"href":"https:\/\/tvtecjundiai.com.br\/news\/wp-json\/wp\/v2\/users\/28"}],"replies":[{"embeddable":true,"href":"https:\/\/tvtecjundiai.com.br\/news\/wp-json\/wp\/v2\/comments?post=74880"}],"version-history":[{"count":3,"href":"https:\/\/tvtecjundiai.com.br\/news\/wp-json\/wp\/v2\/posts\/74880\/revisions"}],"predecessor-version":[{"id":74976,"href":"https:\/\/tvtecjundiai.com.br\/news\/wp-json\/wp\/v2\/posts\/74880\/revisions\/74976"}],"wp:featuredmedia":[{"embeddable":true,"href":"https:\/\/tvtecjundiai.com.br\/news\/wp-json\/wp\/v2\/media\/74973"}],"wp:attachment":[{"href":"https:\/\/tvtecjundiai.com.br\/news\/wp-json\/wp\/v2\/media?parent=74880"}],"wp:term":[{"taxonomy":"category","embeddable":true,"href":"https:\/\/tvtecjundiai.com.br\/news\/wp-json\/wp\/v2\/categories?post=74880"},{"taxonomy":"post_tag","embeddable":true,"href":"https:\/\/tvtecjundiai.com.br\/news\/wp-json\/wp\/v2\/tags?post=74880"}],"curies":[{"name":"wp","href":"https:\/\/api.w.org\/{rel}","templated":true}]}}