{"id":74883,"date":"2021-04-28T16:45:38","date_gmt":"2021-04-28T19:45:38","guid":{"rendered":"https:\/\/tvtecjundiai.com.br\/news\/?p=74883"},"modified":"2021-04-28T16:45:38","modified_gmt":"2021-04-28T19:45:38","slug":"11-obitos-por-covid-19-sao-registrados-em-jundiai-na-tarde-desta-quarta-feira-28","status":"publish","type":"post","link":"https:\/\/tvtecjundiai.com.br\/news\/2021\/04\/28\/11-obitos-por-covid-19-sao-registrados-em-jundiai-na-tarde-desta-quarta-feira-28\/","title":{"rendered":"11 \u00f3bitos por COVID-19 s\u00e3o registrados em Jundia\u00ed na tarde desta quarta-feira (28)"},"content":{"rendered":"\n<p>A Prefeitura de Jundia\u00ed informa que, nesta quarta-feira (28), onze \u00f3bitos foram contabilizados de residentes na cidade causados pelo Novo Coronav\u00edrus.<\/p>\n\n\n\n<p>Homem, 54 anos, obeso, portador de doen\u00e7a cardiovascular cr\u00f4nica. Internou 18\/04 e faleceu 27\/04 no hospital S\u00e3o Vicente.<\/p>\n\n\n\n<p>Homem, 54 anos, portador de doen\u00e7a cardiovascular cr\u00f4nica e diabetes. Internou 21\/04 e faleceu 27\/04 no hospital S\u00e3o Vicente.<\/p>\n\n\n\n<p>Mulher, 54 anos, portadora de pneumopatia cr\u00f4nica. Internou 19\/04 &nbsp;e faleceu 27\/04 em hospital privado da cidade.<\/p>\n\n\n\n<p>Mulher, 28 anos, com S\u00edndrome de Down. Internou 21\/04 e faleceu 27\/04 em hospital privado da cidade.<\/p>\n\n\n\n<p>Homem, 73 anos, diab\u00e9tico. Internou 17\/04 e faleceu 27\/04 no hospital S\u00e3o Vicente.<\/p>\n\n\n\n<p>Homem, 24 anos, obeso, portador de doen\u00e7a cardiovascular cr\u00f4nica. Internou 17\/04 e faleceu 28\/04 no hospital S\u00e3o Vicente.<\/p>\n\n\n\n<p>Mulher, 67 anos, portadora de pneumopatia cr\u00f4nica. Internou 25\/04 e faleceu 26\/04 no hospital S\u00e3o Vicente.<\/p>\n\n\n\n<p>Homem, 58 anos, portador de doen\u00e7a cardiovascular cr\u00f4nica e diabetes. Internou 27\/04 e faleceu 28\/04 no hospital S\u00e3o Vicente.<\/p>\n\n\n\n<p>Homem, 82 anos, portador de doen\u00e7a cardiovascular e pneumopatia cr\u00f4nicas. Internou 25\/04 e faleceu 27\/04 no hospital S\u00e3o Vicente.<\/p>\n\n\n\n<p>Homem, 51 anos, portador de hepatopatia cr\u00f4nica. Internou 25\/04 e faleceu 28\/04 no hospital S\u00e3o Vicente. &nbsp;<\/p>\n\n\n\n<p>Homem, 75 anos, portador de doen\u00e7a cardiovascular cr\u00f4nica. Internou 27\/04 e faleceu 28\/04 no hospital S\u00e3o Vicente.<\/p>\n\n\n\n<p>At\u00e9 o momento, a cidade registra 1046 \u00f3bitos causados pela COVID-19 desde o in\u00edcio da pandemia.<\/p>\n\n\n\n<figure class=\"wp-block-image size-large\"><img loading=\"lazy\" decoding=\"async\" width=\"960\" height=\"960\" src=\"https:\/\/tvtecjundiai.com.br\/news\/wp-content\/uploads\/sites\/2\/2021\/04\/slide1-18-960x960.png\" alt=\"\" class=\"wp-image-74886\" srcset=\"https:\/\/tvtecjundiai.com.br\/news\/wp-content\/uploads\/sites\/2\/2021\/04\/slide1-18-960x960.png 960w, https:\/\/tvtecjundiai.com.br\/news\/wp-content\/uploads\/sites\/2\/2021\/04\/slide1-18-300x300.png 300w, https:\/\/tvtecjundiai.com.br\/news\/wp-content\/uploads\/sites\/2\/2021\/04\/slide1-18-100x100.png 100w, https:\/\/tvtecjundiai.com.br\/news\/wp-content\/uploads\/sites\/2\/2021\/04\/slide1-18-768x768.png 768w, https:\/\/tvtecjundiai.com.br\/news\/wp-content\/uploads\/sites\/2\/2021\/04\/slide1-18.png 1280w\" sizes=\"auto, (max-width: 960px) 100vw, 960px\" \/><\/figure>\n\n\n\n<figure class=\"wp-block-image size-large\"><img loading=\"lazy\" decoding=\"async\" width=\"960\" height=\"960\" src=\"https:\/\/tvtecjundiai.com.br\/news\/wp-content\/uploads\/sites\/2\/2021\/04\/slide2-18-1-960x960.png\" alt=\"\" class=\"wp-image-74885\" srcset=\"https:\/\/tvtecjundiai.com.br\/news\/wp-content\/uploads\/sites\/2\/2021\/04\/slide2-18-1-960x960.png 960w, https:\/\/tvtecjundiai.com.br\/news\/wp-content\/uploads\/sites\/2\/2021\/04\/slide2-18-1-300x300.png 300w, https:\/\/tvtecjundiai.com.br\/news\/wp-content\/uploads\/sites\/2\/2021\/04\/slide2-18-1-100x100.png 100w, https:\/\/tvtecjundiai.com.br\/news\/wp-content\/uploads\/sites\/2\/2021\/04\/slide2-18-1-768x768.png 768w, https:\/\/tvtecjundiai.com.br\/news\/wp-content\/uploads\/sites\/2\/2021\/04\/slide2-18-1.png 1280w\" sizes=\"auto, (max-width: 960px) 100vw, 960px\" \/><\/figure>\n\n\n\n<p><em>(Texto\/Imagem: Prefeitura de Jundia\u00ed)<\/em><\/p>\n","protected":false},"excerpt":{"rendered":"<p>Paciente mais jovem tinha 24 anos e era portador de doen\u00e7a cardiovascular cr\u00f4nica<\/p>\n","protected":false},"author":28,"featured_media":74768,"comment_status":"closed","ping_status":"closed","sticky":false,"template":"","format":"standard","meta":{"footnotes":""},"categories":[8356,1],"tags":[],"class_list":["post-74883","post","type-post","status-publish","format-standard","has-post-thumbnail","hentry","category-jundiai","category-noticias"],"_links":{"self":[{"href":"https:\/\/tvtecjundiai.com.br\/news\/wp-json\/wp\/v2\/posts\/74883","targetHints":{"allow":["GET"]}}],"collection":[{"href":"https:\/\/tvtecjundiai.com.br\/news\/wp-json\/wp\/v2\/posts"}],"about":[{"href":"https:\/\/tvtecjundiai.com.br\/news\/wp-json\/wp\/v2\/types\/post"}],"author":[{"embeddable":true,"href":"https:\/\/tvtecjundiai.com.br\/news\/wp-json\/wp\/v2\/users\/28"}],"replies":[{"embeddable":true,"href":"https:\/\/tvtecjundiai.com.br\/news\/wp-json\/wp\/v2\/comments?post=74883"}],"version-history":[{"count":1,"href":"https:\/\/tvtecjundiai.com.br\/news\/wp-json\/wp\/v2\/posts\/74883\/revisions"}],"predecessor-version":[{"id":74887,"href":"https:\/\/tvtecjundiai.com.br\/news\/wp-json\/wp\/v2\/posts\/74883\/revisions\/74887"}],"wp:featuredmedia":[{"embeddable":true,"href":"https:\/\/tvtecjundiai.com.br\/news\/wp-json\/wp\/v2\/media\/74768"}],"wp:attachment":[{"href":"https:\/\/tvtecjundiai.com.br\/news\/wp-json\/wp\/v2\/media?parent=74883"}],"wp:term":[{"taxonomy":"category","embeddable":true,"href":"https:\/\/tvtecjundiai.com.br\/news\/wp-json\/wp\/v2\/categories?post=74883"},{"taxonomy":"post_tag","embeddable":true,"href":"https:\/\/tvtecjundiai.com.br\/news\/wp-json\/wp\/v2\/tags?post=74883"}],"curies":[{"name":"wp","href":"https:\/\/api.w.org\/{rel}","templated":true}]}}