{"id":74894,"date":"2021-04-28T18:29:06","date_gmt":"2021-04-28T21:29:06","guid":{"rendered":"https:\/\/tvtecjundiai.com.br\/news\/?p=74894"},"modified":"2021-04-28T18:29:06","modified_gmt":"2021-04-28T21:29:06","slug":"nova-mesa-diretora-do-conselho-artistico-de-jundiai-e-apresentada-em-reuniao-virtual","status":"publish","type":"post","link":"https:\/\/tvtecjundiai.com.br\/news\/2021\/04\/28\/nova-mesa-diretora-do-conselho-artistico-de-jundiai-e-apresentada-em-reuniao-virtual\/","title":{"rendered":"Nova mesa diretora do Conselho Art\u00edstico de Jundia\u00ed \u00e9 apresentada em reuni\u00e3o virtual"},"content":{"rendered":"\n<p>A nova mesa diretora do Conselho Municipal do Patrim\u00f4nio Art\u00edstico e Cultural (Compac), ligado \u00e0 Unidade de Gest\u00e3o de Cultura, foi apresentada na noite desta ter\u00e7a-feira (27), em uma reuni\u00e3o virtual com a presen\u00e7a de autoridades municipais. O Compac tem como principal objetivo preservar a hist\u00f3ria de Jundia\u00ed com foco em seus patrim\u00f4nios materiais e imateriais. Ap\u00f3s as falas das autoridades e suas apresenta\u00e7\u00f5es, os novos membros escolheram por vota\u00e7\u00e3o a forma\u00e7\u00e3o da mesa para o bi\u00eanio 2021-2023.<\/p>\n\n\n\n<p>Representando o prefeito Luiz Fernando Machado, o gestor da Casa Civil, Gustavo Maryssael, ressaltou a import\u00e2ncia do Compac para a sociedade local. \u201cA gente s\u00f3 constr\u00f3i um pa\u00eds valorizando o passado\u201d, observou. \u201cPercebemos, pela forma\u00e7\u00e3o desse conselho, a qualidade de seus membros. Tenho certeza que far\u00e3o um importante trabalho pela nossa cidade.\u201d<\/p>\n\n\n\n<figure class=\"wp-block-image size-large\"><img loading=\"lazy\" decoding=\"async\" width=\"1200\" height=\"506\" src=\"https:\/\/tvtecjundiai.com.br\/news\/wp-content\/uploads\/sites\/2\/2021\/04\/posse-novos-conselheiros-compac-13-1200x506.jpg\" alt=\"\" class=\"wp-image-74895\" srcset=\"https:\/\/tvtecjundiai.com.br\/news\/wp-content\/uploads\/sites\/2\/2021\/04\/posse-novos-conselheiros-compac-13-1200x506.jpg 1200w, https:\/\/tvtecjundiai.com.br\/news\/wp-content\/uploads\/sites\/2\/2021\/04\/posse-novos-conselheiros-compac-13-300x127.jpg 300w, https:\/\/tvtecjundiai.com.br\/news\/wp-content\/uploads\/sites\/2\/2021\/04\/posse-novos-conselheiros-compac-13-768x324.jpg 768w, https:\/\/tvtecjundiai.com.br\/news\/wp-content\/uploads\/sites\/2\/2021\/04\/posse-novos-conselheiros-compac-13.jpg 1280w\" sizes=\"auto, (max-width: 1200px) 100vw, 1200px\" \/><figcaption>Nova mesa diretora foi apresentada em uma reuni\u00e3o virtual com a presen\u00e7a de autoridades municipais<\/figcaption><\/figure>\n\n\n\n<p>O gestor de Cultura, Marcelo Peroni, recordou a import\u00e2ncia do debate que o Compac traz para o munic\u00edpio. \u201cEsse espa\u00e7o de di\u00e1logo \u00e9 muito importante para n\u00f3s\u201d, ressaltou. \u201cE \u00e9 positivo que existam diferentes opini\u00f5es, pluralidade, e que o debate seja sadio.\u201d<\/p>\n\n\n\n<p>O atual presidente, Elizeu Marcos Franco, foi reconduzido ao cargo durante a vota\u00e7\u00e3o, com dura\u00e7\u00e3o de mais um bi\u00eanio. \u201cMuitas pessoas ainda n\u00e3o compreendem a import\u00e2ncia do Compac e um dos novos desafios \u00e9 justamente apresentar \u00e0 sociedade a diferen\u00e7a que faz esse \u00f3rg\u00e3o atuando pelo patrim\u00f4nio hist\u00f3rico.\u201d<\/p>\n\n\n\n<p>Confira os nomes dos integrantes do Compac para o pr\u00f3ximo bi\u00eanio:<\/p>\n\n\n\n<p><strong>Representantes do Poder P\u00fablico:<\/strong><\/p>\n\n\n\n<ul class=\"wp-block-list\"><li>Unidade de Gest\u00e3o de Planejamento Urbano e Meio Ambiente (UGPUMA):<br>Titulares: Ali Mamed Muniz Qbar e Odair Jos\u00e9 Guimar\u00e3es;<br>Suplente: Paula Aleksa Bianchi;<\/li><li>Unidade de Gest\u00e3o de Cultura (UGC):<br>Titulares: Elizeu Marcos Franco, Paulo Vicentini, Solange Fernandes Vetrenka e William Roberto Soares Paix\u00e3o;<\/li><\/ul>\n\n\n\n<p><strong>Representantes das Associa\u00e7\u00f5es, indicados pelas respectivas entidades:<\/strong><\/p>\n\n\n\n<ul class=\"wp-block-list\"><li>Instituto dos Arquitetos do Brasil (IAB):<br>Titulares: Joyce Chiquini e Rosana Ferrari;<\/li><li>Diretoria de Ensino de Jundia\u00ed:<br>Titular: Tiago De Souza Alves;<\/li><li>Ordem dos Advogados do Brasil (OAB) \u2013 33\u00aa Subse\u00e7\u00e3o Jundia\u00ed:<br>Titular: Gisela Andrade Vieira;<\/li><\/ul>\n\n\n\n<p><strong>Representantes de Associa\u00e7\u00f5es Ligadas \u00e0 Preserva\u00e7\u00e3o do Patrim\u00f4nio Hist\u00f3rico:<\/strong><\/p>\n\n\n\n<ul class=\"wp-block-list\"><li>Faculdade de Tecnologia de Jundia\u00ed \u2013 Deputado Ary Fossen:<br>Titular: Adriana Perroni Ballerini;<\/li><li>Gabinete de Leitura Ruy Barbosa:<br>Titular: Eraz\u00ea Sutti;<\/li><li>Sede Regional Jundia\u00ed da Universidade Paulista (Unip):<br>Titular: Tatiana Reis Pimenta<\/li><\/ul>\n\n\n\n<p><strong>Representantes da Comunidade (Sociedade Civil):<\/strong><br>Titular: Edward de Abreu Campanario Neto, Gustavo Augusto Aparecido dos Santos Capelo, Isabella Feres Ferraro, Juliana Corr\u00eaa Gon\u00e7alves, Luan Henrique Linhares Vieira e V\u00e2nia Cristina Feitosa.<\/p>\n\n\n\n<p>(Texto\/Imagem: Prefeitura de Jundia\u00ed)<\/p>\n","protected":false},"excerpt":{"rendered":"<p>Nova mesa diretora foi apresentada em uma reuni\u00e3o virtual com a presen\u00e7a de autoridades municipais<\/p>\n","protected":false},"author":28,"featured_media":74895,"comment_status":"closed","ping_status":"closed","sticky":false,"template":"","format":"standard","meta":{"footnotes":""},"categories":[8356,1],"tags":[],"class_list":["post-74894","post","type-post","status-publish","format-standard","has-post-thumbnail","hentry","category-jundiai","category-noticias"],"_links":{"self":[{"href":"https:\/\/tvtecjundiai.com.br\/news\/wp-json\/wp\/v2\/posts\/74894","targetHints":{"allow":["GET"]}}],"collection":[{"href":"https:\/\/tvtecjundiai.com.br\/news\/wp-json\/wp\/v2\/posts"}],"about":[{"href":"https:\/\/tvtecjundiai.com.br\/news\/wp-json\/wp\/v2\/types\/post"}],"author":[{"embeddable":true,"href":"https:\/\/tvtecjundiai.com.br\/news\/wp-json\/wp\/v2\/users\/28"}],"replies":[{"embeddable":true,"href":"https:\/\/tvtecjundiai.com.br\/news\/wp-json\/wp\/v2\/comments?post=74894"}],"version-history":[{"count":1,"href":"https:\/\/tvtecjundiai.com.br\/news\/wp-json\/wp\/v2\/posts\/74894\/revisions"}],"predecessor-version":[{"id":74896,"href":"https:\/\/tvtecjundiai.com.br\/news\/wp-json\/wp\/v2\/posts\/74894\/revisions\/74896"}],"wp:featuredmedia":[{"embeddable":true,"href":"https:\/\/tvtecjundiai.com.br\/news\/wp-json\/wp\/v2\/media\/74895"}],"wp:attachment":[{"href":"https:\/\/tvtecjundiai.com.br\/news\/wp-json\/wp\/v2\/media?parent=74894"}],"wp:term":[{"taxonomy":"category","embeddable":true,"href":"https:\/\/tvtecjundiai.com.br\/news\/wp-json\/wp\/v2\/categories?post=74894"},{"taxonomy":"post_tag","embeddable":true,"href":"https:\/\/tvtecjundiai.com.br\/news\/wp-json\/wp\/v2\/tags?post=74894"}],"curies":[{"name":"wp","href":"https:\/\/api.w.org\/{rel}","templated":true}]}}