{"id":74897,"date":"2021-04-28T18:37:42","date_gmt":"2021-04-28T21:37:42","guid":{"rendered":"https:\/\/tvtecjundiai.com.br\/news\/?p=74897"},"modified":"2021-04-28T18:37:42","modified_gmt":"2021-04-28T21:37:42","slug":"unidade-de-cultura-de-jundiai-divulga-oficinas-online-gratuitas-de-programa-estadual","status":"publish","type":"post","link":"https:\/\/tvtecjundiai.com.br\/news\/2021\/04\/28\/unidade-de-cultura-de-jundiai-divulga-oficinas-online-gratuitas-de-programa-estadual\/","title":{"rendered":"Unidade de Cultura de Jundia\u00ed divulga oficinas online gratuitas de programa estadual"},"content":{"rendered":"\n<p>A Unidade de Gest\u00e3o de Cultura (UGC) divulga as inscri\u00e7\u00f5es para o programa de \u201cOficinas Culturais \u2013 Forma\u00e7\u00e3o para o Interior\u201d, da secretaria estadual de Cultura e Economia Criativa, da Poiesis Gest\u00e3o Cultural e da Oficinas Culturais. Os encontros, no formato de presta\u00e7\u00e3o de servi\u00e7os culturais \u00e0 popula\u00e7\u00e3o durante o isolamento social, s\u00e3o gratuitos e ser\u00e3o realizados durante o m\u00eas de maio pela plataforma Zoom.<\/p>\n\n\n\n<p>Os detalhes sobre as oficinas podem ser conferidos no site da Poiesis Gest\u00e3o Cultural.<\/p>\n\n\n\n<figure class=\"wp-block-image size-large\"><img loading=\"lazy\" decoding=\"async\" width=\"1200\" height=\"800\" src=\"https:\/\/tvtecjundiai.com.br\/news\/wp-content\/uploads\/sites\/2\/2021\/04\/geopolitica_mapas-21-1-1200x800.jpg\" alt=\"\" class=\"wp-image-74898\" srcset=\"https:\/\/tvtecjundiai.com.br\/news\/wp-content\/uploads\/sites\/2\/2021\/04\/geopolitica_mapas-21-1-1200x800.jpg 1200w, https:\/\/tvtecjundiai.com.br\/news\/wp-content\/uploads\/sites\/2\/2021\/04\/geopolitica_mapas-21-1-300x200.jpg 300w, https:\/\/tvtecjundiai.com.br\/news\/wp-content\/uploads\/sites\/2\/2021\/04\/geopolitica_mapas-21-1-768x512.jpg 768w, https:\/\/tvtecjundiai.com.br\/news\/wp-content\/uploads\/sites\/2\/2021\/04\/geopolitica_mapas-21-1.jpg 1280w\" sizes=\"auto, (max-width: 1200px) 100vw, 1200px\" \/><figcaption>S\u00e3o 14 oficinas e workshops dispon\u00edveis, com temas como Geopol\u00edtica e Pol\u00edtica Cultural, M\u00fasica, Audiovisual e outros<\/figcaption><\/figure>\n\n\n\n<p>Cursos com inscri\u00e7\u00f5es enquanto durarem as vagas:<\/p>\n\n\n\n<ul class=\"wp-block-list\"><li>M\u00fasica Eletr\u00f4nica: hist\u00f3rias, est\u00e9ticas e experimenta\u00e7\u00f5es (100 vagas) \u2013 Inscri\u00e7\u00f5es<br>Realiza\u00e7\u00e3o: 12 de maio, das 18h \u00e0s 20h<br>Coordena\u00e7\u00e3o: Rodrigo Martins<\/li><li>Palestra: Marketing Digital (30 Vagas)<br>Realiza\u00e7\u00e3o: 12 de maio \u2013 9h \u00e0s 12h<br>Coordena\u00e7\u00e3o: Ju Dias<\/li><li>A Nova Mulher de Grete Stern (50 vagas)<br>Realiza\u00e7\u00e3o: 17 de maio, das 14h \u00e0s 16h<br>Coordena\u00e7\u00e3o: Melissa Szymanski<\/li><li>Samba \u2013 Instrumentos e sua pr\u00e1tica no cotidiano (100 vagas)<br>Realiza\u00e7\u00e3o: 21 de maio \u2013 das 14h \u00e0s 17h<br>Coordena\u00e7\u00e3o: Beto Oliveira<\/li><li>Workshop: est\u00edmulos musicais na maternidade (30 vagas)<br>Data e hor\u00e1rio: 21 de maio, das 10h \u00e0s 12h<br>Coordena\u00e7\u00e3o: Coletivo Tiquinhos Pensante<\/li><li>Traduzir Literatura: Como e por onde come\u00e7ar? Notas de uma Tradicional Traidora (100 vagas)<br>Realiza\u00e7\u00e3o: 25 de maio, das 18h \u00e0s 20h<br>Coordena\u00e7\u00e3o: Ellen Maria Vasconcelos<\/li><li>Workshop: Colagem, Identidade e Ancestralidade (100 vagas)<br>Realiza\u00e7\u00e3o: 25 de maio, das 9h \u00e0s 12h<br>Coordena\u00e7\u00e3o: Moara Tupinamb\u00e1<\/li><li>Palestra: territ\u00f3rio geopol\u00edtico na curadoria (100 Vagas)<br>Realiza\u00e7\u00e3o: 27 de maio \u2013 das 10h \u00e0s 12h<br>Coordena\u00e7\u00e3o: Ana Paula Lopes<\/li><li>Viv\u00eancia e bate papo sobre RPG (100 Vagas)<br>Realiza\u00e7\u00e3o: 28 de maio, das 14h \u00e0s 16h<br>Coordena\u00e7\u00e3o: Maur\u00edcio Borges dos Santos<\/li><\/ul>\n\n\n\n<p>Cursos com inscri\u00e7\u00f5es at\u00e9 o dia 04 de maio:<\/p>\n\n\n\n<ul class=\"wp-block-list\"><li>Teatro Lambe-lambe de sombras (30 vagas)<br>Realiza\u00e7\u00e3o: 17, 19, 24 e 26 de maio, das 14h \u00e0s 16h<br>Coordena\u00e7\u00e3o: Guilherme Hernandes e Jo\u00e3o Darte<\/li><li>A Nova Sonoplastia \u2013 A Criatividade da Produ\u00e7\u00e3o Cultural Sonora com Economia Criativa (30 vagas)<br>Realiza\u00e7\u00e3o: 17, 19, 24 e 26 de maio \u2013 18h \u00e0s 20h<br>Coordena\u00e7\u00e3o: Marco Prado e Reynaldo Leite<\/li><li>Introdu\u00e7\u00e3o ao Audiovisual (30 Vagas)<br>Realiza\u00e7\u00e3o: 18, 20, 25 e 27 de maio \u2013 14h \u00e0s 16h<br>Coordena\u00e7\u00e3o: Cleiner Micceno<\/li><li>Fotografia Digital \u2013 P\u00f3s-produ\u00e7\u00e3o (35 Vagas)<br>Realiza\u00e7\u00e3o: Turma A \u2013 18, 20, 25 de maio \u2013 14h \u00e0s 16h\/ Turma B \u2013 24, 26 e 28 de maio \u2013 10h \u00e0s 12h<br>Coordena\u00e7\u00e3o: Bruna Grassi<\/li><li>M\u00fasica Folcl\u00f3rica Sul-Americana \u2013 uma viagem pelas pr\u00e1ticas t\u00edpicas e suas transforma\u00e7\u00f5es na contemporaneidade (50 vagas)<br>Realiza\u00e7\u00e3o: 18, 20, 25 e 27 de maio, das 18h \u00e0s 20h<br>Coordena\u00e7\u00e3o: Marcos Matturro<\/li><\/ul>\n\n\n\n<p>No canal da Oficinas Culturais no YouTube est\u00e3o dispon\u00edveis ainda diversos v\u00eddeos com oficinas gratuitas.<\/p>\n\n\n\n<p><em>(Texto\/Imagem: Prefeitura de Jundia\u00ed)<\/em><\/p>\n","protected":false},"excerpt":{"rendered":"<p>S\u00e3o 14 oficinas e workshops dispon\u00edveis, com temas como Geopol\u00edtica e Pol\u00edtica Cultural<\/p>\n","protected":false},"author":28,"featured_media":74898,"comment_status":"closed","ping_status":"closed","sticky":false,"template":"","format":"standard","meta":{"footnotes":""},"categories":[8356,1],"tags":[],"class_list":["post-74897","post","type-post","status-publish","format-standard","has-post-thumbnail","hentry","category-jundiai","category-noticias"],"_links":{"self":[{"href":"https:\/\/tvtecjundiai.com.br\/news\/wp-json\/wp\/v2\/posts\/74897","targetHints":{"allow":["GET"]}}],"collection":[{"href":"https:\/\/tvtecjundiai.com.br\/news\/wp-json\/wp\/v2\/posts"}],"about":[{"href":"https:\/\/tvtecjundiai.com.br\/news\/wp-json\/wp\/v2\/types\/post"}],"author":[{"embeddable":true,"href":"https:\/\/tvtecjundiai.com.br\/news\/wp-json\/wp\/v2\/users\/28"}],"replies":[{"embeddable":true,"href":"https:\/\/tvtecjundiai.com.br\/news\/wp-json\/wp\/v2\/comments?post=74897"}],"version-history":[{"count":1,"href":"https:\/\/tvtecjundiai.com.br\/news\/wp-json\/wp\/v2\/posts\/74897\/revisions"}],"predecessor-version":[{"id":74899,"href":"https:\/\/tvtecjundiai.com.br\/news\/wp-json\/wp\/v2\/posts\/74897\/revisions\/74899"}],"wp:featuredmedia":[{"embeddable":true,"href":"https:\/\/tvtecjundiai.com.br\/news\/wp-json\/wp\/v2\/media\/74898"}],"wp:attachment":[{"href":"https:\/\/tvtecjundiai.com.br\/news\/wp-json\/wp\/v2\/media?parent=74897"}],"wp:term":[{"taxonomy":"category","embeddable":true,"href":"https:\/\/tvtecjundiai.com.br\/news\/wp-json\/wp\/v2\/categories?post=74897"},{"taxonomy":"post_tag","embeddable":true,"href":"https:\/\/tvtecjundiai.com.br\/news\/wp-json\/wp\/v2\/tags?post=74897"}],"curies":[{"name":"wp","href":"https:\/\/api.w.org\/{rel}","templated":true}]}}