{"id":74915,"date":"2021-04-29T13:17:11","date_gmt":"2021-04-29T16:17:11","guid":{"rendered":"https:\/\/tvtecjundiai.com.br\/news\/?p=74915"},"modified":"2021-04-29T14:14:51","modified_gmt":"2021-04-29T17:14:51","slug":"jundiai-avanca-com-vacinacao-do-grupo-63-contra-a-covid-19-1","status":"publish","type":"post","link":"https:\/\/tvtecjundiai.com.br\/news\/2021\/04\/29\/jundiai-avanca-com-vacinacao-do-grupo-63-contra-a-covid-19-1\/","title":{"rendered":"Jundia\u00ed avan\u00e7a na vacina\u00e7\u00e3o de idosos com 63 anos ou mais contra a COVID-19"},"content":{"rendered":"\n<p>O agendamento realizado na quarta-feira (28) para os idosos com 63 anos ou mais, pelos canais digitais da Prefeitura de Jundia\u00ed (APP Jundia\u00ed e site), para a aplica\u00e7\u00e3o da primeira dose contra a COVID-19 teve in\u00edcio nesta quinta-feira (29), com aplica\u00e7\u00e3o em postos estrat\u00e9gicos da cidade.<\/p>\n\n\n\n<p>\u201cEstamos em um pandemia. \u00c9 de suma import\u00e2ncia que todos tomem a vacina. Parabenizo a Prefeitura de Jundia\u00ed pelo servi\u00e7o oferecido \u00e0 popula\u00e7\u00e3o\u201d, comenta F\u00e1tima Helena Segri, que foi tomar a primeira dose da vacina contra a COVID-19 na manh\u00e3 desta quinta-feira (29), na Par\u00f3quia Santo Antonio, no Anhangaba\u00fa.<\/p>\n\n\n\n<figure class=\"wp-block-image size-large\"><img loading=\"lazy\" decoding=\"async\" width=\"1200\" height=\"800\" src=\"https:\/\/tvtecjundiai.com.br\/news\/wp-content\/uploads\/sites\/2\/2021\/04\/vacinacao-covid-63-mais-na-paroquia-santo-antonio_c_cecilia-26-1200x800.jpg\" alt=\"\" class=\"wp-image-74916\" srcset=\"https:\/\/tvtecjundiai.com.br\/news\/wp-content\/uploads\/sites\/2\/2021\/04\/vacinacao-covid-63-mais-na-paroquia-santo-antonio_c_cecilia-26-1200x800.jpg 1200w, https:\/\/tvtecjundiai.com.br\/news\/wp-content\/uploads\/sites\/2\/2021\/04\/vacinacao-covid-63-mais-na-paroquia-santo-antonio_c_cecilia-26-300x200.jpg 300w, https:\/\/tvtecjundiai.com.br\/news\/wp-content\/uploads\/sites\/2\/2021\/04\/vacinacao-covid-63-mais-na-paroquia-santo-antonio_c_cecilia-26-768x512.jpg 768w, https:\/\/tvtecjundiai.com.br\/news\/wp-content\/uploads\/sites\/2\/2021\/04\/vacinacao-covid-63-mais-na-paroquia-santo-antonio_c_cecilia-26.jpg 1212w\" sizes=\"auto, (max-width: 1200px) 100vw, 1200px\" \/><figcaption>Agendados por aplicativo ou site, popula\u00e7\u00e3o com 63 anos ou mais foi receber a primeira dose de vacina contra a COVID-19<\/figcaption><\/figure>\n\n\n\n<p>Ao todo, foram agendadas para aplica\u00e7\u00e3o 3.250 doses para o grupo 63 anos ou mais, que ter\u00e1 a aplica\u00e7\u00e3o realizada at\u00e9 amanh\u00e3, no Complexo Esportivo Aramis Poli. Al\u00e9m dessa popula\u00e7\u00e3o, Jundia\u00ed mant\u00e9m a aplica\u00e7\u00e3o da segunda dose para pessoas com 68 anos ou mais que receberam a Coronavac.<\/p>\n\n\n\n<p>At\u00e9 o \u00faltimo balan\u00e7o divulgado, na quarta-feira (28), Jundia\u00ed havia aplicado 104.462 doses no munic\u00edpio. Dessas, 66.508 foram para a primeira dose e 37.654, a segunda dose. Todas as informa\u00e7\u00f5es sobre a vacina\u00e7\u00e3o podem ser acessadas pela popula\u00e7\u00e3o no Painel de Monitoramento da COVID-19, no site da Prefeitura de Jundia\u00ed.<\/p>\n\n\n\n<p><em>(Texto\/Imagem: Prefeitura de Jundia\u00ed)<\/em><\/p>\n","protected":false},"excerpt":{"rendered":"<p>Aplica\u00e7\u00e3o da primeira dose contra a COVID-19, para este grupo, teve in\u00edcio nesta quinta-feira (29)<\/p>\n","protected":false},"author":28,"featured_media":74928,"comment_status":"closed","ping_status":"closed","sticky":false,"template":"","format":"standard","meta":{"footnotes":""},"categories":[8356,1],"tags":[],"class_list":["post-74915","post","type-post","status-publish","format-standard","has-post-thumbnail","hentry","category-jundiai","category-noticias"],"_links":{"self":[{"href":"https:\/\/tvtecjundiai.com.br\/news\/wp-json\/wp\/v2\/posts\/74915","targetHints":{"allow":["GET"]}}],"collection":[{"href":"https:\/\/tvtecjundiai.com.br\/news\/wp-json\/wp\/v2\/posts"}],"about":[{"href":"https:\/\/tvtecjundiai.com.br\/news\/wp-json\/wp\/v2\/types\/post"}],"author":[{"embeddable":true,"href":"https:\/\/tvtecjundiai.com.br\/news\/wp-json\/wp\/v2\/users\/28"}],"replies":[{"embeddable":true,"href":"https:\/\/tvtecjundiai.com.br\/news\/wp-json\/wp\/v2\/comments?post=74915"}],"version-history":[{"count":2,"href":"https:\/\/tvtecjundiai.com.br\/news\/wp-json\/wp\/v2\/posts\/74915\/revisions"}],"predecessor-version":[{"id":74926,"href":"https:\/\/tvtecjundiai.com.br\/news\/wp-json\/wp\/v2\/posts\/74915\/revisions\/74926"}],"wp:featuredmedia":[{"embeddable":true,"href":"https:\/\/tvtecjundiai.com.br\/news\/wp-json\/wp\/v2\/media\/74928"}],"wp:attachment":[{"href":"https:\/\/tvtecjundiai.com.br\/news\/wp-json\/wp\/v2\/media?parent=74915"}],"wp:term":[{"taxonomy":"category","embeddable":true,"href":"https:\/\/tvtecjundiai.com.br\/news\/wp-json\/wp\/v2\/categories?post=74915"},{"taxonomy":"post_tag","embeddable":true,"href":"https:\/\/tvtecjundiai.com.br\/news\/wp-json\/wp\/v2\/tags?post=74915"}],"curies":[{"name":"wp","href":"https:\/\/api.w.org\/{rel}","templated":true}]}}