{"id":74923,"date":"2021-04-29T13:51:13","date_gmt":"2021-04-29T16:51:13","guid":{"rendered":"https:\/\/tvtecjundiai.com.br\/news\/?p=74923"},"modified":"2021-04-29T16:02:40","modified_gmt":"2021-04-29T19:02:40","slug":"brasil-chega-a-400-mil-mortos-por-covid-19-com-risco-de-terceira-onda-a-vista-1","status":"publish","type":"post","link":"https:\/\/tvtecjundiai.com.br\/news\/2021\/04\/29\/brasil-chega-a-400-mil-mortos-por-covid-19-com-risco-de-terceira-onda-a-vista-1\/","title":{"rendered":"Brasil chega a 400 mil \u00f3bitos por COVID-19 com risco de terceira onda \u00e0 vista"},"content":{"rendered":"\n<p>O Brasil ultrapassou hoje a marca de 400 mil mortos pela COVID-19 com um patamar ainda alto de \u00f3bitos di\u00e1rios e \u00edndices de mobilidade crescentes, o que, para especialistas, aumenta o risco de o Pa\u00eds ter uma terceira onda da pandemia antes de atingir a imunidade de rebanho pela vacina\u00e7\u00e3o. Com o registro de 1.678 novos registros de \u00f3bitos desde ontem at\u00e9 as 13 horas desta quinta-feira, 29, o Pa\u00eds j\u00e1 acumula 400.021 v\u00edtimas pela doen\u00e7a.<\/p>\n\n\n\n<p>Para cientistas especializados em epidemiologia e virologia ouvidos pelo Estad\u00e3o, a reabertura precipitada das atividades econ\u00f4micas antes de uma queda sustentada de casos, interna\u00e7\u00f5es e mortes favorece que as taxas de transmiss\u00e3o voltem a crescer, com risco maior do surgimento de novas variantes de preocupa\u00e7\u00e3o. Com isso, o intervalo entre a segunda e uma eventual terceira onda seria menor do que o observado entre o primeiro e o segundo picos.<\/p>\n\n\n\n<p>\u201cNos n\u00edveis em que o v\u00edrus circula hoje, esse per\u00edodo entre picos pode ser abreviado, sim. J\u00e1 vimos esse efeito em algumas localidades na virada do ano. A circula\u00e7\u00e3o em n\u00edveis altos favorece isso\u201d, diz o virologista Fernando Spilki, coordenador da Rede Corona\u00f4mica, for\u00e7a-tarefa de laborat\u00f3rios faz o monitoramento gen\u00e9tico de novas cepas.<\/p>\n\n\n\n<p>Em 2020, o n\u00famero de casos e mortes come\u00e7ou a cair entre julho e agosto para ter novo aumento a partir de novembro. O surgimento de uma nova cepa do v\u00edrus (P.1) em Manaus colapsou o sistema amazonense em janeiro e provocou a mesma cat\u00e1strofe em quase todos os Estados do Pa\u00eds entre fevereiro e mar\u00e7o.<\/p>\n\n\n\n<p>Os \u00faltimos dois meses foram os piores da pandemia at\u00e9 aqui. No ano passado, o Pa\u00eds demorou quase cinco meses para atingir os primeiros 100 mil mortos, outros cinco meses para chegar aos 200 mil e dois meses e meio para alcan\u00e7ar as 300 mil v\u00edtimas. A triste marca dos 400 mil \u00f3bitos veio apenas 36 dias depois.<\/p>\n\n\n\n<p>E os dados dos \u00faltimos dias indicam que a queda das interna\u00e7\u00f5es e mortes iniciada h\u00e1 tr\u00eas semanas j\u00e1 estagnou. O mais prov\u00e1vel agora \u00e9 que os \u00edndices se estabilizem em n\u00edveis elevados, com 2 mil a 3 mil mortes di\u00e1rias, ou voltem a crescer, projeta o estat\u00edstico e pesquisador em sa\u00fade p\u00fablica da Funda\u00e7\u00e3o Oswaldo Cruz (Fiocruz) Leonardo Bastos.<\/p>\n\n\n\n<p>\u201cAgora era a hora de segurar mais, fazer uma reabertura mais lenta e planejada. Esse aumento de mobilidade e contato entre as pessoas pode levar a uma manuten\u00e7\u00e3o do n\u00famero de hospitaliza\u00e7\u00f5es em um patamar super alto, o que \u00e9 p\u00e9ssimo, porque sobrecarrega o sistema de sa\u00fade. Do jeito que est\u00e1, a quest\u00e3o n\u00e3o \u00e9 se vai acontecer uma nova onda, mas quando\u201d, diz o especialista.<\/p>\n\n\n\n<p>Como exemplo de como uma nova variante pode provocar grandes surtos em um intervalo curto de tempo, o especialista da Fiocruz cita o caso do Rio. Ele considera que o Estado j\u00e1 viveu tr\u00eas ondas. Al\u00e9m da primeira, entre maio e junho de 2020, os munic\u00edpios fluminenses sofreram um segundo pico em dezembro, com o surgimento da variante P.2, e uma nova alta em mar\u00e7o deste ano, com a emerg\u00eancia da P.1. \u201cTalvez a pr\u00f3xima onda n\u00e3o seja s\u00edncrona em todo o Pa\u00eds, mas poderemos ter surtos em diferentes locais\u201d, opina Bastos.<\/p>\n\n\n\n<p>Para Spilki, o aumento nas taxas de mobilidade e relaxamento das medidas de prote\u00e7\u00e3o n\u00e3o s\u00f3 elevam as taxas de transmiss\u00e3o como facilitam o surgimento de variantes mais transmiss\u00edveis ou letais. \u201cA variante P.1 e outras n\u00e3o s\u00e3o entes est\u00e1ticos, podem evoluir e se adaptar a novos cen\u00e1rios com o espa\u00e7o que vem sendo dado para novos casos\u201d, diz ele. Desde novembro, relata o especialista, j\u00e1 foram identificadas oito novas variantes originadas no Brasil.<\/p>\n\n\n\n<p>O epidemiologista Paulo Lotufo, professor da Faculdade de Medicina da Universidade de S\u00e3o Paulo (FMUSP), tamb\u00e9m destaca que, mesmo com a queda de casos e mortes nas \u00faltimas tr\u00eas semanas, o Brasil est\u00e1 longe de vislumbrar um controle da pandemia.<\/p>\n\n\n\n<p>&#8220;Houve arrefecimento do n\u00famero de casos e mortes pelas medidas de distanciamento social realizadas \u00e0s duras custas. No momento, o retorno \u00e0s outras fases de distanciamento \u00e9 preocupante, principalmente na pr\u00f3xima semana, com aumento da procura de lojas pelo Dia das M\u00e3es e, tamb\u00e9m pela frequ\u00eancia maior de encontros sem a prote\u00e7\u00e3o necess\u00e1ria, como j\u00e1 aconteceu no Natal&#8221;, alerta.<\/p>\n\n\n\n<p>Os especialistas acham improv\u00e1vel que a imuniza\u00e7\u00e3o consiga contemplar a maioria da popula\u00e7\u00e3o antes de uma nova onda. \u201cA vacina\u00e7\u00e3o segue lenta, com interrup\u00e7\u00f5es e falhas de esquema, como falta de doses para refor\u00e7o, o que \u00e9 mais um complicador no que tange a frear a dissemina\u00e7\u00e3o e evolu\u00e7\u00e3o de variantes\u201d, comenta o virologista.<\/p>\n\n\n\n<p>Para os cientistas, as medidas necess\u00e1rias para minimizarmos o risco de um novo tsunami de casos e mortes s\u00e3o as mesmas preconizadas desde o in\u00edcio da pandemia: uso de m\u00e1scara (de prefer\u00eancia PFF2), distanciamento social, prefer\u00eancia por ambientes ventilados, rastreamento e isolamento de pessoas infectadas, al\u00e9m da acelera\u00e7\u00e3o da campanha de vacina\u00e7\u00e3o, que esbarra na escassez de doses.<\/p>\n\n\n\n<p><em>(Texto: Estad\u00e3o\/Imagem: TVTEC)<\/em><\/p>\n","protected":false},"excerpt":{"rendered":"<p>\u00daltimos dois meses no pa\u00eds foram os piores da pandemia at\u00e9 o momento<\/p>\n","protected":false},"author":28,"featured_media":73867,"comment_status":"closed","ping_status":"closed","sticky":false,"template":"","format":"standard","meta":{"footnotes":""},"categories":[8356,1],"tags":[],"class_list":["post-74923","post","type-post","status-publish","format-standard","has-post-thumbnail","hentry","category-jundiai","category-noticias"],"_links":{"self":[{"href":"https:\/\/tvtecjundiai.com.br\/news\/wp-json\/wp\/v2\/posts\/74923","targetHints":{"allow":["GET"]}}],"collection":[{"href":"https:\/\/tvtecjundiai.com.br\/news\/wp-json\/wp\/v2\/posts"}],"about":[{"href":"https:\/\/tvtecjundiai.com.br\/news\/wp-json\/wp\/v2\/types\/post"}],"author":[{"embeddable":true,"href":"https:\/\/tvtecjundiai.com.br\/news\/wp-json\/wp\/v2\/users\/28"}],"replies":[{"embeddable":true,"href":"https:\/\/tvtecjundiai.com.br\/news\/wp-json\/wp\/v2\/comments?post=74923"}],"version-history":[{"count":2,"href":"https:\/\/tvtecjundiai.com.br\/news\/wp-json\/wp\/v2\/posts\/74923\/revisions"}],"predecessor-version":[{"id":74944,"href":"https:\/\/tvtecjundiai.com.br\/news\/wp-json\/wp\/v2\/posts\/74923\/revisions\/74944"}],"wp:featuredmedia":[{"embeddable":true,"href":"https:\/\/tvtecjundiai.com.br\/news\/wp-json\/wp\/v2\/media\/73867"}],"wp:attachment":[{"href":"https:\/\/tvtecjundiai.com.br\/news\/wp-json\/wp\/v2\/media?parent=74923"}],"wp:term":[{"taxonomy":"category","embeddable":true,"href":"https:\/\/tvtecjundiai.com.br\/news\/wp-json\/wp\/v2\/categories?post=74923"},{"taxonomy":"post_tag","embeddable":true,"href":"https:\/\/tvtecjundiai.com.br\/news\/wp-json\/wp\/v2\/tags?post=74923"}],"curies":[{"name":"wp","href":"https:\/\/api.w.org\/{rel}","templated":true}]}}