{"id":74925,"date":"2021-04-29T14:15:19","date_gmt":"2021-04-29T17:15:19","guid":{"rendered":"https:\/\/tvtecjundiai.com.br\/news\/?p=74925"},"modified":"2021-04-29T15:50:24","modified_gmt":"2021-04-29T18:50:24","slug":"alunos-da-faculdade-de-medicina-de-jundiai-revertem-mais-de-r-6-mil-ao-sao-vicente-1","status":"publish","type":"post","link":"https:\/\/tvtecjundiai.com.br\/news\/2021\/04\/29\/alunos-da-faculdade-de-medicina-de-jundiai-revertem-mais-de-r-6-mil-ao-sao-vicente-1\/","title":{"rendered":"Alunos da Faculdade de Medicina de Jundia\u00ed revertem mais de R$6 mil ao S\u00e3o Vicente"},"content":{"rendered":"\n<p>Durante o m\u00eas de abril, os alunos da Faculdade de Medicina de Jundia\u00ed (FMJ) realizaram, pela segunda vez, uma campanha de doa\u00e7\u00e3o online a fim de reverter a verba arrecadada ao Hospital de Caridade S\u00e3o Vicente de Paulo (HSV). A corrente do bem levantou no total R$ 6.260,00, que ser\u00e3o direcionados \u00e0 institui\u00e7\u00e3o para investimentos no combate \u00e0 COVID-19.<\/p>\n\n\n\n<p>A supervisora de projetos sociais do HSV, Viviane Rasera, conta que a mobiliza\u00e7\u00e3o por parte dos alunos \u00e9 uma atitude generosa e solid\u00e1ria. \u201cN\u00e3o \u00e9 a primeira vez que se mobilizam em prol do HSV, criam as campanhas, envolvem e unem a sociedade. O mais interessante deste movimento \u00e9 que est\u00e3o disseminando a mensagem sobre a import\u00e2ncia da cultura de doa\u00e7\u00e3o. Quanto mais eles estiverem envolvidos com esse movimento, com mensagens que possam contribuir para o desenvolvimento e a transforma\u00e7\u00e3o da sociedade, mais impacto poder\u00e3o promover no futuro\u201d.<\/p>\n\n\n\n<figure class=\"wp-block-image size-large\"><img loading=\"lazy\" decoding=\"async\" width=\"1200\" height=\"675\" src=\"https:\/\/tvtecjundiai.com.br\/news\/wp-content\/uploads\/sites\/2\/2021\/04\/Viviane-Rasera-responsavel-por-acoes-da-comunidade-em-prol-do-HSV-1200x675.jpg\" alt=\"\" class=\"wp-image-74927\" srcset=\"https:\/\/tvtecjundiai.com.br\/news\/wp-content\/uploads\/sites\/2\/2021\/04\/Viviane-Rasera-responsavel-por-acoes-da-comunidade-em-prol-do-HSV-1200x675.jpg 1200w, https:\/\/tvtecjundiai.com.br\/news\/wp-content\/uploads\/sites\/2\/2021\/04\/Viviane-Rasera-responsavel-por-acoes-da-comunidade-em-prol-do-HSV-300x169.jpg 300w, https:\/\/tvtecjundiai.com.br\/news\/wp-content\/uploads\/sites\/2\/2021\/04\/Viviane-Rasera-responsavel-por-acoes-da-comunidade-em-prol-do-HSV-768x432.jpg 768w, https:\/\/tvtecjundiai.com.br\/news\/wp-content\/uploads\/sites\/2\/2021\/04\/Viviane-Rasera-responsavel-por-acoes-da-comunidade-em-prol-do-HSV.jpg 1280w\" sizes=\"auto, (max-width: 1200px) 100vw, 1200px\" \/><figcaption>A supervisora de projetos sociais do HSV, Viviane Rasera: mobiliza\u00e7\u00e3o por parte dos alunos \u00e9 atitude generosa e solid\u00e1ria<\/figcaption><\/figure>\n\n\n\n<p>A Eduarda Gomes da Costa Onofre \u00e9 aluna do 4&nbsp;\u00ba&nbsp;ano da FMJ e conta que a iniciativa partiu dos alunos, os quais, por meio dos \u00f3rg\u00e3os acad\u00eamicos da faculdade como a Associa\u00e7\u00e3o Atl\u00e9tica Acad\u00eamica Professor Alphonso Bovero, Batuseado e Diret\u00f3rio Acad\u00eamico Professor Alphonso Bovero, mobilizaram a campanha de arrecada\u00e7\u00e3o, com o apoio da coordena\u00e7\u00e3o da FMJ e da associa\u00e7\u00e3o de ex-alunos.<\/p>\n\n\n\n<p>\u201cPercebemos a necessidade de ajudar financeiramente o hospital em meio \u00e0 situa\u00e7\u00e3o de pandemia. O hospital tem atendido diariamente casos de COVID-19 desde o in\u00edcio e para que esse atendimento seja seguro e eficaz s\u00e3o necess\u00e1rios equipamentos de prote\u00e7\u00e3o individual. Sendo assim, vimos a necessidade de arrecadar doa\u00e7\u00f5es para permitir a compra dos mesmos. Infelizmente, estamos passando por um momento muito triste. Poder ajudar o HSV, que sempre esteve de portas abertas para nos ensinar, \u00e9 muito gratificante. Esperamos poder retribuir um pouco do que o hospital j\u00e1 fez por n\u00f3s\u201d, agradece Eduarda.<\/p>\n\n\n\n<p><em>(Texto: Assessoria de Imprensa\/Foto: TVTEC)<\/em><\/p>\n","protected":false},"excerpt":{"rendered":"<p>Corrente do bem levantou valor que ser\u00e1 direcionado \u00e0 institui\u00e7\u00e3o para investimentos no combate \u00e0 COVID-19<\/p>\n","protected":false},"author":28,"featured_media":4925,"comment_status":"closed","ping_status":"closed","sticky":false,"template":"","format":"standard","meta":{"footnotes":""},"categories":[8356,1],"tags":[],"class_list":["post-74925","post","type-post","status-publish","format-standard","has-post-thumbnail","hentry","category-jundiai","category-noticias"],"_links":{"self":[{"href":"https:\/\/tvtecjundiai.com.br\/news\/wp-json\/wp\/v2\/posts\/74925","targetHints":{"allow":["GET"]}}],"collection":[{"href":"https:\/\/tvtecjundiai.com.br\/news\/wp-json\/wp\/v2\/posts"}],"about":[{"href":"https:\/\/tvtecjundiai.com.br\/news\/wp-json\/wp\/v2\/types\/post"}],"author":[{"embeddable":true,"href":"https:\/\/tvtecjundiai.com.br\/news\/wp-json\/wp\/v2\/users\/28"}],"replies":[{"embeddable":true,"href":"https:\/\/tvtecjundiai.com.br\/news\/wp-json\/wp\/v2\/comments?post=74925"}],"version-history":[{"count":3,"href":"https:\/\/tvtecjundiai.com.br\/news\/wp-json\/wp\/v2\/posts\/74925\/revisions"}],"predecessor-version":[{"id":74943,"href":"https:\/\/tvtecjundiai.com.br\/news\/wp-json\/wp\/v2\/posts\/74925\/revisions\/74943"}],"wp:featuredmedia":[{"embeddable":true,"href":"https:\/\/tvtecjundiai.com.br\/news\/wp-json\/wp\/v2\/media\/4925"}],"wp:attachment":[{"href":"https:\/\/tvtecjundiai.com.br\/news\/wp-json\/wp\/v2\/media?parent=74925"}],"wp:term":[{"taxonomy":"category","embeddable":true,"href":"https:\/\/tvtecjundiai.com.br\/news\/wp-json\/wp\/v2\/categories?post=74925"},{"taxonomy":"post_tag","embeddable":true,"href":"https:\/\/tvtecjundiai.com.br\/news\/wp-json\/wp\/v2\/tags?post=74925"}],"curies":[{"name":"wp","href":"https:\/\/api.w.org\/{rel}","templated":true}]}}