{"id":74930,"date":"2021-04-29T14:22:07","date_gmt":"2021-04-29T17:22:07","guid":{"rendered":"https:\/\/tvtecjundiai.com.br\/news\/?p=74930"},"modified":"2021-04-29T15:40:41","modified_gmt":"2021-04-29T18:40:41","slug":"escola-do-santa-gertrudes-e-reformada-e-integrada-aos-espacos-publicos","status":"publish","type":"post","link":"https:\/\/tvtecjundiai.com.br\/news\/2021\/04\/29\/escola-do-santa-gertrudes-e-reformada-e-integrada-aos-espacos-publicos\/","title":{"rendered":"Escola Inovadora: EMEB do Santa Gertrudes ganha revitaliza\u00e7\u00e3o e ambi\u00eancia escolar"},"content":{"rendered":"\n<p>No Jardim Santa Gertrudes, mais uma Escola Inovadora passou por revitaliza\u00e7\u00e3o e ambi\u00eancia escolar. Deck de madeira, mirante sob as \u00e1rvores, brinquedos com \u00e1gua, revitaliza\u00e7\u00e3o do parque infantil e amplia\u00e7\u00e3o da \u00e1rea externa de brincar s\u00e3o algumas das novidades da EMEB Wilma Nalin F\u00e1varo, que recebeu a visita do prefeito Luiz Fernando Machado na manh\u00e3 desta quinta-feira (29).<\/p>\n\n\n\n<p>A pra\u00e7a em frente \u00e0 escola tamb\u00e9m foi revitalizada e recebeu os conceitos da Urban 95. Nos f\u00f3runs descentralizados promovidos pela Unidade de Cultura, a revitaliza\u00e7\u00e3o do espa\u00e7o foi uma das indica\u00e7\u00f5es da comunidade, para que recebesse interven\u00e7\u00f5es de comodidade e ludicidade, pensando no trajeto das crian\u00e7as at\u00e9 a escola.<\/p>\n\n\n\n<figure class=\"wp-block-image size-large\"><img loading=\"lazy\" decoding=\"async\" width=\"1200\" height=\"800\" src=\"https:\/\/tvtecjundiai.com.br\/news\/wp-content\/uploads\/sites\/2\/2021\/04\/visita_emeb_wilma_nalin-380-1200x800.jpg\" alt=\"\" class=\"wp-image-74931\" srcset=\"https:\/\/tvtecjundiai.com.br\/news\/wp-content\/uploads\/sites\/2\/2021\/04\/visita_emeb_wilma_nalin-380-1200x800.jpg 1200w, https:\/\/tvtecjundiai.com.br\/news\/wp-content\/uploads\/sites\/2\/2021\/04\/visita_emeb_wilma_nalin-380-300x200.jpg 300w, https:\/\/tvtecjundiai.com.br\/news\/wp-content\/uploads\/sites\/2\/2021\/04\/visita_emeb_wilma_nalin-380-768x512.jpg 768w, https:\/\/tvtecjundiai.com.br\/news\/wp-content\/uploads\/sites\/2\/2021\/04\/visita_emeb_wilma_nalin-380.jpg 1280w\" sizes=\"auto, (max-width: 1200px) 100vw, 1200px\" \/><figcaption>Amplia\u00e7\u00e3o dos espa\u00e7os externas priorizam o desemparedamento da inf\u00e2ncia<\/figcaption><\/figure>\n\n\n\n<p>\u201cEm Jundia\u00ed, a educa\u00e7\u00e3o olha para o desenvolvimento da crian\u00e7a. A escola, integrada \u00e0 pra\u00e7a e aos equipamentos do entorno, promove uma conviv\u00eancia dos alunos com a comunidade. O processo de educa\u00e7\u00e3o na cidade \u00e9 realizado tamb\u00e9m fora dos muros da escola\u201d, lembra o prefeito Luiz Fernando.<\/p>\n\n\n\n<p>As obras na EMEB priorizaram as \u00e1reas externas e de brincar, promovendo mais espa\u00e7os para as atividades ao ar livre e em contato com a natureza, com foco no projeto de desemparedamento da inf\u00e2ncia.<\/p>\n\n\n\n<p>\u201cUm dos eixos da Escola Inovadora \u00e9 a ambi\u00eancia escolar, que prima em como organizar os espa\u00e7os das escolas para que todos sejam de aprendizagem. \u00c9 pensar na crian\u00e7a potente, como protagonista da sua hist\u00f3ria e na educa\u00e7\u00e3o de qualidade\u201d, afirma a gestora de Educa\u00e7\u00e3o, Vast\u00ed Ferrari Marques.&nbsp;<\/p>\n\n\n\n<figure class=\"wp-block-image size-large\"><img loading=\"lazy\" decoding=\"async\" width=\"1200\" height=\"800\" src=\"https:\/\/tvtecjundiai.com.br\/news\/wp-content\/uploads\/sites\/2\/2021\/04\/visita_emeb_wilma_nalin-285-1200x800.jpg\" alt=\"\" class=\"wp-image-74932\" srcset=\"https:\/\/tvtecjundiai.com.br\/news\/wp-content\/uploads\/sites\/2\/2021\/04\/visita_emeb_wilma_nalin-285-1200x800.jpg 1200w, https:\/\/tvtecjundiai.com.br\/news\/wp-content\/uploads\/sites\/2\/2021\/04\/visita_emeb_wilma_nalin-285-300x200.jpg 300w, https:\/\/tvtecjundiai.com.br\/news\/wp-content\/uploads\/sites\/2\/2021\/04\/visita_emeb_wilma_nalin-285-768x512.jpg 768w, https:\/\/tvtecjundiai.com.br\/news\/wp-content\/uploads\/sites\/2\/2021\/04\/visita_emeb_wilma_nalin-285.jpg 1280w\" sizes=\"auto, (max-width: 1200px) 100vw, 1200px\" \/><figcaption>Escola ganhou com deck de madeira e mirante sob as \u00e1rvores<\/figcaption><\/figure>\n\n\n\n<p>A EMEB atende cinco turmas do ber\u00e7\u00e1rio ao grupo 3,&nbsp; crian\u00e7as na faixa et\u00e1ria de 6 meses a 3 anos. O investimento nas obras de ambi\u00eancia escolar foi de R$ 420 mil. As obras contemplaram ainda a constru\u00e7\u00e3o de lixeira, revis\u00e3o do telhado, calhas e rufos, das instala\u00e7\u00f5es el\u00e9tricas, hidr\u00e1ulicas, adequa\u00e7\u00e3o do parque infantil, das portas de madeira e dos caixilhos met\u00e1licos, coloca\u00e7\u00e3o de grama sint\u00e9tica, da cozinha e pintura geral. Atualmente, Jundia\u00ed investe R$ 15,7 milh\u00f5es em obras de ambi\u00eancia escolar em seis Escolas Inovadoras.&nbsp;<\/p>\n\n\n\n<p>Estiveram presentes na visita \u00e0 escola o vice-prefeito, Gustavo Martinelli, o gestor de Cultura, Marcelo Peroni, o gestor de Infraestrutura e Servi\u00e7os P\u00fablicos, Ad\u00edlson Rosa e vereadores.<\/p>\n\n\n\n<figure class=\"wp-block-image size-large\"><img loading=\"lazy\" decoding=\"async\" width=\"1200\" height=\"800\" src=\"https:\/\/tvtecjundiai.com.br\/news\/wp-content\/uploads\/sites\/2\/2021\/04\/visita_emeb_wilma_nalin-537-1200x800.jpg\" alt=\"\" class=\"wp-image-74933\" srcset=\"https:\/\/tvtecjundiai.com.br\/news\/wp-content\/uploads\/sites\/2\/2021\/04\/visita_emeb_wilma_nalin-537-1200x800.jpg 1200w, https:\/\/tvtecjundiai.com.br\/news\/wp-content\/uploads\/sites\/2\/2021\/04\/visita_emeb_wilma_nalin-537-300x200.jpg 300w, https:\/\/tvtecjundiai.com.br\/news\/wp-content\/uploads\/sites\/2\/2021\/04\/visita_emeb_wilma_nalin-537-768x512.jpg 768w, https:\/\/tvtecjundiai.com.br\/news\/wp-content\/uploads\/sites\/2\/2021\/04\/visita_emeb_wilma_nalin-537.jpg 1280w\" sizes=\"auto, (max-width: 1200px) 100vw, 1200px\" \/><figcaption>Escola ganhou com deck de madeira e mirante sob as \u00e1rvores<\/figcaption><\/figure>\n\n\n\n<p><em>(Texto\/Imagens: Prefeitura de Jundia\u00ed)<\/em><\/p>\n","protected":false},"excerpt":{"rendered":"<p>Deck de madeira, mirante sob as \u00e1rvores e brinquedos com \u00e1gua est\u00e3o entre as reformas da escola<\/p>\n","protected":false},"author":28,"featured_media":74938,"comment_status":"closed","ping_status":"closed","sticky":false,"template":"","format":"standard","meta":{"footnotes":""},"categories":[8356,1],"tags":[],"class_list":["post-74930","post","type-post","status-publish","format-standard","has-post-thumbnail","hentry","category-jundiai","category-noticias"],"_links":{"self":[{"href":"https:\/\/tvtecjundiai.com.br\/news\/wp-json\/wp\/v2\/posts\/74930","targetHints":{"allow":["GET"]}}],"collection":[{"href":"https:\/\/tvtecjundiai.com.br\/news\/wp-json\/wp\/v2\/posts"}],"about":[{"href":"https:\/\/tvtecjundiai.com.br\/news\/wp-json\/wp\/v2\/types\/post"}],"author":[{"embeddable":true,"href":"https:\/\/tvtecjundiai.com.br\/news\/wp-json\/wp\/v2\/users\/28"}],"replies":[{"embeddable":true,"href":"https:\/\/tvtecjundiai.com.br\/news\/wp-json\/wp\/v2\/comments?post=74930"}],"version-history":[{"count":2,"href":"https:\/\/tvtecjundiai.com.br\/news\/wp-json\/wp\/v2\/posts\/74930\/revisions"}],"predecessor-version":[{"id":74937,"href":"https:\/\/tvtecjundiai.com.br\/news\/wp-json\/wp\/v2\/posts\/74930\/revisions\/74937"}],"wp:featuredmedia":[{"embeddable":true,"href":"https:\/\/tvtecjundiai.com.br\/news\/wp-json\/wp\/v2\/media\/74938"}],"wp:attachment":[{"href":"https:\/\/tvtecjundiai.com.br\/news\/wp-json\/wp\/v2\/media?parent=74930"}],"wp:term":[{"taxonomy":"category","embeddable":true,"href":"https:\/\/tvtecjundiai.com.br\/news\/wp-json\/wp\/v2\/categories?post=74930"},{"taxonomy":"post_tag","embeddable":true,"href":"https:\/\/tvtecjundiai.com.br\/news\/wp-json\/wp\/v2\/tags?post=74930"}],"curies":[{"name":"wp","href":"https:\/\/api.w.org\/{rel}","templated":true}]}}