{"id":74948,"date":"2021-04-30T13:46:01","date_gmt":"2021-04-30T16:46:01","guid":{"rendered":"https:\/\/tvtecjundiai.com.br\/news\/?p=74948"},"modified":"2021-04-30T13:47:45","modified_gmt":"2021-04-30T16:47:45","slug":"aluna-da-tvtec-abandona-sedentarismo-aos-38-anos-e-vira-faixa-preta-de-taekwondo","status":"publish","type":"post","link":"https:\/\/tvtecjundiai.com.br\/news\/2021\/04\/30\/aluna-da-tvtec-abandona-sedentarismo-aos-38-anos-e-vira-faixa-preta-de-taekwondo\/","title":{"rendered":"Aluna da TVTEC abandona sedentarismo aos 38 anos e vira faixa preta de Taekwondo"},"content":{"rendered":"\n<p>A aluna da TVTEC, Ana Isabel Ferreira Rebello, 49, era completamente avessa a qualquer tipo de atividade f\u00edsica at\u00e9 seus 38 anos. \u201cEra daquelas que pagava academia e n\u00e3o ia. Nunca gostei de esporte\u201d, confessa.<\/p>\n\n\n\n<p>Quando tinha 15 anos, Bel \u2013 como \u00e9 mais conhecida &#8211; foi estudar m\u00fasica em S\u00e3o Paulo e mais tarde, acabou indo morar na cidade, para fazer faculdade e trabalhar em uma orquestra. Em 2008, quando a m\u00e3e dela faleceu, Bel decidiu voltar para Jundia\u00ed para morar com o pai. Foi a\u00ed que ela percebeu a necessidade de praticar algum exerc\u00edcio f\u00edsico. \u201cQuando voltei para Jundia\u00ed, ficava incomodada de chegar em casa e n\u00e3o fazer mais nada, ent\u00e3o conversei com meu irm\u00e3o e comecei a fazer as aulas de Taekwondo com ele\u201d, lembra.<\/p>\n\n\n\n<div class=\"wp-block-image\"><figure class=\"aligncenter size-large\"><img loading=\"lazy\" decoding=\"async\" width=\"720\" height=\"480\" src=\"https:\/\/tvtecjundiai.com.br\/news\/wp-content\/uploads\/sites\/2\/2021\/04\/bel3.jpg\" alt=\"\" class=\"wp-image-74949\" srcset=\"https:\/\/tvtecjundiai.com.br\/news\/wp-content\/uploads\/sites\/2\/2021\/04\/bel3.jpg 720w, https:\/\/tvtecjundiai.com.br\/news\/wp-content\/uploads\/sites\/2\/2021\/04\/bel3-300x200.jpg 300w\" sizes=\"auto, (max-width: 720px) 100vw, 720px\" \/><figcaption>Bel quando ainda n\u00e3o era faixa preta; mudan\u00e7a do sedentarismo para o Taekwondo<\/figcaption><\/figure><\/div>\n\n\n\n<p>Bel e seu irm\u00e3o Lucas s\u00e3o s\u00f3cios da academia K\u00b4S, em Jundia\u00ed, que oferece n\u00e3o s\u00f3 o Taekwondo, como tamb\u00e9m outros tipos de artes marciais. \u201cQuando ele fundou, precisava de um s\u00f3cio e acabei aceitando, mas nem entrava l\u00e1\u201d, diz.<\/p>\n\n\n\n<p>Bel conta que ap\u00f3s come\u00e7ar a frequentar a academia, acabou se apaixonando pelo Taekwondo. \u201cAl\u00e9m da parte do exerc\u00edcio f\u00edsico, que fazia me sentir muito bem, aprendi defesa pessoal, melhorou minha coordena\u00e7\u00e3o motora, minha autoconfian\u00e7a, dentre muitas outras coisas. E tem tamb\u00e9m a parte mental e filos\u00f3fica, que s\u00e3o apaixonantes\u201d.<\/p>\n\n\n\n<div class=\"wp-block-image\"><figure class=\"aligncenter size-large is-resized\"><img loading=\"lazy\" decoding=\"async\" src=\"https:\/\/tvtecjundiai.com.br\/news\/wp-content\/uploads\/sites\/2\/2021\/04\/bel.jpg\" alt=\"\" class=\"wp-image-74950\" width=\"372\" height=\"676\" srcset=\"https:\/\/tvtecjundiai.com.br\/news\/wp-content\/uploads\/sites\/2\/2021\/04\/bel.jpg 528w, https:\/\/tvtecjundiai.com.br\/news\/wp-content\/uploads\/sites\/2\/2021\/04\/bel-275x500.jpg 275w\" sizes=\"auto, (max-width: 372px) 100vw, 372px\" \/><figcaption>Bel, ao lado do sobrinho e do irm\u00e3o Lucas<\/figcaption><\/figure><\/div>\n\n\n\n<p>Ap\u00f3s come\u00e7ar a praticar, Bel come\u00e7ou a se aprimorar no esporte, fazendo cursos de arbitragem, cursos t\u00e9cnicos e para instrutores. \u201cCom isso, trabalhei como \u00e1rbitro em diversos campeonatos paulistas e jogos regionais. Tamb\u00e9m competi bastante e conquistei v\u00e1rias medalhas em Poomsae, uma \u00e1rea do Taekwondo que \u00e9 voltada para os movimentos\u201d, celebra.<\/p>\n\n\n\n<p>O esfor\u00e7o valeu tanto \u00e0 pena que em 2012, Bel foi vice-campe\u00e3 por Jundia\u00ed nos Jogos Regionais. \u201cCheguei \u00e0 faixa preta sem pretens\u00e3o, foi mais uma consequ\u00eancia do que uma meta. Como \u00e9 um esporte que apaixona, a gente acaba se dedicando\u201d.<\/p>\n\n\n\n<p><em>(Texto: TVTEC\/Imagem: Arquivo Pessoal)<\/em><\/p>\n","protected":false},"excerpt":{"rendered":"<p>Ana Isabel detestava academia, mas se encontrou na arte marcial e hoje d\u00e1 aulas do esporte<\/p>\n","protected":false},"author":28,"featured_media":74949,"comment_status":"closed","ping_status":"closed","sticky":false,"template":"","format":"standard","meta":{"footnotes":""},"categories":[1],"tags":[],"class_list":["post-74948","post","type-post","status-publish","format-standard","has-post-thumbnail","hentry","category-noticias"],"_links":{"self":[{"href":"https:\/\/tvtecjundiai.com.br\/news\/wp-json\/wp\/v2\/posts\/74948","targetHints":{"allow":["GET"]}}],"collection":[{"href":"https:\/\/tvtecjundiai.com.br\/news\/wp-json\/wp\/v2\/posts"}],"about":[{"href":"https:\/\/tvtecjundiai.com.br\/news\/wp-json\/wp\/v2\/types\/post"}],"author":[{"embeddable":true,"href":"https:\/\/tvtecjundiai.com.br\/news\/wp-json\/wp\/v2\/users\/28"}],"replies":[{"embeddable":true,"href":"https:\/\/tvtecjundiai.com.br\/news\/wp-json\/wp\/v2\/comments?post=74948"}],"version-history":[{"count":4,"href":"https:\/\/tvtecjundiai.com.br\/news\/wp-json\/wp\/v2\/posts\/74948\/revisions"}],"predecessor-version":[{"id":74998,"href":"https:\/\/tvtecjundiai.com.br\/news\/wp-json\/wp\/v2\/posts\/74948\/revisions\/74998"}],"wp:featuredmedia":[{"embeddable":true,"href":"https:\/\/tvtecjundiai.com.br\/news\/wp-json\/wp\/v2\/media\/74949"}],"wp:attachment":[{"href":"https:\/\/tvtecjundiai.com.br\/news\/wp-json\/wp\/v2\/media?parent=74948"}],"wp:term":[{"taxonomy":"category","embeddable":true,"href":"https:\/\/tvtecjundiai.com.br\/news\/wp-json\/wp\/v2\/categories?post=74948"},{"taxonomy":"post_tag","embeddable":true,"href":"https:\/\/tvtecjundiai.com.br\/news\/wp-json\/wp\/v2\/tags?post=74948"}],"curies":[{"name":"wp","href":"https:\/\/api.w.org\/{rel}","templated":true}]}}