{"id":74967,"date":"2021-04-29T17:35:30","date_gmt":"2021-04-29T20:35:30","guid":{"rendered":"https:\/\/tvtecjundiai.com.br\/news\/?p=74967"},"modified":"2021-04-29T17:35:30","modified_gmt":"2021-04-29T20:35:30","slug":"vereadores-e-gestor-de-financas-de-jundiai-discutem-acoes-para-enfrentar-pandemia","status":"publish","type":"post","link":"https:\/\/tvtecjundiai.com.br\/news\/2021\/04\/29\/vereadores-e-gestor-de-financas-de-jundiai-discutem-acoes-para-enfrentar-pandemia\/","title":{"rendered":"Vereadores e gestor de Finan\u00e7as de Jundia\u00ed discutem a\u00e7\u00f5es para enfrentar pandemia"},"content":{"rendered":"\n<p>Nesta quinta-feira (29), os vereadores de Jundia\u00ed participaram de reuni\u00e3o online com o Gestor de Governo e Finan\u00e7as da Prefeitura, Jos\u00e9 Ant\u00f4nio Parimoschi, para sugerir a\u00e7\u00f5es nas \u00e1reas da Sa\u00fade, Economia, Educa\u00e7\u00e3o e Assist\u00eancia Social, para enfrentamento da pandemia na cidade.<\/p>\n\n\n\n<p>Participaram da reuni\u00e3o o Presidente da C\u00e2mara, Faouaz Taha, e os vereadores Antonio Carlos Albino, Daniel Lemos, Douglas Medeiros, Edicarlos Vieira, Juninho Ad\u00edlson, dr. Kachan Jr., Leandro Palmarini, Madson Henrique, Marcelo Gastaldo, Marcio Cabeleireiro, Paulo Sergio Martins, Qu\u00e9zia de Lucca, Romildo Antonio e Val Freitas.<\/p>\n\n\n\n<p>Foram duas horas de troca de ideias e experi\u00eancias, que devem resultar na apresenta\u00e7\u00e3o, em breve, de projetos de lei voltados \u00e0s pessoas e fam\u00edlias em situa\u00e7\u00e3o de vulnerabilidade. O segundo passo ser\u00e1 dialogar com os gestores de todas as Pastas da Prefeitura, para tratar de temas espec\u00edficos de cada uma.<\/p>\n\n\n\n<p>A participa\u00e7\u00e3o do Legislativo no enfrentamento da pandemia \u00e9 fundamental, uma vez que os vereadores s\u00e3o os agentes p\u00fablicos mais pr\u00f3ximos da popula\u00e7\u00e3o e, por isso, podem identificar as necessidades mais urgentes.<\/p>\n\n\n\n<p><em>(Texto: Assessoria de Imprensa)<\/em><\/p>\n","protected":false},"excerpt":{"rendered":"<p>Segundo passo ser\u00e1 dialogar com os gestores de todas as Pastas da Prefeitura<\/p>\n","protected":false},"author":28,"featured_media":74968,"comment_status":"closed","ping_status":"closed","sticky":false,"template":"","format":"standard","meta":{"footnotes":""},"categories":[8356,1],"tags":[],"class_list":["post-74967","post","type-post","status-publish","format-standard","has-post-thumbnail","hentry","category-jundiai","category-noticias"],"_links":{"self":[{"href":"https:\/\/tvtecjundiai.com.br\/news\/wp-json\/wp\/v2\/posts\/74967","targetHints":{"allow":["GET"]}}],"collection":[{"href":"https:\/\/tvtecjundiai.com.br\/news\/wp-json\/wp\/v2\/posts"}],"about":[{"href":"https:\/\/tvtecjundiai.com.br\/news\/wp-json\/wp\/v2\/types\/post"}],"author":[{"embeddable":true,"href":"https:\/\/tvtecjundiai.com.br\/news\/wp-json\/wp\/v2\/users\/28"}],"replies":[{"embeddable":true,"href":"https:\/\/tvtecjundiai.com.br\/news\/wp-json\/wp\/v2\/comments?post=74967"}],"version-history":[{"count":1,"href":"https:\/\/tvtecjundiai.com.br\/news\/wp-json\/wp\/v2\/posts\/74967\/revisions"}],"predecessor-version":[{"id":74969,"href":"https:\/\/tvtecjundiai.com.br\/news\/wp-json\/wp\/v2\/posts\/74967\/revisions\/74969"}],"wp:featuredmedia":[{"embeddable":true,"href":"https:\/\/tvtecjundiai.com.br\/news\/wp-json\/wp\/v2\/media\/74968"}],"wp:attachment":[{"href":"https:\/\/tvtecjundiai.com.br\/news\/wp-json\/wp\/v2\/media?parent=74967"}],"wp:term":[{"taxonomy":"category","embeddable":true,"href":"https:\/\/tvtecjundiai.com.br\/news\/wp-json\/wp\/v2\/categories?post=74967"},{"taxonomy":"post_tag","embeddable":true,"href":"https:\/\/tvtecjundiai.com.br\/news\/wp-json\/wp\/v2\/tags?post=74967"}],"curies":[{"name":"wp","href":"https:\/\/api.w.org\/{rel}","templated":true}]}}