{"id":74987,"date":"2021-04-30T11:04:12","date_gmt":"2021-04-30T14:04:12","guid":{"rendered":"https:\/\/tvtecjundiai.com.br\/news\/?p=74987"},"modified":"2021-04-30T11:04:12","modified_gmt":"2021-04-30T14:04:12","slug":"maio-amarelo-tera-aula-a-ceu-aberto-e-material-educativo","status":"publish","type":"post","link":"https:\/\/tvtecjundiai.com.br\/news\/2021\/04\/30\/maio-amarelo-tera-aula-a-ceu-aberto-e-material-educativo\/","title":{"rendered":"Maio Amarelo ter\u00e1 aula a c\u00e9u aberto e material educativo"},"content":{"rendered":"\n<p>A Prefeitura de Jundia\u00ed, por meio da Unidade de Gest\u00e3o de Mobilidade e Transporte, traz uma programa\u00e7\u00e3o dedicada ao Movimento Maio Amarelo, com a inten\u00e7\u00e3o de ampliar a conscientiza\u00e7\u00e3o do motorista e a discuss\u00e3o sobre o assunto seguran\u00e7a no tr\u00e2nsito. A programa\u00e7\u00e3o inclui la\u00e7os amarelos nos \u00f4nibus urbanos, distribui\u00e7\u00e3o de materiais promocionais por meio de apoiadores e parceiros da sociedade civil, aulas em espa\u00e7os abertos com alunos da rede municipal, treinamento de agentes com as mudan\u00e7as no c\u00f3digo de tr\u00e2nsito, entre outros. O movimento em Jundia\u00ed conta com o apoio da Unidade de Gest\u00e3o de Educa\u00e7\u00e3o.<\/p>\n\n\n\n<p><a rel=\"noreferrer noopener\" href=\"https:\/\/jundiai.sp.gov.br\/transportes\/maio-amarelo\/\" target=\"_blank\"><strong>CONFIRA AQUI A PROGRAMA\u00c7\u00c3O E TENHA ACESSO A MATERIAIS DA CAMPANHA<\/strong><\/a><\/p>\n\n\n\n<div class=\"wp-block-image\"><figure class=\"aligncenter size-large\"><img loading=\"lazy\" decoding=\"async\" width=\"1200\" height=\"767\" src=\"https:\/\/tvtecjundiai.com.br\/news\/wp-content\/uploads\/sites\/2\/2021\/04\/transito-4-1200x767.jpg\" alt=\"\" class=\"wp-image-74988\" srcset=\"https:\/\/tvtecjundiai.com.br\/news\/wp-content\/uploads\/sites\/2\/2021\/04\/transito-4-1200x767.jpg 1200w, https:\/\/tvtecjundiai.com.br\/news\/wp-content\/uploads\/sites\/2\/2021\/04\/transito-4-300x192.jpg 300w, https:\/\/tvtecjundiai.com.br\/news\/wp-content\/uploads\/sites\/2\/2021\/04\/transito-4-768x491.jpg 768w, https:\/\/tvtecjundiai.com.br\/news\/wp-content\/uploads\/sites\/2\/2021\/04\/transito-4.jpg 1280w\" sizes=\"auto, (max-width: 1200px) 100vw, 1200px\" \/><figcaption>Objetivo principal do movimento \u00e9 diminuir o n\u00famero de acidentes e mortes no tr\u00e2nsito<\/figcaption><\/figure><\/div>\n\n\n\n<p>\u201cO Maio Amarelo acompanha o objetivo que sempre perseguimos: diminuir acidentes e mortes no tr\u00e2nsito\u201d, observa o prefeito de Jundia\u00ed, Luiz Fernando Machado. \u201cE isso n\u00e3o se limita apenas ao motorista. \u00c9 preciso levar o aprendizado \u00e0s crian\u00e7as, que s\u00e3o multiplicadoras de informa\u00e7\u00f5es.\u201d<\/p>\n\n\n\n<p>Devido \u00e0 pandemia, essa edi\u00e7\u00e3o da campanha ter\u00e1 um foco maior na divulga\u00e7\u00e3o digital. As aulas ocorrem nos dias 6 e 7 de maio, com alunos da EMEB Jo\u00e3o Luiz de Campos. A atividade ser\u00e1 feita no Parque UNIDAM, ao ar livre, atendendo a todos os protocolos sanit\u00e1rios e dentro do conceito de desemparedamento da escola.<\/p>\n\n\n\n<p>O gestor de Mobilidade e Transporte, Aloysio Queiroz, lembra que \u00e9 necess\u00e1rio investir na educa\u00e7\u00e3o no tr\u00e2nsito em paralelo \u00e0 fiscaliza\u00e7\u00e3o. \u201cN\u00f3s queremos chamar a aten\u00e7\u00e3o da sociedade para o alto \u00edndice de v\u00edtimas no tr\u00e2nsito e faz\u00ea-la perceber que profissionais do setor p\u00fablico, como os agentes de tr\u00e2nsito, n\u00e3o existem para punir, mas para apoiar o motorista e melhorar a circula\u00e7\u00e3o pelas vias da cidade.\u201d<\/p>\n\n\n\n<p><em>(Fonte\/Imagem: Prefeitura de Jundia\u00ed)<\/em><\/p>\n","protected":false},"excerpt":{"rendered":"<p>Objetivo principal do movimento \u00e9 diminuir o n\u00famero de acidentes e mortes no tr\u00e2nsito<\/p>\n","protected":false},"author":25,"featured_media":74988,"comment_status":"closed","ping_status":"closed","sticky":false,"template":"","format":"standard","meta":{"footnotes":""},"categories":[5697,1],"tags":[],"class_list":["post-74987","post","type-post","status-publish","format-standard","has-post-thumbnail","hentry","category-mobilidade-noticias","category-noticias"],"_links":{"self":[{"href":"https:\/\/tvtecjundiai.com.br\/news\/wp-json\/wp\/v2\/posts\/74987","targetHints":{"allow":["GET"]}}],"collection":[{"href":"https:\/\/tvtecjundiai.com.br\/news\/wp-json\/wp\/v2\/posts"}],"about":[{"href":"https:\/\/tvtecjundiai.com.br\/news\/wp-json\/wp\/v2\/types\/post"}],"author":[{"embeddable":true,"href":"https:\/\/tvtecjundiai.com.br\/news\/wp-json\/wp\/v2\/users\/25"}],"replies":[{"embeddable":true,"href":"https:\/\/tvtecjundiai.com.br\/news\/wp-json\/wp\/v2\/comments?post=74987"}],"version-history":[{"count":1,"href":"https:\/\/tvtecjundiai.com.br\/news\/wp-json\/wp\/v2\/posts\/74987\/revisions"}],"predecessor-version":[{"id":74989,"href":"https:\/\/tvtecjundiai.com.br\/news\/wp-json\/wp\/v2\/posts\/74987\/revisions\/74989"}],"wp:featuredmedia":[{"embeddable":true,"href":"https:\/\/tvtecjundiai.com.br\/news\/wp-json\/wp\/v2\/media\/74988"}],"wp:attachment":[{"href":"https:\/\/tvtecjundiai.com.br\/news\/wp-json\/wp\/v2\/media?parent=74987"}],"wp:term":[{"taxonomy":"category","embeddable":true,"href":"https:\/\/tvtecjundiai.com.br\/news\/wp-json\/wp\/v2\/categories?post=74987"},{"taxonomy":"post_tag","embeddable":true,"href":"https:\/\/tvtecjundiai.com.br\/news\/wp-json\/wp\/v2\/tags?post=74987"}],"curies":[{"name":"wp","href":"https:\/\/api.w.org\/{rel}","templated":true}]}}