{"id":74993,"date":"2021-04-30T11:42:21","date_gmt":"2021-04-30T14:42:21","guid":{"rendered":"https:\/\/tvtecjundiai.com.br\/news\/?p=74993"},"modified":"2021-04-30T11:42:21","modified_gmt":"2021-04-30T14:42:21","slug":"internacao-domiciliar-e-uma-das-alternativas-para-gestao-de-leitos-covid-19-no-hospital-sao-vicente","status":"publish","type":"post","link":"https:\/\/tvtecjundiai.com.br\/news\/2021\/04\/30\/internacao-domiciliar-e-uma-das-alternativas-para-gestao-de-leitos-covid-19-no-hospital-sao-vicente\/","title":{"rendered":"Interna\u00e7\u00e3o domiciliar \u00e9 uma das alternativas para gest\u00e3o de leitos COVID-19 no Hospital S\u00e3o Vicente"},"content":{"rendered":"\n<p>O trabalho da Interna\u00e7\u00e3o Domiciliar (ID) do Hospital de Caridade S\u00e3o Vicente de Paulo (HSV), implantado de forma pioneira h\u00e1 23 anos, tem exercido papel fundamental nesta pandemia de COVID-19. O servi\u00e7o tem garantido a assist\u00eancia a pacientes que j\u00e1 superaram a fase aguda da doen\u00e7a, mas que ainda necessitam de suporte multidisciplinar e que t\u00eam condi\u00e7\u00f5es de finalizar o tratamento em casa.<\/p>\n\n\n\n<p>De novembro de 2020 at\u00e9 mar\u00e7o de 2021, 233 pacientes que enfrentaram a doen\u00e7a e ficaram internados no HSV, j\u00e1 receberam o benef\u00edcio deste servi\u00e7o, oferecido para a popula\u00e7\u00e3o de Jundia\u00ed. &#8220;O modelo de assist\u00eancia implantado no HSV para o tratamento da COVID-19 \u00e9 de excel\u00eancia, seja durante o per\u00edodo de interna\u00e7\u00e3o nos leitos do hospital ou no acompanhamento especializado domiciliar. A assist\u00eancia segue o padr\u00e3o de qualidade reconhecido do hospital centen\u00e1rio e refer\u00eancia em alta complexidade para toda a regi\u00e3o da Aglomera\u00e7\u00e3o Urbana de Jundia\u00ed &#8220;, comenta o prefeito Luiz Fernando Machado.<\/p>\n\n\n\n<p>\u201cO servi\u00e7o tem possibilitado a gest\u00e3o estrat\u00e9gica de nossos leitos. Pacientes em desmame de oxig\u00eanio e que j\u00e1 n\u00e3o necessitam de uma estrutura hospitalar para se recuperar, seguem sendo tratados no conforto de seu lar. Em paralelo, aquele leito que estava sendo ocupado, fica vago para outro paciente mais cr\u00edtico e que necessita do amparo hospitalar\u201d, explica Matheus Gomes, superintendente do HSV.<\/p>\n\n\n\n<p>O servi\u00e7o \u00e9 coordenado pela m\u00e9dica Alessandra Pina Mattion e conta com 25 profissionais, entre m\u00e9dicos, fisioterapeutas, enfermeiros e auxiliares. \u201cNossa miss\u00e3o \u00e9 dar continuidade \u00e0 assist\u00eancia de qualidade que o paciente recebeu durante a interna\u00e7\u00e3o no hospital. E isso \u00e9 feito tanto para pacientes COVID-19 como n\u00e3o COVID-19. A \u00fanica diferen\u00e7a \u00e9 que nestes casos (COVID-19), seguimos todos os protocolos de paramenta\u00e7\u00e3o\u201d, explica.<\/p>\n\n\n\n<p>No caso dos pacientes COVID-19 o cuidado envolve o fornecimento de oxig\u00eanio, medica\u00e7\u00f5es, orienta\u00e7\u00f5es ao cuidador do paciente, especialmente no que se trata de fisioterapia para a recupera\u00e7\u00e3o da forma plena dos pulm\u00f5es e muito mais. \u201cPercebemos que nosso trabalho vai al\u00e9m do cuidado em termos cl\u00ednicos, mas tamb\u00e9m suporte psicol\u00f3gico para o paciente e para a fam\u00edlia. Hoje s\u00e3o muitas informa\u00e7\u00f5es que circulam de forma desordenada e nem sempre ver\u00eddicas. Em nossas visitas, estabelecemos um v\u00ednculo de confian\u00e7a e assim todos sentem maior seguran\u00e7a em receber orienta\u00e7\u00f5es de nossa equipe\u201d, relata a m\u00e9dica.<\/p>\n\n\n\n<div class=\"wp-block-image\"><figure class=\"aligncenter size-large\"><img loading=\"lazy\" decoding=\"async\" width=\"1057\" height=\"960\" src=\"https:\/\/tvtecjundiai.com.br\/news\/wp-content\/uploads\/sites\/2\/2021\/04\/Suporte-da-equipe-medica-vai-ate-a-casa-do-paciente-1057x960.jpg\" alt=\"\" class=\"wp-image-74995\" srcset=\"https:\/\/tvtecjundiai.com.br\/news\/wp-content\/uploads\/sites\/2\/2021\/04\/Suporte-da-equipe-medica-vai-ate-a-casa-do-paciente-1057x960.jpg 1057w, https:\/\/tvtecjundiai.com.br\/news\/wp-content\/uploads\/sites\/2\/2021\/04\/Suporte-da-equipe-medica-vai-ate-a-casa-do-paciente-300x272.jpg 300w, https:\/\/tvtecjundiai.com.br\/news\/wp-content\/uploads\/sites\/2\/2021\/04\/Suporte-da-equipe-medica-vai-ate-a-casa-do-paciente-768x697.jpg 768w, https:\/\/tvtecjundiai.com.br\/news\/wp-content\/uploads\/sites\/2\/2021\/04\/Suporte-da-equipe-medica-vai-ate-a-casa-do-paciente.jpg 1280w\" sizes=\"auto, (max-width: 1057px) 100vw, 1057px\" \/><figcaption>Assist\u00eancia da equipe m\u00e9dica vai acompanha o paciente ap\u00f3s a alta hospitalar<\/figcaption><\/figure><\/div>\n\n\n\n<p>\u201cQuando o paciente est\u00e1 bem do ponto de vista emocional, sua imunidade melhora e isso evita, por exemplo, uma reinterna\u00e7\u00e3o\u201d, explica. \u201cDesta forma, estamos auxiliando n\u00e3o s\u00f3 na recupera\u00e7\u00e3o, mas tamb\u00e9m contribu\u00eddo para que tenhamos leitos para todos que precisam de atendimento neste per\u00edodo cr\u00edtico da pandemia\u201d, diz.<\/p>\n\n\n\n<p>Do total de 166 pacientes em atendimento domiciliar no m\u00eas de mar\u00e7o, 77% eram pacientes COVID-19. \u201cEste \u00e9 realmente um trabalho de grande relev\u00e2ncia para a sa\u00fade de nossa cidade. Nem planos particulares de sa\u00fade oferecem essa estrutura de atendimento. Realmente \u00e9 um servi\u00e7o humanizado, que busca a efetividade do tratamento prestado a cada um de nossos pacientes\u201d, conclui.<\/p>\n\n\n\n<p>O retorno do trabalho vem em forma de demonstra\u00e7\u00e3o de carinho. O paciente S\u00e9rgio de Andrade Pinheiro, 27 anos, ficou internado no in\u00edcio de mar\u00e7o no HSV, ap\u00f3s a alta o tratamento seguiu com a equipe ID. \u201c\u00c9 uma equipe humanizada e competente, meu sentimento \u00e9 de muita gratid\u00e3o a esses profissionais e todos que se dedicaram \u00e0 minha recupera\u00e7\u00e3o l\u00e1 no hospital\u201d, afirma. Com rela\u00e7\u00e3o a concluir o tratamento em casa, ele relata que a fam\u00edlia tem um papel fundamental na recupera\u00e7\u00e3o dos pacientes. \u201cPrincipalmente do ponto de vista emocional, percebo um grande conforto psicol\u00f3gico\u201d, destaca.<\/p>\n\n\n\n<p>(Fonte\/Imagem: Assessoria HSV)<\/p>\n","protected":false},"excerpt":{"rendered":"<p>Do total de 166 pacientes em atendimento domiciliar no m\u00eas de mar\u00e7o, 77% eram pacientes COVID-19<\/p>\n","protected":false},"author":25,"featured_media":74995,"comment_status":"closed","ping_status":"closed","sticky":false,"template":"","format":"standard","meta":{"footnotes":""},"categories":[1],"tags":[],"class_list":["post-74993","post","type-post","status-publish","format-standard","has-post-thumbnail","hentry","category-noticias"],"_links":{"self":[{"href":"https:\/\/tvtecjundiai.com.br\/news\/wp-json\/wp\/v2\/posts\/74993","targetHints":{"allow":["GET"]}}],"collection":[{"href":"https:\/\/tvtecjundiai.com.br\/news\/wp-json\/wp\/v2\/posts"}],"about":[{"href":"https:\/\/tvtecjundiai.com.br\/news\/wp-json\/wp\/v2\/types\/post"}],"author":[{"embeddable":true,"href":"https:\/\/tvtecjundiai.com.br\/news\/wp-json\/wp\/v2\/users\/25"}],"replies":[{"embeddable":true,"href":"https:\/\/tvtecjundiai.com.br\/news\/wp-json\/wp\/v2\/comments?post=74993"}],"version-history":[{"count":1,"href":"https:\/\/tvtecjundiai.com.br\/news\/wp-json\/wp\/v2\/posts\/74993\/revisions"}],"predecessor-version":[{"id":74996,"href":"https:\/\/tvtecjundiai.com.br\/news\/wp-json\/wp\/v2\/posts\/74993\/revisions\/74996"}],"wp:featuredmedia":[{"embeddable":true,"href":"https:\/\/tvtecjundiai.com.br\/news\/wp-json\/wp\/v2\/media\/74995"}],"wp:attachment":[{"href":"https:\/\/tvtecjundiai.com.br\/news\/wp-json\/wp\/v2\/media?parent=74993"}],"wp:term":[{"taxonomy":"category","embeddable":true,"href":"https:\/\/tvtecjundiai.com.br\/news\/wp-json\/wp\/v2\/categories?post=74993"},{"taxonomy":"post_tag","embeddable":true,"href":"https:\/\/tvtecjundiai.com.br\/news\/wp-json\/wp\/v2\/tags?post=74993"}],"curies":[{"name":"wp","href":"https:\/\/api.w.org\/{rel}","templated":true}]}}