{"id":75001,"date":"2021-04-30T14:01:00","date_gmt":"2021-04-30T17:01:00","guid":{"rendered":"https:\/\/tvtecjundiai.com.br\/news\/?p=75001"},"modified":"2021-04-30T14:01:00","modified_gmt":"2021-04-30T17:01:00","slug":"conselho-municipal-de-relacoes-internacionais-de-jundiai-elege-mesa-diretora","status":"publish","type":"post","link":"https:\/\/tvtecjundiai.com.br\/news\/2021\/04\/30\/conselho-municipal-de-relacoes-internacionais-de-jundiai-elege-mesa-diretora\/","title":{"rendered":"Conselho Municipal de Rela\u00e7\u00f5es Internacionais de Jundia\u00ed elege mesa diretora"},"content":{"rendered":"\n<p>O Conselho Municipal de Rela\u00e7\u00f5es&nbsp;Internacionais (CMRI) de 2021 se reuniu pela primeira vez na quinta-feira (29) de forma virtual e elegeu a nova mesa diretora, composta por: Vin\u00edcius Monteiro, da empresa Proseftur, na presid\u00eancia, na vice-presid\u00eancia Sami Mansour, assessor especial de coopera\u00e7\u00e3o especial e primeira secret\u00e1ria, Assessora&nbsp;de Coopera\u00e7\u00e3o Internacional Ligia Contursi-Eboli, da Prefeitura de Jundia\u00ed.<\/p>\n\n\n\n<p>O conselho, que tem car\u00e1ter consultivo, foi reativado em 2019 e tem entre seus membros representantes do poder p\u00fablico e da sociedade civil, al\u00e9m de estar vinculado \u00e0 Unidade de Gest\u00e3o da Casa Civil (UGCC).<\/p>\n\n\n\n<p>O CMRI tem como objetivo discutir formas de internacionalizar a cidade, atrair investidores internacionais e empresas estrangeiras, fomentar o com\u00e9rcio exterior e assessorar o poder p\u00fablico para defini\u00e7\u00e3o de pol\u00edticas\u00a0p\u00fablicas para programas e projetos de coopera\u00e7\u00e3o internacional.<\/p>\n\n\n\n<figure class=\"wp-block-image size-large\"><img loading=\"lazy\" decoding=\"async\" width=\"1200\" height=\"674\" src=\"https:\/\/tvtecjundiai.com.br\/news\/wp-content\/uploads\/sites\/2\/2021\/04\/cmri_-1200x674.jpg\" alt=\"\" class=\"wp-image-75002\" srcset=\"https:\/\/tvtecjundiai.com.br\/news\/wp-content\/uploads\/sites\/2\/2021\/04\/cmri_-1200x674.jpg 1200w, https:\/\/tvtecjundiai.com.br\/news\/wp-content\/uploads\/sites\/2\/2021\/04\/cmri_-300x169.jpg 300w, https:\/\/tvtecjundiai.com.br\/news\/wp-content\/uploads\/sites\/2\/2021\/04\/cmri_-768x431.jpg 768w, https:\/\/tvtecjundiai.com.br\/news\/wp-content\/uploads\/sites\/2\/2021\/04\/cmri_.jpg 1280w\" sizes=\"auto, (max-width: 1200px) 100vw, 1200px\" \/><figcaption>Conselho se reuniu para elei\u00e7\u00e3o de nova mesa diretora<\/figcaption><\/figure>\n\n\n\n<p>O gestor da UGCC, Gustavo Maryssael de Campos, refor\u00e7ou o papel do conselho e agradeceu a presen\u00e7a de todos em nome do Prefeito Luiz Fernando Machado.<\/p>\n\n\n\n<p>J\u00e1 o gestor da Unidade de Gest\u00e3o de Desenvolvimento Econ\u00f4mico, Ci\u00eancia e Tecnologia (UGDECT),&nbsp;Cristiano Vecchi Castro Lopes, falou da import\u00e2ncia&nbsp;da internacionaliza\u00e7\u00e3o da cidade e do fomento ao com\u00e9rcio&nbsp;exterior.&nbsp;<\/p>\n\n\n\n<p>Dentre os membros da sociedade civil, representantes de importantes empresas e de entidades de classe integram o conselho.<\/p>\n\n\n\n<p>Pelo poder p\u00fablico ainda participam do conselho o Assessor Especial de Coopera\u00e7\u00e3o Internacional, Sami Mansour, a Assessora\u00a0de Coopera\u00e7\u00e3o Internacional Ligia Contursi-Eboli, o Diretor de Com\u00e9rcio e Servi\u00e7os, Enrico Milamonti, o Diretor de Fomento a Ind\u00fastria,\u00a0Gilson Pichioli, o Gestor Adjunto da UGGF, Jones Martins, o Diretor da Unidade Central de Entregas, Jo\u00e3o Am\u00edlcar\u00a0e o assessor Lucas Scarapicchia, al\u00e9m do diretor do Departamento de Apoio aos Conselhos e Entidades da UGCC, Lu\u00eds Augusto Zambon.<\/p>\n\n\n\n<p><em>(Texto\/Imagem: Prefeitura de Jundia\u00ed)<\/em><\/p>\n","protected":false},"excerpt":{"rendered":"<p>Representantes de importantes empresas e de entidades de classe integram o conselho<\/p>\n","protected":false},"author":28,"featured_media":75002,"comment_status":"closed","ping_status":"closed","sticky":false,"template":"","format":"standard","meta":{"footnotes":""},"categories":[8356,1],"tags":[],"class_list":["post-75001","post","type-post","status-publish","format-standard","has-post-thumbnail","hentry","category-jundiai","category-noticias"],"_links":{"self":[{"href":"https:\/\/tvtecjundiai.com.br\/news\/wp-json\/wp\/v2\/posts\/75001","targetHints":{"allow":["GET"]}}],"collection":[{"href":"https:\/\/tvtecjundiai.com.br\/news\/wp-json\/wp\/v2\/posts"}],"about":[{"href":"https:\/\/tvtecjundiai.com.br\/news\/wp-json\/wp\/v2\/types\/post"}],"author":[{"embeddable":true,"href":"https:\/\/tvtecjundiai.com.br\/news\/wp-json\/wp\/v2\/users\/28"}],"replies":[{"embeddable":true,"href":"https:\/\/tvtecjundiai.com.br\/news\/wp-json\/wp\/v2\/comments?post=75001"}],"version-history":[{"count":1,"href":"https:\/\/tvtecjundiai.com.br\/news\/wp-json\/wp\/v2\/posts\/75001\/revisions"}],"predecessor-version":[{"id":75003,"href":"https:\/\/tvtecjundiai.com.br\/news\/wp-json\/wp\/v2\/posts\/75001\/revisions\/75003"}],"wp:featuredmedia":[{"embeddable":true,"href":"https:\/\/tvtecjundiai.com.br\/news\/wp-json\/wp\/v2\/media\/75002"}],"wp:attachment":[{"href":"https:\/\/tvtecjundiai.com.br\/news\/wp-json\/wp\/v2\/media?parent=75001"}],"wp:term":[{"taxonomy":"category","embeddable":true,"href":"https:\/\/tvtecjundiai.com.br\/news\/wp-json\/wp\/v2\/categories?post=75001"},{"taxonomy":"post_tag","embeddable":true,"href":"https:\/\/tvtecjundiai.com.br\/news\/wp-json\/wp\/v2\/tags?post=75001"}],"curies":[{"name":"wp","href":"https:\/\/api.w.org\/{rel}","templated":true}]}}