{"id":75018,"date":"2021-04-30T16:20:24","date_gmt":"2021-04-30T19:20:24","guid":{"rendered":"https:\/\/tvtecjundiai.com.br\/news\/?p=75018"},"modified":"2021-04-30T17:51:40","modified_gmt":"2021-04-30T20:51:40","slug":"unidade-de-esportes-e-lazer-promove-encontro-com-ex-atleta-do-time-jundiai-1","status":"publish","type":"post","link":"https:\/\/tvtecjundiai.com.br\/news\/2021\/04\/30\/unidade-de-esportes-e-lazer-promove-encontro-com-ex-atleta-do-time-jundiai-1\/","title":{"rendered":"Unidade de Esporte e Lazer promove encontro com ex-atleta do Time Jundia\u00ed"},"content":{"rendered":"\n<p>Na quinta-feira (29), a jogadora de basquete Carla Lucchini foi convidada pelos atuais t\u00e9cnicos de basquete do Time Jundia\u00ed, Jair Tavares e Marisa Bianco para um bate papo virtual com atletas e professores da Unidade de Gest\u00e3o de Esportes e Lazer.<\/p>\n\n\n\n<p>Ex-atleta do Time Jundia\u00ed, Carla Lucchini joga atualmente pelo SESI de Araraquara e durante sua carreira profissional participou de torneios e campeonatos de muita relev\u00e2ncia para a modalidade.<\/p>\n\n\n\n<p>O encantamento pelo basquete come\u00e7ou no CECE Francisco Dal Santo, Vila Rami, com a professora Clarina em 2006. Durante o per\u00edodo em que fez parte da equipe de Jundia\u00ed Carla garantiu vaga em todas as sele\u00e7\u00f5es de base da categoria dela na \u00e9poca competindo Campeonato Sul-Americano, Copa Am\u00e9rica e dois Mundiais.<\/p>\n\n\n\n<p>\u201cCompartilhar com os nossos atletas toda a trajet\u00f3ria, dificuldades e vit\u00f3rias na carreira emocionou e ilustrou para aos participantes os valores adquiridos no esporte, a import\u00e2ncia da resili\u00eancia e do apoio da fam\u00edlia\u201d, destacou Jair Tavares, Educador Esportivo do Time Jundia\u00ed.<\/p>\n\n\n\n<p>\u201cO encontro foi muito rico e inspirador para todos. Estamos nos organizando para trazer outros atletas e dar continuidade a essa troca de experi\u00eancias t\u00e3o importante para a forma\u00e7\u00e3o do atleta\u201d, destaca Marisa Bianco.<\/p>\n\n\n\n<figure class=\"wp-block-image size-large\"><img loading=\"lazy\" decoding=\"async\" width=\"1200\" height=\"675\" src=\"https:\/\/tvtecjundiai.com.br\/news\/wp-content\/uploads\/sites\/2\/2021\/04\/carla-lucchini_2-2-1200x675.png\" alt=\"\" class=\"wp-image-75019\" srcset=\"https:\/\/tvtecjundiai.com.br\/news\/wp-content\/uploads\/sites\/2\/2021\/04\/carla-lucchini_2-2-1200x675.png 1200w, https:\/\/tvtecjundiai.com.br\/news\/wp-content\/uploads\/sites\/2\/2021\/04\/carla-lucchini_2-2-300x169.png 300w, https:\/\/tvtecjundiai.com.br\/news\/wp-content\/uploads\/sites\/2\/2021\/04\/carla-lucchini_2-2-768x432.png 768w, https:\/\/tvtecjundiai.com.br\/news\/wp-content\/uploads\/sites\/2\/2021\/04\/carla-lucchini_2-2.png 1280w\" sizes=\"auto, (max-width: 1200px) 100vw, 1200px\" \/><figcaption>Educadores da Unidade de Gest\u00e3o de Esporte e Lazer realizaram encontro virtual<\/figcaption><\/figure>\n\n\n\n<p><strong>Trajet\u00f3ria<br><\/strong>Em 2006, ela come\u00e7ou a fazer escolinha de basquete no Centro Esportivo Dal Santo com a professora Clarina, logo em seguida em 2007 foi at\u00e9 o Divino fazer um treino teste e ali j\u00e1 entrou para o time. Carla participou de todas as categorias, pr\u00e9-mini, mini, mirim, Infanto, Juvenil e Adulto (hoje os nomes das categorias s\u00e3o outros), representei a cidade tamb\u00e9m em muitos jogos regionais e abertos. Ele ficou no time at\u00e9 2017, quando foi disputar LBF pelo time do Vera Cruz Campinas, onde ficou por 2 temporadas, em 2019 antes de de ir para o SESI Araraquara.<\/p>\n\n\n\n<p>Em Jundia\u00ed, ela foi convocada para todas as sele\u00e7\u00f5es de base, disputando os Mundiais Sub17 e Sub 19.<\/p>\n\n\n\n<figure class=\"wp-block-image size-large\"><img loading=\"lazy\" decoding=\"async\" width=\"1200\" height=\"675\" src=\"https:\/\/tvtecjundiai.com.br\/news\/wp-content\/uploads\/sites\/2\/2021\/04\/carla-lucchini_2-1200x675.png\" alt=\"\" class=\"wp-image-75020\" srcset=\"https:\/\/tvtecjundiai.com.br\/news\/wp-content\/uploads\/sites\/2\/2021\/04\/carla-lucchini_2-1200x675.png 1200w, https:\/\/tvtecjundiai.com.br\/news\/wp-content\/uploads\/sites\/2\/2021\/04\/carla-lucchini_2-300x169.png 300w, https:\/\/tvtecjundiai.com.br\/news\/wp-content\/uploads\/sites\/2\/2021\/04\/carla-lucchini_2-768x432.png 768w, https:\/\/tvtecjundiai.com.br\/news\/wp-content\/uploads\/sites\/2\/2021\/04\/carla-lucchini_2.png 1280w\" sizes=\"auto, (max-width: 1200px) 100vw, 1200px\" \/><figcaption>Atleta que foi integrante do Time Jundia\u00ed conversou com educadores<\/figcaption><\/figure>\n\n\n\n<p>J\u00e1 jogando na categoria adulta, em Campinas, foi convocada para jogar no Panamericano em 2019, representando o basquete 3\u00d73, foi a primeira participa\u00e7\u00e3o como modalidade ol\u00edmpica. Logo que saiu do col\u00e9gio, iniciou a faculdade \u2013 curso de Biomedicina.<\/p>\n\n\n\n<p><em>(Texto\/Imagem: Prefeitura de Jundia\u00ed)<\/em><\/p>\n","protected":false},"excerpt":{"rendered":"<p>Carla Lucchini joga atualmente pelo SESI de Araraquara e participou de importantes torneios e campeonatos<\/p>\n","protected":false},"author":28,"featured_media":75020,"comment_status":"closed","ping_status":"closed","sticky":false,"template":"","format":"standard","meta":{"footnotes":""},"categories":[8356,1],"tags":[],"class_list":["post-75018","post","type-post","status-publish","format-standard","has-post-thumbnail","hentry","category-jundiai","category-noticias"],"_links":{"self":[{"href":"https:\/\/tvtecjundiai.com.br\/news\/wp-json\/wp\/v2\/posts\/75018","targetHints":{"allow":["GET"]}}],"collection":[{"href":"https:\/\/tvtecjundiai.com.br\/news\/wp-json\/wp\/v2\/posts"}],"about":[{"href":"https:\/\/tvtecjundiai.com.br\/news\/wp-json\/wp\/v2\/types\/post"}],"author":[{"embeddable":true,"href":"https:\/\/tvtecjundiai.com.br\/news\/wp-json\/wp\/v2\/users\/28"}],"replies":[{"embeddable":true,"href":"https:\/\/tvtecjundiai.com.br\/news\/wp-json\/wp\/v2\/comments?post=75018"}],"version-history":[{"count":3,"href":"https:\/\/tvtecjundiai.com.br\/news\/wp-json\/wp\/v2\/posts\/75018\/revisions"}],"predecessor-version":[{"id":75041,"href":"https:\/\/tvtecjundiai.com.br\/news\/wp-json\/wp\/v2\/posts\/75018\/revisions\/75041"}],"wp:featuredmedia":[{"embeddable":true,"href":"https:\/\/tvtecjundiai.com.br\/news\/wp-json\/wp\/v2\/media\/75020"}],"wp:attachment":[{"href":"https:\/\/tvtecjundiai.com.br\/news\/wp-json\/wp\/v2\/media?parent=75018"}],"wp:term":[{"taxonomy":"category","embeddable":true,"href":"https:\/\/tvtecjundiai.com.br\/news\/wp-json\/wp\/v2\/categories?post=75018"},{"taxonomy":"post_tag","embeddable":true,"href":"https:\/\/tvtecjundiai.com.br\/news\/wp-json\/wp\/v2\/tags?post=75018"}],"curies":[{"name":"wp","href":"https:\/\/api.w.org\/{rel}","templated":true}]}}