{"id":75032,"date":"2021-05-03T10:09:00","date_gmt":"2021-05-03T13:09:00","guid":{"rendered":"https:\/\/tvtecjundiai.com.br\/news\/?p=75032"},"modified":"2021-04-30T17:33:05","modified_gmt":"2021-04-30T20:33:05","slug":"pe-na-estrada-a-bordo-de-uma-kombi-casal-de-jundiai-conhece-brasil-e-america-do-sul","status":"publish","type":"post","link":"https:\/\/tvtecjundiai.com.br\/news\/2021\/05\/03\/pe-na-estrada-a-bordo-de-uma-kombi-casal-de-jundiai-conhece-brasil-e-america-do-sul\/","title":{"rendered":"P\u00e9 na estrada: a bordo de uma Kombi, casal de Jundia\u00ed conhece Brasil e Am\u00e9rica do Sul"},"content":{"rendered":"\n<p>Largar tudo e se jogar na estrada. Quem nunca teve essa vontade, n\u00e3o \u00e9 mesmo? Mas a coragem de realmente abandonar tudo (e todos) e partir pelo mund\u00e3o afora \u00e9 para poucos. Entre este seleto grupo est\u00e1 o casal Piero Garcia, 39 anos e Maira Magoga, 38, moradores de Jundia\u00ed. Em 2017, os dois botaram em pr\u00e1tica o sonho e embarcaram em uma Kombi, ano 97, apelidada de \u201cKarminha\u201d. Da\u00ed em diante foram muitos quil\u00f4metros rodados e muita hist\u00f3ria para contar.<\/p>\n\n\n\n<p>\u201cA ideia surgiu quando trocamos nosso Ford Ka pela Kombi, em fevereiro de 2017, apenas para ter um carro maior para acampar. Em abril, fomos em um encontro de Kombi em Paraty. A partir desse dia resolvemos que ir\u00edamos morar na Kombi e viajar\u201d, lembram. O casal conta que foram seis meses de prepara\u00e7\u00e3o, tanto pessoal, quanto da fam\u00edlia e amigos. \u201cFoi uma fase dif\u00edcil de adapta\u00e7\u00e3o, sabendo que tudo mudaria em nossas vidas e haveria a dist\u00e2ncia da fam\u00edlia\u201d.<\/p>\n\n\n\n<div class=\"wp-block-image\"><figure class=\"aligncenter size-large\"><img loading=\"lazy\" decoding=\"async\" width=\"960\" height=\"960\" src=\"https:\/\/tvtecjundiai.com.br\/news\/wp-content\/uploads\/sites\/2\/2021\/04\/karminha-960x960.jpg\" alt=\"\" class=\"wp-image-75033\" srcset=\"https:\/\/tvtecjundiai.com.br\/news\/wp-content\/uploads\/sites\/2\/2021\/04\/karminha-960x960.jpg 960w, https:\/\/tvtecjundiai.com.br\/news\/wp-content\/uploads\/sites\/2\/2021\/04\/karminha-300x300.jpg 300w, https:\/\/tvtecjundiai.com.br\/news\/wp-content\/uploads\/sites\/2\/2021\/04\/karminha-100x100.jpg 100w, https:\/\/tvtecjundiai.com.br\/news\/wp-content\/uploads\/sites\/2\/2021\/04\/karminha-768x768.jpg 768w, https:\/\/tvtecjundiai.com.br\/news\/wp-content\/uploads\/sites\/2\/2021\/04\/karminha.jpg 1080w\" sizes=\"auto, (max-width: 960px) 100vw, 960px\" \/><figcaption>&#8220;Karminha&#8221;, a Kombi e &#8220;Bob&#8221;, o novo integrante da fam\u00edlia<\/figcaption><\/figure><\/div>\n\n\n\n<p>Segundo eles, a principal preocupa\u00e7\u00e3o era como viver na estrada e com o que se sustentar. \u201cEu era t\u00e9cnico eletr\u00f4nico e a Maira, aut\u00f4noma. Come\u00e7amos a vender artesanatos antes mesmo de sair para essa jornada e deu certo!\u201d, lembram.<\/p>\n\n\n\n<p>A viagem come\u00e7ou com dire\u00e7\u00e3o ao Sul do Brasil, onde o casal percorreu todo o litoral desde S\u00e3o Paulo at\u00e9 o Rio Grande do Sul. \u201cSubimos at\u00e9 o Oeste de Santa Catarina, sa\u00edmos para a Argentina rodando uns 300 quil\u00f4metros at\u00e9 a tr\u00edplice divisa com o Brasil e o Paraguai\u201d.<\/p>\n\n\n\n<p>O casal conheceu 18 estados do nosso pa\u00eds, passando por diversas praias, cachoeiras e rios. Al\u00e9m do Brasil, o casal tamb\u00e9m acabou conhecendo nossos \u201chermanos\u201d, passando por toda costa do Uruguai, Argentina, Cordilheiras dos Andes e Chile. \u201cConhecemos o Glacial Perito Moreno, at\u00e9 chegar ao nosso destino, o &#8220;fin del mundo&#8221;, Ushuaia que fica localizado no extremo sul da Argentina\u201d.<\/p>\n\n\n\n<p>Para eles, o melhor da viagem s\u00e3o as pessoas, as amizades, as culturas e as paisagens. \u201cJ\u00e1 passamos por muitas coisas, boas e ruins, que nos fizeram aprender cada vez mais. Mas por todos os lugares que passamos as pessoas sempre foram muito receptivas e nos apoiaram\u201d, garantem.<\/p>\n\n\n\n<div class=\"wp-block-image\"><figure class=\"aligncenter size-large is-resized\"><img loading=\"lazy\" decoding=\"async\" src=\"https:\/\/tvtecjundiai.com.br\/news\/wp-content\/uploads\/sites\/2\/2021\/04\/karminha7-960x960.jpg\" alt=\"\" class=\"wp-image-75036\" width=\"674\" height=\"674\" srcset=\"https:\/\/tvtecjundiai.com.br\/news\/wp-content\/uploads\/sites\/2\/2021\/04\/karminha7-960x960.jpg 960w, https:\/\/tvtecjundiai.com.br\/news\/wp-content\/uploads\/sites\/2\/2021\/04\/karminha7-300x300.jpg 300w, https:\/\/tvtecjundiai.com.br\/news\/wp-content\/uploads\/sites\/2\/2021\/04\/karminha7-100x100.jpg 100w, https:\/\/tvtecjundiai.com.br\/news\/wp-content\/uploads\/sites\/2\/2021\/04\/karminha7-768x768.jpg 768w, https:\/\/tvtecjundiai.com.br\/news\/wp-content\/uploads\/sites\/2\/2021\/04\/karminha7.jpg 1080w\" sizes=\"auto, (max-width: 674px) 100vw, 674px\" \/><figcaption>Parque Nacional Los Glaciares, Argentina, uma das muitas belezas que o casal visitou <\/figcaption><\/figure><\/div>\n\n\n\n<p><strong>De volta na estrada<\/strong><\/p>\n\n\n\n<p>O casal voltou da viagem j\u00e1 pensando na pr\u00f3xima. \u201cNa viagem de volta do Ushuaia viemos por diversas vezes sonhando e programando a pr\u00f3xima viagem, que talvez tivesse como destino o Amazonas. Mas tr\u00eas semanas ap\u00f3s a nossa chegada a S\u00e3o Paulo come\u00e7ou essa pandemia nos travando totalmente\u201d, contam.<\/p>\n\n\n\n<p>No come\u00e7o de abril o casal decidiu se jogar na estrada novamente, mas, dessa vez, sem rumo definido. \u201cHoje estamos em Palho\u00e7a, Ponta do Papagaio, em Santa Catarina, um lugar incr\u00edvel e lindo, muito pr\u00f3ximo a Florian\u00f3polis, vamos ficar um tempo por esses lados\u201d. Ao serem indagados at\u00e9 quando pretendem seguir viajando, o casal n\u00e3o hesita em responder: \u201cN\u00e3o temos a menos ideia!\u201d.<\/p>\n\n\n\n<p>Para acompanhar a viagem do casal, pode segui-los no Facebook ou Instagram @karminhaviajandonaviagem.<\/p>\n\n\n\n<p><em>(Texto: TVTEC\/Imagens: Arquivo pessoal)<\/em><\/p>\n","protected":false},"excerpt":{"rendered":"<p>Piero e Maira largaram tudo para conhecer as belezas do Brasil e acabaram passando por Uruguai, Chile e Argentina<\/p>\n","protected":false},"author":28,"featured_media":75034,"comment_status":"closed","ping_status":"closed","sticky":false,"template":"","format":"standard","meta":{"footnotes":""},"categories":[8356,1],"tags":[],"class_list":["post-75032","post","type-post","status-publish","format-standard","has-post-thumbnail","hentry","category-jundiai","category-noticias"],"_links":{"self":[{"href":"https:\/\/tvtecjundiai.com.br\/news\/wp-json\/wp\/v2\/posts\/75032","targetHints":{"allow":["GET"]}}],"collection":[{"href":"https:\/\/tvtecjundiai.com.br\/news\/wp-json\/wp\/v2\/posts"}],"about":[{"href":"https:\/\/tvtecjundiai.com.br\/news\/wp-json\/wp\/v2\/types\/post"}],"author":[{"embeddable":true,"href":"https:\/\/tvtecjundiai.com.br\/news\/wp-json\/wp\/v2\/users\/28"}],"replies":[{"embeddable":true,"href":"https:\/\/tvtecjundiai.com.br\/news\/wp-json\/wp\/v2\/comments?post=75032"}],"version-history":[{"count":1,"href":"https:\/\/tvtecjundiai.com.br\/news\/wp-json\/wp\/v2\/posts\/75032\/revisions"}],"predecessor-version":[{"id":75038,"href":"https:\/\/tvtecjundiai.com.br\/news\/wp-json\/wp\/v2\/posts\/75032\/revisions\/75038"}],"wp:featuredmedia":[{"embeddable":true,"href":"https:\/\/tvtecjundiai.com.br\/news\/wp-json\/wp\/v2\/media\/75034"}],"wp:attachment":[{"href":"https:\/\/tvtecjundiai.com.br\/news\/wp-json\/wp\/v2\/media?parent=75032"}],"wp:term":[{"taxonomy":"category","embeddable":true,"href":"https:\/\/tvtecjundiai.com.br\/news\/wp-json\/wp\/v2\/categories?post=75032"},{"taxonomy":"post_tag","embeddable":true,"href":"https:\/\/tvtecjundiai.com.br\/news\/wp-json\/wp\/v2\/tags?post=75032"}],"curies":[{"name":"wp","href":"https:\/\/api.w.org\/{rel}","templated":true}]}}