{"id":75051,"date":"2021-05-01T09:03:34","date_gmt":"2021-05-01T12:03:34","guid":{"rendered":"https:\/\/tvtecjundiai.com.br\/news\/?p=75051"},"modified":"2021-05-02T13:58:10","modified_gmt":"2021-05-02T16:58:10","slug":"ciclovia-entre-parque-da-cidade-e-jardim-botanico-reabre-neste-sabado-01","status":"publish","type":"post","link":"https:\/\/tvtecjundiai.com.br\/news\/2021\/05\/01\/ciclovia-entre-parque-da-cidade-e-jardim-botanico-reabre-neste-sabado-01\/","title":{"rendered":"Ciclovia entre Parque da Cidade e Jardim Bot\u00e2nico reabre neste s\u00e1bado"},"content":{"rendered":"\n<p>A partir deste s\u00e1bado, dia 1\u00ba, o trecho da ciclovia que liga o Parque da Cidade ao Jardim Bot\u00e2nico ser\u00e1 reaberto para a passagem de pedestres e ciclistas. A antiga ciclovia \u2013 que margeava a represa de Acumula\u00e7\u00e3o do Parque da Cidade \u2013 agora cruza o Mundo das Crian\u00e7as, proporcionando uma nova experi\u00eancia aos ciclistas e praticantes de caminhadas e corridas.<\/p>\n\n\n\n<div class=\"wp-block-image\"><figure class=\"alignright size-medium is-resized\"><a href=\"https:\/\/tvtecjundiai.com.br\/news\/wp-content\/uploads\/sites\/2\/2021\/05\/ciclovia-caminhada-02.jpg\"><img loading=\"lazy\" decoding=\"async\" src=\"https:\/\/tvtecjundiai.com.br\/news\/wp-content\/uploads\/sites\/2\/2021\/05\/ciclovia-caminhada-02-300x225.jpg\" alt=\"\" class=\"wp-image-75053\" width=\"511\" height=\"385\" \/><\/a><figcaption>A interliga\u00e7\u00e3o da ciclovia come\u00e7a na administra\u00e7\u00e3o do Parque da Cidade, atravessa o Mundo das Crian\u00e7as e vai at\u00e9 o port\u00e3o do Jardim Bot\u00e2nico<\/figcaption><\/figure><\/div>\n\n\n\n<p>O trecho liberado tem cerca de 1,8 km e far\u00e1 a interliga\u00e7\u00e3o entre as duas ciclovias, que possuem, juntas, um trajeto circular (ida e volta) de cerca de 11,5 km. A interliga\u00e7\u00e3o da ciclovia come\u00e7a na administra\u00e7\u00e3o do Parque da Cidade, atravessa o Mundo das Crian\u00e7as e vai at\u00e9 o port\u00e3o do Jardim Bot\u00e2nico, pr\u00f3ximo \u00e0 Av. Navarro de Andrade.&nbsp;<\/p>\n\n\n\n<p>Cabe ressaltar que o Mundo das Crian\u00e7as segue fechado por conta da pandemia e contar\u00e1 com o trajeto sinalizado para evitar circula\u00e7\u00e3o fora da \u00e1rea da ciclovia.&nbsp;Pedestres e ciclistas poder\u00e3o utilizar a entrada do Mundo das Crian\u00e7as, com acesso pela Rua Tiradentes.&nbsp;<\/p>\n\n\n\n<p><strong>Demais atividades<\/strong><\/p>\n\n\n\n<p>O aluguel de bicicletas do Programa de Esportes e Atividades Motoras Adaptadas (Peama) segue funcionando aos s\u00e1bados, domingos e feriados, das 9 \u00e0s 15 horas (para \u00faltimo aluguel).<\/p>\n\n\n\n<p>Est\u00e3o liberadas apenas as atividades individuais (ciclismo\/caminhada\/corrida), enquanto quadras, parquinhos e aparelhos de gin\u00e1stica aguardam nova data definida para retorno.&nbsp;<\/p>\n\n\n\n<p>O uso de m\u00e1scara facial \u00e9 obrigat\u00f3rio durante todo o tempo de perman\u00eancia nas depend\u00eancias do Parque e no novo trecho liberado da ciclovia. Ainda em fun\u00e7\u00e3o da pandemia, os piqueniques n\u00e3o est\u00e3o liberados e os bebedouros continuam interditados. Cada visitante deve levar sua pr\u00f3pria garrafinha de \u00e1gua.<\/p>\n\n\n\n<p>O hor\u00e1rio de funcionamento da ciclovia segue o mesmo do Parque da Cidade e Jardim Bot\u00e2nico: de segunda a domingo, das 7h \u00e0s 17h (com fechamento dos port\u00f5es \u00e0s 16h).<\/p>\n\n\n\n<p><em>(Fonte\/Imagem: Assessoria de Imprensa DAE Jundia\u00ed)<\/em><\/p>\n","protected":false},"excerpt":{"rendered":"<p>Ciclovia que liga os dois parques possui trajeto circular de 11,5 km<\/p>\n","protected":false},"author":17,"featured_media":75053,"comment_status":"closed","ping_status":"closed","sticky":false,"template":"","format":"standard","meta":{"footnotes":""},"categories":[29,8356,8354,1,2824],"tags":[2990,725,5],"class_list":["post-75051","post","type-post","status-publish","format-standard","has-post-thumbnail","hentry","category-destaque","category-jundiai","category-lazer","category-noticias","category-variedades","tag-bicicleta","tag-ciclovia","tag-jundiai"],"_links":{"self":[{"href":"https:\/\/tvtecjundiai.com.br\/news\/wp-json\/wp\/v2\/posts\/75051","targetHints":{"allow":["GET"]}}],"collection":[{"href":"https:\/\/tvtecjundiai.com.br\/news\/wp-json\/wp\/v2\/posts"}],"about":[{"href":"https:\/\/tvtecjundiai.com.br\/news\/wp-json\/wp\/v2\/types\/post"}],"author":[{"embeddable":true,"href":"https:\/\/tvtecjundiai.com.br\/news\/wp-json\/wp\/v2\/users\/17"}],"replies":[{"embeddable":true,"href":"https:\/\/tvtecjundiai.com.br\/news\/wp-json\/wp\/v2\/comments?post=75051"}],"version-history":[{"count":3,"href":"https:\/\/tvtecjundiai.com.br\/news\/wp-json\/wp\/v2\/posts\/75051\/revisions"}],"predecessor-version":[{"id":75091,"href":"https:\/\/tvtecjundiai.com.br\/news\/wp-json\/wp\/v2\/posts\/75051\/revisions\/75091"}],"wp:featuredmedia":[{"embeddable":true,"href":"https:\/\/tvtecjundiai.com.br\/news\/wp-json\/wp\/v2\/media\/75053"}],"wp:attachment":[{"href":"https:\/\/tvtecjundiai.com.br\/news\/wp-json\/wp\/v2\/media?parent=75051"}],"wp:term":[{"taxonomy":"category","embeddable":true,"href":"https:\/\/tvtecjundiai.com.br\/news\/wp-json\/wp\/v2\/categories?post=75051"},{"taxonomy":"post_tag","embeddable":true,"href":"https:\/\/tvtecjundiai.com.br\/news\/wp-json\/wp\/v2\/tags?post=75051"}],"curies":[{"name":"wp","href":"https:\/\/api.w.org\/{rel}","templated":true}]}}