{"id":75056,"date":"2021-05-01T09:30:36","date_gmt":"2021-05-01T12:30:36","guid":{"rendered":"https:\/\/tvtecjundiai.com.br\/news\/?p=75056"},"modified":"2021-05-01T09:30:36","modified_gmt":"2021-05-01T12:30:36","slug":"audiencia-publica-do-novo-sistema-jundiai-de-inovacao-atrai-diferentes-segmentos-da-sociedade","status":"publish","type":"post","link":"https:\/\/tvtecjundiai.com.br\/news\/2021\/05\/01\/audiencia-publica-do-novo-sistema-jundiai-de-inovacao-atrai-diferentes-segmentos-da-sociedade\/","title":{"rendered":"Audi\u00eancia p\u00fablica do novo Sistema Jundia\u00ed de Inova\u00e7\u00e3o atrai diferentes segmentos da sociedade"},"content":{"rendered":"\n<p>A Prefeitura de Jundia\u00ed, por meio das Unidades de Gest\u00e3o de Governo e Finan\u00e7as e de Desenvolvimento Econ\u00f4mico, Ci\u00eancia e Tecnologia, realizou, em transmiss\u00e3o online na noite desta quinta-feira (29), a audi\u00eancia p\u00fablica para discuss\u00e3o do projeto de Lei do Novo Sistema Jundia\u00ed de Inova\u00e7\u00e3o. O evento foi transmitido ao vivo pela internet nas redes sociais da Prefeitura e da TVTEC e no canal 24 da NET e contou com a participa\u00e7\u00e3o de membros da da administra\u00e7\u00e3o p\u00fablica, academia, entidades e da comunidade, incluindo espectadores da transmiss\u00e3o.<\/p>\n\n\n\n<div class=\"wp-block-image\"><figure class=\"alignleft size-medium is-resized\"><a href=\"https:\/\/tvtecjundiai.com.br\/news\/wp-content\/uploads\/sites\/2\/2021\/05\/audiencia-publica-sistema-jundiai-de-inovacao-4.jpg\"><img loading=\"lazy\" decoding=\"async\" src=\"https:\/\/tvtecjundiai.com.br\/news\/wp-content\/uploads\/sites\/2\/2021\/05\/audiencia-publica-sistema-jundiai-de-inovacao-4-300x168.jpg\" alt=\"\" class=\"wp-image-75057\" width=\"471\" height=\"264\" srcset=\"https:\/\/tvtecjundiai.com.br\/news\/wp-content\/uploads\/sites\/2\/2021\/05\/audiencia-publica-sistema-jundiai-de-inovacao-4-300x168.jpg 300w, https:\/\/tvtecjundiai.com.br\/news\/wp-content\/uploads\/sites\/2\/2021\/05\/audiencia-publica-sistema-jundiai-de-inovacao-4-768x431.jpg 768w, https:\/\/tvtecjundiai.com.br\/news\/wp-content\/uploads\/sites\/2\/2021\/05\/audiencia-publica-sistema-jundiai-de-inovacao-4.jpg 1057w\" sizes=\"auto, (max-width: 471px) 100vw, 471px\" \/><\/a><figcaption>Luiz Fernando apresentou dados de Jundia\u00ed durante a audi\u00eancia p\u00fablica, com transmiss\u00e3o ao vivo nas redes sociais<\/figcaption><\/figure><\/div>\n\n\n\n<p>A abertura da audi\u00eancia foi feita pelo prefeito Luiz Fernando Machado, que destacou a import\u00e2ncia de discutir o futuro da cidade e apresentou alguns dos principais indicadores sociais e econ\u00f4micos de Jundia\u00ed. \u201cNo momento de tamanha crise, com a pandemia, estamos inovando, buscando mais infraestrutura, educa\u00e7\u00e3o, desenvolvimento inclusivo\u201d, explicou o prefeito. \u201cOs objetivos da Lei de Inova\u00e7\u00e3o \u00e9 fomentar a economia, aumentar a qualidade de vida dos cidad\u00e3os e dar mais efici\u00eancia nas opera\u00e7\u00f5es urbanas.\u201d&nbsp;<\/p>\n\n\n\n<p>O prefeito destacou que, apesar do munic\u00edpio ocupar a 11a. posi\u00e7\u00e3o no ranking do IDH (\u00cdndice de Desenvolvimento Humano) do Brasil e a 4a. no Estado de S\u00e3o Paulo, al\u00e9m de ser a 17\u00aa economia do pa\u00eds e a 7\u00aa do Estado, \u00e9 necess\u00e1rio construir as bases para as pr\u00f3ximas gera\u00e7\u00f5es.<\/p>\n\n\n\n<p>Na sequ\u00eancia, o gestor de Governo e Finan\u00e7as abordou detalhes sobre o projeto de Lei do novo Sistema de Inova\u00e7\u00e3o. \u201cEstamos construindo um novo ecossistema de inova\u00e7\u00e3o espalhado por todo o munic\u00edpio, com foco no fomento de startups e na atra\u00e7\u00e3o de empresas de base tecnol\u00f3gica, nacionais e internacionais, assim como a cria\u00e7\u00e3o de oportunidades para os jovens e empregos de qualidade\u201d, declarou Parimoschi. \u201cAl\u00e9m disso, precisamos levar servi\u00e7o p\u00fablico ainda mais r\u00e1pido para o cidad\u00e3o que mais precisa. Estamos construindo aqui uma importante ponte para o futuro.\u201d<\/p>\n\n\n\n<p>O projeto de Lei de Inova\u00e7\u00e3o prev\u00ea a cria\u00e7\u00e3o de uma agenda de desenvolvimento, com dez objetivos estrat\u00e9gicos que nortear\u00e3o a elabora\u00e7\u00e3o do Sistema Jundia\u00ed de Inova\u00e7\u00e3o. \u00c9 o que explicou o gestor de Desenvolvimento Econ\u00f4mico, Ci\u00eancia e Tecnologia, Cristiano Lopes. \u201cA audi\u00eancia p\u00fablica \u00e9 justamente para envolver nossa sociedade, abrir espa\u00e7o para as pessoas contribu\u00edrem com suas ideias\u201d, disse Lopes. \u201cJ\u00e1 tivemos mais de 200 pessoas que preencheram nossa pesquisa, deixada no portal da Prefeitura de Jundia\u00ed.\u201d<\/p>\n\n\n\n<p>A pesquisa acontece at\u00e9 o dia 6 de maio e visa ampliar a participa\u00e7\u00e3o da sociedade na constru\u00e7\u00e3o do projeto. Quem quiser contribuir deve entrar no\u00a0<a rel=\"noreferrer noopener\" href=\"https:\/\/jundiai.sp.gov.br\/sistema-jundiai-de-inovacao\/\" target=\"_blank\"><strong>link<\/strong><\/a>\u00a0e responder \u00e0s quest\u00f5es.<\/p>\n\n\n\n<p><strong>Convidados da audi\u00eancia p\u00fablica<\/strong><\/p>\n\n\n\n<p>Pela h\u00e9lice do poder p\u00fablico participaram da discuss\u00e3o o vereador Douglas Medeiros, o diretor-presidente da CIJUN, Amauri Marquezi de Luca e o diretor de Ci\u00eancia &amp; Tecnologia de Jundia\u00ed, Julio Durante; pela h\u00e9lice da academia, o professor-coordenador do curso de ci\u00eancia da computa\u00e7\u00e3o da Faculdade Padre Anchieta, F\u00e1bio Lucchini, o diretor da Fatec Jundia\u00ed, Francesco Bordignon e a advogada e coordenadora do N\u00facleo Jur\u00eddico do Observat\u00f3rio de Inova\u00e7\u00e3o e Competitividade IEA\/USP, Gabriela Capobianco Palhares; pela h\u00e9lice dos empres\u00e1rios, a Agile Coach Raquel Rodrigues, o fundador do Grupo Viceri e CEO da plataforma Beatrix, Marcel Pratte, o vice-presidente do Conselho de Ci\u00eancia e Tecnologia e empres\u00e1rio Alexandre Borim e o empreendedor e ex-residente na incubadora tecnol\u00f3gica de Jundia\u00ed, Lucas Zorzi.<\/p>\n\n\n\n<p>Pela h\u00e9lice da comunidade, participaram a lideran\u00e7a jovem do Jardim das Tulipas Diego Del Roveri, a lideran\u00e7a do bairro Jardim Fepasa Michel Teza, o estudante de Engenharia Mecatr\u00f4nica da Poli-USP Gabriel Gelli Checchinato; pela h\u00e9lice da ind\u00fastria, com\u00e9rcio e servi\u00e7os, o CEO de Smart Infrastructure da Siemens, Sergio Jacobsen, o gestor de inova\u00e7\u00e3o na MAHLE Metal Leve S.A., Walter Wascheck, o diretor titular do CIESP Jundia\u00ed, Marcelo Cereser, o presidente da Associa\u00e7\u00e3o Comercial e Empresarial de Jundia\u00ed, Mark William Ormenese Monteiro, o presidente da VOA SP, Marcel Gomes Moure; e, como consultores externos, os consultores de tecnologia Rog\u00e9rio Alessi e Lu\u00eds Isique.<\/p>\n\n\n\n<p><em>(Fonte\/Imagem: Prefeitura de Jundia\u00ed)<\/em><\/p>\n","protected":false},"excerpt":{"rendered":"<p>Evento foi transmitido ao vivo pelas redes sociais da Prefeitura e da TVTEC<\/p>\n","protected":false},"author":17,"featured_media":75057,"comment_status":"closed","ping_status":"closed","sticky":false,"template":"","format":"standard","meta":{"footnotes":""},"categories":[1,2835,2824],"tags":[5,8369],"class_list":["post-75056","post","type-post","status-publish","format-standard","has-post-thumbnail","hentry","category-noticias","category-tecnologia","category-variedades","tag-jundiai","tag-sistema-jundiai-de-inovacao"],"_links":{"self":[{"href":"https:\/\/tvtecjundiai.com.br\/news\/wp-json\/wp\/v2\/posts\/75056","targetHints":{"allow":["GET"]}}],"collection":[{"href":"https:\/\/tvtecjundiai.com.br\/news\/wp-json\/wp\/v2\/posts"}],"about":[{"href":"https:\/\/tvtecjundiai.com.br\/news\/wp-json\/wp\/v2\/types\/post"}],"author":[{"embeddable":true,"href":"https:\/\/tvtecjundiai.com.br\/news\/wp-json\/wp\/v2\/users\/17"}],"replies":[{"embeddable":true,"href":"https:\/\/tvtecjundiai.com.br\/news\/wp-json\/wp\/v2\/comments?post=75056"}],"version-history":[{"count":1,"href":"https:\/\/tvtecjundiai.com.br\/news\/wp-json\/wp\/v2\/posts\/75056\/revisions"}],"predecessor-version":[{"id":75058,"href":"https:\/\/tvtecjundiai.com.br\/news\/wp-json\/wp\/v2\/posts\/75056\/revisions\/75058"}],"wp:featuredmedia":[{"embeddable":true,"href":"https:\/\/tvtecjundiai.com.br\/news\/wp-json\/wp\/v2\/media\/75057"}],"wp:attachment":[{"href":"https:\/\/tvtecjundiai.com.br\/news\/wp-json\/wp\/v2\/media?parent=75056"}],"wp:term":[{"taxonomy":"category","embeddable":true,"href":"https:\/\/tvtecjundiai.com.br\/news\/wp-json\/wp\/v2\/categories?post=75056"},{"taxonomy":"post_tag","embeddable":true,"href":"https:\/\/tvtecjundiai.com.br\/news\/wp-json\/wp\/v2\/tags?post=75056"}],"curies":[{"name":"wp","href":"https:\/\/api.w.org\/{rel}","templated":true}]}}