{"id":75068,"date":"2021-05-01T09:56:20","date_gmt":"2021-05-01T12:56:20","guid":{"rendered":"https:\/\/tvtecjundiai.com.br\/news\/?p=75068"},"modified":"2021-05-01T09:56:20","modified_gmt":"2021-05-01T12:56:20","slug":"maio-amarelo-conscientizacao-e-reducao-de-acidentes-e-mortes-no-transito","status":"publish","type":"post","link":"https:\/\/tvtecjundiai.com.br\/news\/2021\/05\/01\/maio-amarelo-conscientizacao-e-reducao-de-acidentes-e-mortes-no-transito\/","title":{"rendered":"Maio Amarelo: conscientiza\u00e7\u00e3o e redu\u00e7\u00e3o de acidentes e mortes no tr\u00e2nsito"},"content":{"rendered":"\n<p>O Movimento Maio Amarelo tem como objetivo diminuir o n\u00famero de acidentes e mortes no tr\u00e2nsito em uma campanha que envolve atividades para aumentar a conscientiza\u00e7\u00e3o e a educa\u00e7\u00e3o dos motoristas. Em Jundia\u00ed, o m\u00eas ter\u00e1 uma programa\u00e7\u00e3o com a\u00e7\u00f5es que incluem a distribui\u00e7\u00e3o de materiais promocionais por meio de apoiadores e parceiros da sociedade civil, aulas em espa\u00e7os abertos com alunos da rede municipal, treinamento de agentes com as mudan\u00e7as no c\u00f3digo de tr\u00e2nsito, la\u00e7os amarelos nos \u00f4nibus urbanos, entre outras.<\/p>\n\n\n\n<div class=\"wp-block-image\"><figure class=\"alignright size-medium is-resized\"><a href=\"https:\/\/tvtecjundiai.com.br\/news\/wp-content\/uploads\/sites\/2\/2021\/05\/transito_motos-42.jpg\"><img loading=\"lazy\" decoding=\"async\" src=\"https:\/\/tvtecjundiai.com.br\/news\/wp-content\/uploads\/sites\/2\/2021\/05\/transito_motos-42-300x200.jpg\" alt=\"\" class=\"wp-image-75069\" width=\"518\" height=\"346\" srcset=\"https:\/\/tvtecjundiai.com.br\/news\/wp-content\/uploads\/sites\/2\/2021\/05\/transito_motos-42-300x200.jpg 300w, https:\/\/tvtecjundiai.com.br\/news\/wp-content\/uploads\/sites\/2\/2021\/05\/transito_motos-42-1200x801.jpg 1200w, https:\/\/tvtecjundiai.com.br\/news\/wp-content\/uploads\/sites\/2\/2021\/05\/transito_motos-42-768x512.jpg 768w, https:\/\/tvtecjundiai.com.br\/news\/wp-content\/uploads\/sites\/2\/2021\/05\/transito_motos-42.jpg 1280w\" sizes=\"auto, (max-width: 518px) 100vw, 518px\" \/><\/a><figcaption>Motociclistas representam quase metade de todos os acidentes fatais em Jundia\u00ed<\/figcaption><\/figure><\/div>\n\n\n\n<p>Devido \u00e0 pandemia, essa edi\u00e7\u00e3o da campanha ter\u00e1 foco maior na divulga\u00e7\u00e3o digital. As aulas ocorrem nas pr\u00f3ximas quinta (6) e sexta-feira (7), com alunos da EMEB Jo\u00e3o Luiz de Campos. A atividade ser\u00e1 feita no Parque UNIDAM, ao ar livre, atendendo a todos os protocolos sanit\u00e1rios e dentro do conceito de desemparedamento da escola. Para o gestor de Mobilidade e Transporte da Prefeitura de Jundia\u00ed, Aloysio Queiroz, \u201ctrazer as crian\u00e7as para essa a\u00e7\u00e3o \u00e9 fundamental, pois o aprendizado precisa come\u00e7ar logo cedo, na inf\u00e2ncia\u201d.<\/p>\n\n\n\n<p>Aloysio explica que a aplica\u00e7\u00e3o de campanhas contribuem e chamam a aten\u00e7\u00e3o da sociedade \u00e0 educa\u00e7\u00e3o no tr\u00e2nsito. \u201cEm nossa cidade, vamos avan\u00e7ar com a educa\u00e7\u00e3o e com a fiscaliza\u00e7\u00e3o, com a inten\u00e7\u00e3o de que os motoristas respeitem a sinaliza\u00e7\u00e3o, o pedestre e o outro motorista.\u201d<\/p>\n\n\n\n<p><strong>Motociclistas<\/strong><br>Nos casos de acidentes fatais ou graves, as motos correspondem \u00e0 boa parte deles. Com 16% de uma frota de aproximadamente 337 mil ve\u00edculos, as motos causam 44% de todos os \u00f3bitos no tr\u00e2nsito. Dados do Hospital S\u00e3o Vicente de Paulo apontam o atendimento de 65 casos de acidentados com moto, em uma m\u00e9dia mensal, em 2020. Ao todo, o ano anterior teve 789 acidentes desse tipo atendidos pelo hospital, refer\u00eancia na Regi\u00e3o de Jundia\u00ed.<\/p>\n\n\n\n<p>Neste ano j\u00e1 s\u00e3o 245 atendimentos para acidentados com moto no S\u00e3o Vicente, de janeiro a mar\u00e7o. O aumento \u00e9 de 19% na compara\u00e7\u00e3o com o mesmo per\u00edodo do ano passado, quando foram atendidos 206 acidentes desse tipo.<\/p>\n\n\n\n<p>O ortopedista Marcelo Munhoz, do S\u00e3o Vicente, diz que mesmo com a pandemia o n\u00famero de traumas relacionados a esse tipo de acidente n\u00e3o diminuiu. \u201cO motociclista est\u00e1 mais exposto e, por isso, os acidentes com moto tendem a ser mais graves\u201d, observa ele. \u201cNo entanto, recebemos todos os tipos de acidentes e todos t\u00eam a sua complexidade\u201d.<\/p>\n\n\n\n<p>Segundo o m\u00e9dico, os traumas mais comuns relacionados \u00e0s motos s\u00e3o os de t\u00edbia, f\u00eamur, bacia, cr\u00e2nio, \u201cal\u00e9m dos politraumas\u201d, observa o especialista. Nos casos menos graves, o motociclista fica, em m\u00e9dia, de cinco a sete dias no hospital e pode voltar a uma vida normal no prazo de tr\u00eas a seis meses; nos mais complexos, a m\u00e9dia \u00e9 de duas a quatro semanas ocupando um leito.<\/p>\n\n\n\n<p>\u201cOs n\u00fameros apresentados pelo S\u00e3o Vicente preocupam e corroboram a necessidade de investir na conscientiza\u00e7\u00e3o e na fiscaliza\u00e7\u00e3o para diminuirmos os acidentes com motociclistas e motoristas em geral\u201d, declara Aloysio.<\/p>\n\n\n\n<p>A programa\u00e7\u00e3o completa do Maio Amarelo em Jundia\u00ed pode ser consultada no espa\u00e7o da Unidade de Gest\u00e3o de Mobilidade e Transportes, no\u00a0<a rel=\"noreferrer noopener\" href=\"https:\/\/jundiai.sp.gov.br\/transportes\/\" target=\"_blank\">site da Prefeitura de Jundia\u00ed<\/a>.<\/p>\n\n\n\n<p><em>(Fonte\/Imagem: Prefeitura de Jundia\u00ed)<\/em><\/p>\n","protected":false},"excerpt":{"rendered":"<p>Motociclistas representam quase metade dos acidentes fatais em Jundia\u00ed<\/p>\n","protected":false},"author":17,"featured_media":75069,"comment_status":"closed","ping_status":"closed","sticky":false,"template":"","format":"standard","meta":{"footnotes":""},"categories":[1,6151,3059],"tags":[8371,5],"class_list":["post-75068","post","type-post","status-publish","format-standard","has-post-thumbnail","hentry","category-noticias","category-transito","category-transportes","tag-acidentes-de-transito","tag-jundiai"],"_links":{"self":[{"href":"https:\/\/tvtecjundiai.com.br\/news\/wp-json\/wp\/v2\/posts\/75068","targetHints":{"allow":["GET"]}}],"collection":[{"href":"https:\/\/tvtecjundiai.com.br\/news\/wp-json\/wp\/v2\/posts"}],"about":[{"href":"https:\/\/tvtecjundiai.com.br\/news\/wp-json\/wp\/v2\/types\/post"}],"author":[{"embeddable":true,"href":"https:\/\/tvtecjundiai.com.br\/news\/wp-json\/wp\/v2\/users\/17"}],"replies":[{"embeddable":true,"href":"https:\/\/tvtecjundiai.com.br\/news\/wp-json\/wp\/v2\/comments?post=75068"}],"version-history":[{"count":1,"href":"https:\/\/tvtecjundiai.com.br\/news\/wp-json\/wp\/v2\/posts\/75068\/revisions"}],"predecessor-version":[{"id":75070,"href":"https:\/\/tvtecjundiai.com.br\/news\/wp-json\/wp\/v2\/posts\/75068\/revisions\/75070"}],"wp:featuredmedia":[{"embeddable":true,"href":"https:\/\/tvtecjundiai.com.br\/news\/wp-json\/wp\/v2\/media\/75069"}],"wp:attachment":[{"href":"https:\/\/tvtecjundiai.com.br\/news\/wp-json\/wp\/v2\/media?parent=75068"}],"wp:term":[{"taxonomy":"category","embeddable":true,"href":"https:\/\/tvtecjundiai.com.br\/news\/wp-json\/wp\/v2\/categories?post=75068"},{"taxonomy":"post_tag","embeddable":true,"href":"https:\/\/tvtecjundiai.com.br\/news\/wp-json\/wp\/v2\/tags?post=75068"}],"curies":[{"name":"wp","href":"https:\/\/api.w.org\/{rel}","templated":true}]}}