{"id":75071,"date":"2021-05-01T10:10:13","date_gmt":"2021-05-01T13:10:13","guid":{"rendered":"https:\/\/tvtecjundiai.com.br\/news\/?p=75071"},"modified":"2021-05-01T10:10:13","modified_gmt":"2021-05-01T13:10:13","slug":"jundiai-recebe-visita-da-coordenadora-do-centro-de-inovacao-da-educacao-basica-paulista","status":"publish","type":"post","link":"https:\/\/tvtecjundiai.com.br\/news\/2021\/05\/01\/jundiai-recebe-visita-da-coordenadora-do-centro-de-inovacao-da-educacao-basica-paulista\/","title":{"rendered":"Jundia\u00ed recebe visita da coordenadora do Centro de Inova\u00e7\u00e3o da Educa\u00e7\u00e3o B\u00e1sica Paulista"},"content":{"rendered":"\n<p>A coordenadora do Centro de Inova\u00e7\u00e3o da Educa\u00e7\u00e3o B\u00e1sica Paulista (CIEBP), da Secretaria de Educa\u00e7\u00e3o de S\u00e3o Paulo (Seduc), D\u00e9bora Garofalo, esteve em Jundia\u00ed nesta sexta-feira (30) para conhecer o Fab Lab Jundia\u00ed e o Mundo das Crian\u00e7as. A professora finalista do pr\u00eamio Global Teacher Prize em 2019 foi recebida pela gestora da Unidade de Gest\u00e3o de Educa\u00e7\u00e3o, Vast\u00ed Ferrari Marques e pela equipe da UGE.<\/p>\n\n\n\n<p>Durante a visita, D\u00e9bora conheceu a estrutura do Fab Lab, os equipamentos e trabalhos que s\u00e3o desenvolvidos com os alunos no espa\u00e7o. No Mundo das Crian\u00e7as, a professora e coordenadora do CIEBP conheceu e se encantou com o espa\u00e7o.\u00a0<\/p>\n\n\n\n<div class=\"wp-block-image\"><figure class=\"alignleft size-medium is-resized\"><a href=\"https:\/\/tvtecjundiai.com.br\/news\/wp-content\/uploads\/sites\/2\/2021\/05\/uge_fablab_debora_garofalo-139.jpg\"><img loading=\"lazy\" decoding=\"async\" src=\"https:\/\/tvtecjundiai.com.br\/news\/wp-content\/uploads\/sites\/2\/2021\/05\/uge_fablab_debora_garofalo-139-300x200.jpg\" alt=\"\" class=\"wp-image-75072\" width=\"486\" height=\"324\" srcset=\"https:\/\/tvtecjundiai.com.br\/news\/wp-content\/uploads\/sites\/2\/2021\/05\/uge_fablab_debora_garofalo-139-300x200.jpg 300w, https:\/\/tvtecjundiai.com.br\/news\/wp-content\/uploads\/sites\/2\/2021\/05\/uge_fablab_debora_garofalo-139-1200x800.jpg 1200w, https:\/\/tvtecjundiai.com.br\/news\/wp-content\/uploads\/sites\/2\/2021\/05\/uge_fablab_debora_garofalo-139-768x512.jpg 768w, https:\/\/tvtecjundiai.com.br\/news\/wp-content\/uploads\/sites\/2\/2021\/05\/uge_fablab_debora_garofalo-139.jpg 1280w\" sizes=\"auto, (max-width: 486px) 100vw, 486px\" \/><\/a><figcaption>D\u00e9bora conheceu a estrutura do Fab Lab Jundia\u00ed<\/figcaption><\/figure><\/div>\n\n\n\n<p>\u201cJundia\u00ed se destaca pelas iniciativas na \u00e1rea de inova\u00e7\u00e3o realizadas com os alunos da rede municipal de ensino. A ideia \u00e9 conhecer e aproximar os trabalhos realizados no Fab Lab, Mundo das Crian\u00e7as e CIEBP para que possamos, num futuro pr\u00f3ximo, expandir e somar as for\u00e7as e a\u00e7\u00f5es do munic\u00edpio e do Estado, abrangendo toda a regi\u00e3o\u201d, comentou D\u00e9bora.&nbsp;<\/p>\n\n\n\n<p>O Centro de Inova\u00e7\u00e3o da Educa\u00e7\u00e3o B\u00e1sica Paulista foi inaugurado no fim de 2020, \u00e9 um local para idealizar projetos e receber mentoria no hub de inova\u00e7\u00e3o. No espa\u00e7o, os alunos t\u00eam a oportunidade de desenvolver o protagonismo no processo de ensino.&nbsp;<\/p>\n\n\n\n<p>\u201cO Fab Lab e o CIEBP desenvolvem trabalhos voltados para a tecnologia e inova\u00e7\u00e3o. Esse alinhamento da cidade com o\u00a0 Estado \u00e9 sempre muito importante, afinal o aluno \u00e9 da cidade e n\u00e3o do ensino municipal ou estadual. A aproxima\u00e7\u00e3o com a D\u00e9bora e equipe do CIEBP \u00e9 importante para o desenvolvimento de novos projetos e programas que beneficiem a educa\u00e7\u00e3o como um todo\u201d, afirma Vast\u00ed.\u00a0<\/p>\n\n\n\n<p>Participaram da visita a equipe do Fab Lab Jundia\u00ed e tamb\u00e9m Valdete Ramos de Oliveira Melo, Dirigente Regional de Ensino de Jundia\u00ed e equipe da rede estadual de ensino.<\/p>\n\n\n\n<p><em>(Fonte\/Imagem: Prefeitura de Jundia\u00ed)<\/em><\/p>\n","protected":false},"excerpt":{"rendered":"<p>Representante visitou o Fab Lab e o Mundo das Crian\u00e7as<\/p>\n","protected":false},"author":17,"featured_media":75072,"comment_status":"closed","ping_status":"closed","sticky":false,"template":"","format":"standard","meta":{"footnotes":""},"categories":[2828,1],"tags":[5904,5,8136],"class_list":["post-75071","post","type-post","status-publish","format-standard","has-post-thumbnail","hentry","category-educacao","category-noticias","tag-fab-lab-jundiai","tag-jundiai","tag-mundo-das-criancas"],"_links":{"self":[{"href":"https:\/\/tvtecjundiai.com.br\/news\/wp-json\/wp\/v2\/posts\/75071","targetHints":{"allow":["GET"]}}],"collection":[{"href":"https:\/\/tvtecjundiai.com.br\/news\/wp-json\/wp\/v2\/posts"}],"about":[{"href":"https:\/\/tvtecjundiai.com.br\/news\/wp-json\/wp\/v2\/types\/post"}],"author":[{"embeddable":true,"href":"https:\/\/tvtecjundiai.com.br\/news\/wp-json\/wp\/v2\/users\/17"}],"replies":[{"embeddable":true,"href":"https:\/\/tvtecjundiai.com.br\/news\/wp-json\/wp\/v2\/comments?post=75071"}],"version-history":[{"count":1,"href":"https:\/\/tvtecjundiai.com.br\/news\/wp-json\/wp\/v2\/posts\/75071\/revisions"}],"predecessor-version":[{"id":75073,"href":"https:\/\/tvtecjundiai.com.br\/news\/wp-json\/wp\/v2\/posts\/75071\/revisions\/75073"}],"wp:featuredmedia":[{"embeddable":true,"href":"https:\/\/tvtecjundiai.com.br\/news\/wp-json\/wp\/v2\/media\/75072"}],"wp:attachment":[{"href":"https:\/\/tvtecjundiai.com.br\/news\/wp-json\/wp\/v2\/media?parent=75071"}],"wp:term":[{"taxonomy":"category","embeddable":true,"href":"https:\/\/tvtecjundiai.com.br\/news\/wp-json\/wp\/v2\/categories?post=75071"},{"taxonomy":"post_tag","embeddable":true,"href":"https:\/\/tvtecjundiai.com.br\/news\/wp-json\/wp\/v2\/tags?post=75071"}],"curies":[{"name":"wp","href":"https:\/\/api.w.org\/{rel}","templated":true}]}}