{"id":75080,"date":"2021-05-02T13:41:16","date_gmt":"2021-05-02T16:41:16","guid":{"rendered":"https:\/\/tvtecjundiai.com.br\/news\/?p=75080"},"modified":"2021-05-02T13:41:16","modified_gmt":"2021-05-02T16:41:16","slug":"jundiai-constroi-e-revitaliza-areas-publicas-em-todas-suas-regioes","status":"publish","type":"post","link":"https:\/\/tvtecjundiai.com.br\/news\/2021\/05\/02\/jundiai-constroi-e-revitaliza-areas-publicas-em-todas-suas-regioes\/","title":{"rendered":"Jundia\u00ed constr\u00f3i e revitaliza \u00e1reas p\u00fablicas em todas suas regi\u00f5es"},"content":{"rendered":"\n<p>Ao longo de 2020 e nos primeiros meses de 2021, a Prefeitura de Jundia\u00ed, por meio da Unidade de Gest\u00e3o de Infraestrutura e Servi\u00e7os P\u00fablicos, construiu e revitalizou \u00e1reas urbanas, parques e pra\u00e7as em diferentes regi\u00f5es de Jundia\u00ed. S\u00e3o mais de 20 espa\u00e7os p\u00fablicos constru\u00eddos e que receberam melhorias ao longo de 16 meses. A maioria j\u00e1 foi entregue \u00e0 popula\u00e7\u00e3o e as obras continuam em andamento.<\/p>\n\n\n\n<div class=\"wp-block-image\"><figure class=\"alignright size-medium is-resized\"><a href=\"https:\/\/tvtecjundiai.com.br\/news\/wp-content\/uploads\/sites\/2\/2021\/05\/praca-rua-antonio-lorencom-no-jardim-sales-58.jpg\"><img loading=\"lazy\" decoding=\"async\" src=\"https:\/\/tvtecjundiai.com.br\/news\/wp-content\/uploads\/sites\/2\/2021\/05\/praca-rua-antonio-lorencom-no-jardim-sales-58-300x200.jpg\" alt=\"\" class=\"wp-image-75081\" width=\"486\" height=\"324\" srcset=\"https:\/\/tvtecjundiai.com.br\/news\/wp-content\/uploads\/sites\/2\/2021\/05\/praca-rua-antonio-lorencom-no-jardim-sales-58-300x200.jpg 300w, https:\/\/tvtecjundiai.com.br\/news\/wp-content\/uploads\/sites\/2\/2021\/05\/praca-rua-antonio-lorencom-no-jardim-sales-58-1200x800.jpg 1200w, https:\/\/tvtecjundiai.com.br\/news\/wp-content\/uploads\/sites\/2\/2021\/05\/praca-rua-antonio-lorencom-no-jardim-sales-58-768x512.jpg 768w, https:\/\/tvtecjundiai.com.br\/news\/wp-content\/uploads\/sites\/2\/2021\/05\/praca-rua-antonio-lorencom-no-jardim-sales-58.jpg 1280w\" sizes=\"auto, (max-width: 486px) 100vw, 486px\" \/><\/a><figcaption>S\u00e3o mais de 20 espa\u00e7os p\u00fablicos constru\u00eddos e que receberam melhorias ao longo de 16 meses<\/figcaption><\/figure><\/div>\n\n\n\n<p>\u201cNossa proposta sempre foi criar espa\u00e7os de lazer para as pessoas, dar op\u00e7\u00f5es para as fam\u00edlias dentro de seus pr\u00f3prios bairros, o que explica o investimento em diferentes regi\u00f5es de Jundia\u00ed\u201d, diz o prefeito Luiz Fernando Machado. \u201cIsso significa qualidade de vida, valoriza\u00e7\u00e3o do espa\u00e7o p\u00fablico.\u201d O prefeito tamb\u00e9m explica que pra\u00e7as e parques est\u00e3o sendo equipados pensando cada vez mais nas crian\u00e7as, atendendo as diretrizes do programa municipal Cidade das Crian\u00e7as, da Rede Urban95 e da campanha Jundia\u00ed P\u00e9 de Inf\u00e2ncia. \u201cSe o espa\u00e7o p\u00fablico \u00e9 bom para a crian\u00e7a, \u00e9 bom para o pai, para a m\u00e3e, \u00e9 bom para todos.\u201d<\/p>\n\n\n\n<p>O gestor de Infraestrutura e Servi\u00e7os P\u00fablicos, Adilson Rosa, explica que todas as obras, em diferentes bairros e regi\u00f5es, ocorreram em pleno di\u00e1logo com a comunidade. \u201cMesmo em um momento de pandemia n\u00f3s n\u00e3o paramos as obras e entregamos pra\u00e7as e \u00e1reas urbanas importantes para a comunidade.\u201d O gestor tamb\u00e9m recorda outro desafio: com a pandemia, o insumo da constru\u00e7\u00e3o civil est\u00e1 mais caro e mais dif\u00edcil de ser encontrado, causando alguns atrasos.<\/p>\n\n\n\n<p>Entre os bairros beneficiados est\u00e3o: Residencial Jundia\u00ed, Jardim Sales, N\u00facleo Balsan, Col\u00f4nia, Ivoturucaia, Sorocabana, Jardim das Carpas, entre outros. Na Vila Nambi, por exemplo, uma pra\u00e7a na rua Palmeira dos \u00cdndios foi revitalizada e conta hoje com playground e academia ao ar livre. Ali, as crian\u00e7as do bairro ocupam o espa\u00e7o e se divertem com casa de madeira, escorregador, balan\u00e7o e outros equipamentos. O mesmo ocorreu na pra\u00e7a Mirante, no Bela Vista.<\/p>\n\n\n\n<p><strong>Conceito Pet e Fam\u00edlia<\/strong><\/p>\n\n\n\n<p>Pr\u00f3xima \u00e0 Unidade B\u00e1sica de Sa\u00fade da Col\u00f4nia, a pra\u00e7a Duque de Caxias \u00e9 um dos espa\u00e7os que receberam o conceito de Pet e Fam\u00edlia, ou seja, um local que oferece espa\u00e7o para as pessoas e tamb\u00e9m para os animais de estima\u00e7\u00e3o. Com valor estimado de R$ 120 mil, a obra foi entregue \u00e0 popula\u00e7\u00e3o no in\u00edcio de dezembro do ano passado. Em dezembro tamb\u00e9m foi entregue uma pra\u00e7a no mesmo conceito na rua Doutor Eloy Chaves, na Ponte S\u00e3o Jo\u00e3o.<\/p>\n\n\n\n<p><strong>Espelho D\u2019\u00e1gua<\/strong><\/p>\n\n\n\n<p>No ano passado foi entregue pela Prefeitura de Jundia\u00ed um parque ao redor da Lagoa Espelho D\u2019\u00c1gua, no Mato Dentro. O espa\u00e7o conta com pista de caminhada, ciclofaixa, quiosques, mesas e bancos de concreto, brinquedos para as crian\u00e7as, academia ao ar livre e postes com ilumina\u00e7\u00e3o de led.<\/p>\n\n\n\n<div class=\"wp-block-image\"><figure class=\"alignleft size-medium is-resized\"><a href=\"https:\/\/tvtecjundiai.com.br\/news\/wp-content\/uploads\/sites\/2\/2021\/05\/praca-rua-antonio-barqueta-no-jardim-copacabana-56.jpg\"><img loading=\"lazy\" decoding=\"async\" src=\"https:\/\/tvtecjundiai.com.br\/news\/wp-content\/uploads\/sites\/2\/2021\/05\/praca-rua-antonio-barqueta-no-jardim-copacabana-56-300x200.jpg\" alt=\"\" class=\"wp-image-75082\" width=\"484\" height=\"323\" srcset=\"https:\/\/tvtecjundiai.com.br\/news\/wp-content\/uploads\/sites\/2\/2021\/05\/praca-rua-antonio-barqueta-no-jardim-copacabana-56-300x200.jpg 300w, https:\/\/tvtecjundiai.com.br\/news\/wp-content\/uploads\/sites\/2\/2021\/05\/praca-rua-antonio-barqueta-no-jardim-copacabana-56-1200x800.jpg 1200w, https:\/\/tvtecjundiai.com.br\/news\/wp-content\/uploads\/sites\/2\/2021\/05\/praca-rua-antonio-barqueta-no-jardim-copacabana-56-768x512.jpg 768w, https:\/\/tvtecjundiai.com.br\/news\/wp-content\/uploads\/sites\/2\/2021\/05\/praca-rua-antonio-barqueta-no-jardim-copacabana-56.jpg 1280w\" sizes=\"auto, (max-width: 484px) 100vw, 484px\" \/><\/a><figcaption>Pra\u00e7a na Rua Antonio Barqueta no Jardim Copacabana<\/figcaption><\/figure><\/div>\n\n\n\n<p><strong>Obras em andamento<\/strong><\/p>\n\n\n\n<p>A constru\u00e7\u00e3o e revitaliza\u00e7\u00e3o de novos parques e pra\u00e7as segue em andamento pela Unidade de Infraestrutura e Servi\u00e7os P\u00fablicos. Um deles \u00e9 a do Parque Urbano e Bot\u00e2nico no Jardim Santa Gertrudes, or\u00e7ada em R$ 500 mil e com 35% conclu\u00edda. Atualmente, j\u00e1 foram feitos no local os lagos e a quadra e ainda ser\u00e3o implantados playground, estacionamento, brinquedos, academia e pista de caminhada.<\/p>\n\n\n\n<p>No Jardim Novo Horizonte est\u00e1 sendo constru\u00eddo um parque urbano na rua Henrique Brunini, j\u00e1 com 97% das obras conclu\u00eddas. Seu or\u00e7amento \u00e9 de 1,2 milh\u00e3o. A \u00e1rea conta com pista de caminhada de 1,5 mil m\u00b2 e ciclovia de 1,4 mil m\u00b2.<\/p>\n\n\n\n<p>J\u00e1 no bairro Cidade Jardim est\u00e1 sendo feito, na fase 1, o Parque Cidade Jardim, localizado na rua Elisa Machado Benassi. A obra est\u00e1 com 74% de conclus\u00e3o e a previs\u00e3o de t\u00e9rmino \u00e9 30 de junho. No Bonfiglioli ocorrem as obras de revitaliza\u00e7\u00e3o do Bosque Hermindo Rossi, conhecido como Bosquinho, com a obra em finaliza\u00e7\u00e3o.\u00a0<\/p>\n\n\n\n<p>Confira mais pra\u00e7as constru\u00eddas e revitalizadas em Jundia\u00ed no <a href=\"https:\/\/jundiai.sp.gov.br\/noticias\/2021\/05\/02\/jundiai-constroi-e-revitaliza-areas-publicas-em-todas-suas-regioes\/\" data-type=\"URL\" data-id=\"https:\/\/jundiai.sp.gov.br\/noticias\/2021\/05\/02\/jundiai-constroi-e-revitaliza-areas-publicas-em-todas-suas-regioes\/\">link<\/a>.<\/p>\n\n\n\n<p><em>(Fonte\/Imagem: Prefeitura de Jundia\u00ed)<\/em><\/p>\n","protected":false},"excerpt":{"rendered":"<p>S\u00e3o mais de 20 espa\u00e7os p\u00fablicos ao longo de 16 meses<\/p>\n","protected":false},"author":17,"featured_media":75083,"comment_status":"closed","ping_status":"closed","sticky":false,"template":"","format":"standard","meta":{"footnotes":""},"categories":[29,8354,1,2824],"tags":[5,171],"class_list":["post-75080","post","type-post","status-publish","format-standard","has-post-thumbnail","hentry","category-destaque","category-lazer","category-noticias","category-variedades","tag-jundiai","tag-parques"],"_links":{"self":[{"href":"https:\/\/tvtecjundiai.com.br\/news\/wp-json\/wp\/v2\/posts\/75080","targetHints":{"allow":["GET"]}}],"collection":[{"href":"https:\/\/tvtecjundiai.com.br\/news\/wp-json\/wp\/v2\/posts"}],"about":[{"href":"https:\/\/tvtecjundiai.com.br\/news\/wp-json\/wp\/v2\/types\/post"}],"author":[{"embeddable":true,"href":"https:\/\/tvtecjundiai.com.br\/news\/wp-json\/wp\/v2\/users\/17"}],"replies":[{"embeddable":true,"href":"https:\/\/tvtecjundiai.com.br\/news\/wp-json\/wp\/v2\/comments?post=75080"}],"version-history":[{"count":1,"href":"https:\/\/tvtecjundiai.com.br\/news\/wp-json\/wp\/v2\/posts\/75080\/revisions"}],"predecessor-version":[{"id":75084,"href":"https:\/\/tvtecjundiai.com.br\/news\/wp-json\/wp\/v2\/posts\/75080\/revisions\/75084"}],"wp:featuredmedia":[{"embeddable":true,"href":"https:\/\/tvtecjundiai.com.br\/news\/wp-json\/wp\/v2\/media\/75083"}],"wp:attachment":[{"href":"https:\/\/tvtecjundiai.com.br\/news\/wp-json\/wp\/v2\/media?parent=75080"}],"wp:term":[{"taxonomy":"category","embeddable":true,"href":"https:\/\/tvtecjundiai.com.br\/news\/wp-json\/wp\/v2\/categories?post=75080"},{"taxonomy":"post_tag","embeddable":true,"href":"https:\/\/tvtecjundiai.com.br\/news\/wp-json\/wp\/v2\/tags?post=75080"}],"curies":[{"name":"wp","href":"https:\/\/api.w.org\/{rel}","templated":true}]}}