{"id":7511,"date":"2018-03-15T12:27:22","date_gmt":"2018-03-15T15:27:22","guid":{"rendered":"https:\/\/tvtecjundiai.com.br\/news\/?p=7511"},"modified":"2018-03-15T12:28:51","modified_gmt":"2018-03-15T15:28:51","slug":"noticia-sobre-concurso-da-prefeitura-de-jundiai-e-falsa","status":"publish","type":"post","link":"https:\/\/tvtecjundiai.com.br\/news\/2018\/03\/15\/noticia-sobre-concurso-da-prefeitura-de-jundiai-e-falsa\/","title":{"rendered":"Not\u00edcia sobre concurso da Prefeitura de Jundia\u00ed \u00e9 falsa"},"content":{"rendered":"<p><a href=\"https:\/\/tvtecjundiai.com.br\/news\/wp-content\/uploads\/sites\/2\/2018\/03\/unnamed.jpg\"><img loading=\"lazy\" decoding=\"async\" class=\"alignright wp-image-7512\" src=\"https:\/\/tvtecjundiai.com.br\/news\/wp-content\/uploads\/sites\/2\/2018\/03\/unnamed-300x300.jpg\" alt=\"\" width=\"250\" height=\"250\" srcset=\"https:\/\/tvtecjundiai.com.br\/news\/wp-content\/uploads\/sites\/2\/2018\/03\/unnamed-300x300.jpg 300w, https:\/\/tvtecjundiai.com.br\/news\/wp-content\/uploads\/sites\/2\/2018\/03\/unnamed-100x100.jpg 100w, https:\/\/tvtecjundiai.com.br\/news\/wp-content\/uploads\/sites\/2\/2018\/03\/unnamed-768x768.jpg 768w, https:\/\/tvtecjundiai.com.br\/news\/wp-content\/uploads\/sites\/2\/2018\/03\/unnamed.jpg 900w\" sizes=\"auto, (max-width: 250px) 100vw, 250px\" \/><\/a>A Prefeitura de Jundia\u00ed informa que a not\u00edcia em circula\u00e7\u00e3o nas redes sociais sobre a abertura de inscri\u00e7\u00f5es para Concurso P\u00fablico da cidade n\u00e3o \u00e9 verdadeira. Cabe ressaltar que, inclusive, os cargos mencionados no post falso n\u00e3o existem no quadro de funcionalismo p\u00fablico jundiaiense.<\/p>\n<p>No momento, a administra\u00e7\u00e3o municipal estrutura o lan\u00e7amento de editais para concursos espec\u00edficos para as \u00e1reas de educa\u00e7\u00e3o e sa\u00fade, que devem ser publicados nas pr\u00f3ximas semanas. O acompanhamento pode ser feito diretamente no canal oficial da Prefeitura de Jundia\u00ed: www.jundiai.sp.gov.br.<\/p>\n<p><em>Fonte: Prefeitura de Jundia\u00ed<\/em><\/p>\n","protected":false},"excerpt":{"rendered":"<p>Os cargos mencionados n\u00e3o existem no quadro de funcionalismo p\u00fablico<\/p>\n","protected":false},"author":10,"featured_media":7512,"comment_status":"closed","ping_status":"closed","sticky":false,"template":"","format":"standard","meta":{"footnotes":""},"categories":[29,1],"tags":[5,107,15],"class_list":["post-7511","post","type-post","status-publish","format-standard","has-post-thumbnail","hentry","category-destaque","category-noticias","tag-jundiai","tag-prefeitura-de-jundiai","tag-tvtec"],"_links":{"self":[{"href":"https:\/\/tvtecjundiai.com.br\/news\/wp-json\/wp\/v2\/posts\/7511","targetHints":{"allow":["GET"]}}],"collection":[{"href":"https:\/\/tvtecjundiai.com.br\/news\/wp-json\/wp\/v2\/posts"}],"about":[{"href":"https:\/\/tvtecjundiai.com.br\/news\/wp-json\/wp\/v2\/types\/post"}],"author":[{"embeddable":true,"href":"https:\/\/tvtecjundiai.com.br\/news\/wp-json\/wp\/v2\/users\/10"}],"replies":[{"embeddable":true,"href":"https:\/\/tvtecjundiai.com.br\/news\/wp-json\/wp\/v2\/comments?post=7511"}],"version-history":[{"count":3,"href":"https:\/\/tvtecjundiai.com.br\/news\/wp-json\/wp\/v2\/posts\/7511\/revisions"}],"predecessor-version":[{"id":7515,"href":"https:\/\/tvtecjundiai.com.br\/news\/wp-json\/wp\/v2\/posts\/7511\/revisions\/7515"}],"wp:featuredmedia":[{"embeddable":true,"href":"https:\/\/tvtecjundiai.com.br\/news\/wp-json\/wp\/v2\/media\/7512"}],"wp:attachment":[{"href":"https:\/\/tvtecjundiai.com.br\/news\/wp-json\/wp\/v2\/media?parent=7511"}],"wp:term":[{"taxonomy":"category","embeddable":true,"href":"https:\/\/tvtecjundiai.com.br\/news\/wp-json\/wp\/v2\/categories?post=7511"},{"taxonomy":"post_tag","embeddable":true,"href":"https:\/\/tvtecjundiai.com.br\/news\/wp-json\/wp\/v2\/tags?post=7511"}],"curies":[{"name":"wp","href":"https:\/\/api.w.org\/{rel}","templated":true}]}}