{"id":75118,"date":"2021-05-03T12:34:43","date_gmt":"2021-05-03T15:34:43","guid":{"rendered":"https:\/\/tvtecjundiai.com.br\/news\/?p=75118"},"modified":"2021-05-03T12:34:43","modified_gmt":"2021-05-03T15:34:43","slug":"covid-19-agendamento-para-segunda-dose-sera-aberto-nesta-terca-feira-04","status":"publish","type":"post","link":"https:\/\/tvtecjundiai.com.br\/news\/2021\/05\/03\/covid-19-agendamento-para-segunda-dose-sera-aberto-nesta-terca-feira-04\/","title":{"rendered":"Covid-19: agendamento para segunda dose ser\u00e1 aberto nesta ter\u00e7a-feira (04)"},"content":{"rendered":"\n<p>A partir das 11h desta ter\u00e7a-feira (4), a Prefeitura de Jundia\u00ed abre nova grade de agendamento para a segunda dose (D2) de Coronavac para idosos com 68 anos ou mais que tenham recebido a primeira dose (D1) at\u00e9 o dia 5 de abril. O agendamento ser\u00e1 disponibilizado pelos canais digitais (APP Jundia\u00ed e site) para aplica\u00e7\u00e3o na Par\u00f3quia Sagrado Cora\u00e7\u00e3o de Jesus, na Col\u00f4nia, com a escolha de hor\u00e1rio para a aplica\u00e7\u00e3o.<\/p>\n\n\n\n<p>As doses s\u00e3o remanescentes de agendamentos realizados na semana passada e que n\u00e3o tiveram o comparecimento dos usu\u00e1rios. \u201cAqueles que n\u00e3o puderam comparecer \u00e0 vacina\u00e7\u00e3o na data agendada anteriormente, devem procurar pela dose nesta nova oportunidade\u201d, detalha a enfermeira da Vigil\u00e2ncia Epidemiol\u00f3gica (VE) Maria do Carmo Possidente.<\/p>\n\n\n\n<div class=\"wp-block-image\"><figure class=\"aligncenter size-large\"><img loading=\"lazy\" decoding=\"async\" width=\"1200\" height=\"801\" src=\"https:\/\/tvtecjundiai.com.br\/news\/wp-content\/uploads\/sites\/2\/2021\/05\/vacina-covid-polo-ubs-caxambu-180-1200x801.jpg\" alt=\"\" class=\"wp-image-75119\" srcset=\"https:\/\/tvtecjundiai.com.br\/news\/wp-content\/uploads\/sites\/2\/2021\/05\/vacina-covid-polo-ubs-caxambu-180-1200x801.jpg 1200w, https:\/\/tvtecjundiai.com.br\/news\/wp-content\/uploads\/sites\/2\/2021\/05\/vacina-covid-polo-ubs-caxambu-180-300x200.jpg 300w, https:\/\/tvtecjundiai.com.br\/news\/wp-content\/uploads\/sites\/2\/2021\/05\/vacina-covid-polo-ubs-caxambu-180-768x512.jpg 768w, https:\/\/tvtecjundiai.com.br\/news\/wp-content\/uploads\/sites\/2\/2021\/05\/vacina-covid-polo-ubs-caxambu-180.jpg 1280w\" sizes=\"auto, (max-width: 1200px) 100vw, 1200px\" \/><figcaption>Aplica\u00e7\u00e3o da segunda dose (D2) ser\u00e1 feita no sal\u00e3o Paroquial da igreja Sagrado Cora\u00e7\u00e3o de Jesus, na Col\u00f4nia<\/figcaption><\/figure><\/div>\n\n\n\n<p>Para verificar hist\u00f3rico de vacina da pessoa basta acessar o site da Prefeitura de Jundia\u00ed no \u00edcone \u2018Agendar Vacina\u00e7\u00e3o\u2019 e consultar pelo n\u00famero do CPF. Caso identificado algum dado para ser alterado, entre em contato com a Central de Agendamento de Consultas (CAC), pelo (11) 4531-8670, para informar e solicitar a libera\u00e7\u00e3o.<\/p>\n\n\n\n<p>Ser\u00e3o disponibilizadas 400 vagas para aplica\u00e7\u00e3o D2. O n\u00famero \u00e9 o estimado entre aqueles que j\u00e1 tiveram a oferta e, por algum motivo, n\u00e3o compareceram. Outro ponto refor\u00e7ado pela enfermeira \u00e9 que a segunda dose \u00e9 essencial para a completa grade definida pelos laborat\u00f3rios.<\/p>\n\n\n\n<p><em>(Fonte\/Imagem: Prefeitura de Jundia\u00ed)<\/em><\/p>\n","protected":false},"excerpt":{"rendered":"<p>O agendamento abre \u00e1s 11h pelo APP site da Prefeitura de Jundia\u00ed<\/p>\n","protected":false},"author":25,"featured_media":75119,"comment_status":"closed","ping_status":"closed","sticky":false,"template":"","format":"standard","meta":{"footnotes":""},"categories":[29,1,2839],"tags":[],"class_list":["post-75118","post","type-post","status-publish","format-standard","has-post-thumbnail","hentry","category-destaque","category-noticias","category-saude"],"_links":{"self":[{"href":"https:\/\/tvtecjundiai.com.br\/news\/wp-json\/wp\/v2\/posts\/75118","targetHints":{"allow":["GET"]}}],"collection":[{"href":"https:\/\/tvtecjundiai.com.br\/news\/wp-json\/wp\/v2\/posts"}],"about":[{"href":"https:\/\/tvtecjundiai.com.br\/news\/wp-json\/wp\/v2\/types\/post"}],"author":[{"embeddable":true,"href":"https:\/\/tvtecjundiai.com.br\/news\/wp-json\/wp\/v2\/users\/25"}],"replies":[{"embeddable":true,"href":"https:\/\/tvtecjundiai.com.br\/news\/wp-json\/wp\/v2\/comments?post=75118"}],"version-history":[{"count":1,"href":"https:\/\/tvtecjundiai.com.br\/news\/wp-json\/wp\/v2\/posts\/75118\/revisions"}],"predecessor-version":[{"id":75120,"href":"https:\/\/tvtecjundiai.com.br\/news\/wp-json\/wp\/v2\/posts\/75118\/revisions\/75120"}],"wp:featuredmedia":[{"embeddable":true,"href":"https:\/\/tvtecjundiai.com.br\/news\/wp-json\/wp\/v2\/media\/75119"}],"wp:attachment":[{"href":"https:\/\/tvtecjundiai.com.br\/news\/wp-json\/wp\/v2\/media?parent=75118"}],"wp:term":[{"taxonomy":"category","embeddable":true,"href":"https:\/\/tvtecjundiai.com.br\/news\/wp-json\/wp\/v2\/categories?post=75118"},{"taxonomy":"post_tag","embeddable":true,"href":"https:\/\/tvtecjundiai.com.br\/news\/wp-json\/wp\/v2\/tags?post=75118"}],"curies":[{"name":"wp","href":"https:\/\/api.w.org\/{rel}","templated":true}]}}