{"id":75121,"date":"2021-05-03T13:06:46","date_gmt":"2021-05-03T16:06:46","guid":{"rendered":"https:\/\/tvtecjundiai.com.br\/news\/?p=75121"},"modified":"2021-05-03T13:06:46","modified_gmt":"2021-05-03T16:06:46","slug":"prefeitura-de-jundiai-inicia-operacao-estiagem-para-evitar-queimadas","status":"publish","type":"post","link":"https:\/\/tvtecjundiai.com.br\/news\/2021\/05\/03\/prefeitura-de-jundiai-inicia-operacao-estiagem-para-evitar-queimadas\/","title":{"rendered":"Prefeitura de Jundia\u00ed inicia Opera\u00e7\u00e3o Estiagem para evitar queimadas"},"content":{"rendered":"\n<p>Por meio da Defesa Civil, a Prefeitura de Jundia\u00ed inicia a Opera\u00e7\u00e3o Estiagem, uma a\u00e7\u00e3o voltada a minimizar problemas decorrentes desse per\u00edodo do ano, quando as chuvas diminuem e o clima fica mais seco. Como ressalta o coordenador da Defesa Civil de Jundia\u00ed, o coronel Jo\u00e3o Os\u00f3rio Gimenez, s\u00e3o eles: as queimadas e os efeitos da baixa umidade relativa do ar. A Opera\u00e7\u00e3o Estiagem segue at\u00e9 30 de setembro.<\/p>\n\n\n\n<p>Mais que combater, explica Gimenez, a proposta \u00e9 prevenir. Por isso, um trabalho integrado entre diferentes \u00f3rg\u00e3os teve in\u00edcio em meses anteriores. Em 14 de janeiro deste ano, foi publicado um decreto municipal com o Plano de Conting\u00eancia de Estiagem no Munic\u00edpio de Jundia\u00ed, com diretrizes e procedimentos de car\u00e1ter permanente para combater os problemas desse per\u00edodo. \u201cNosso foco \u00e9, sempre, a prote\u00e7\u00e3o da vida da popula\u00e7\u00e3o\u201d, declara Gimenez.<\/p>\n\n\n\n<figure class=\"wp-block-image size-large\"><img loading=\"lazy\" decoding=\"async\" width=\"1200\" height=\"675\" src=\"https:\/\/tvtecjundiai.com.br\/news\/wp-content\/uploads\/sites\/2\/2021\/05\/queimadas-3-1200x675.jpg\" alt=\"\" class=\"wp-image-75122\" srcset=\"https:\/\/tvtecjundiai.com.br\/news\/wp-content\/uploads\/sites\/2\/2021\/05\/queimadas-3-1200x675.jpg 1200w, https:\/\/tvtecjundiai.com.br\/news\/wp-content\/uploads\/sites\/2\/2021\/05\/queimadas-3-300x169.jpg 300w, https:\/\/tvtecjundiai.com.br\/news\/wp-content\/uploads\/sites\/2\/2021\/05\/queimadas-3-768x432.jpg 768w, https:\/\/tvtecjundiai.com.br\/news\/wp-content\/uploads\/sites\/2\/2021\/05\/queimadas-3.jpg 1280w\" sizes=\"auto, (max-width: 1200px) 100vw, 1200px\" \/><figcaption>Trabalho integrado visa combater poss\u00edveis focos de queimadas, comuns em \u00e9poca de tempo seco<\/figcaption><\/figure>\n\n\n\n<p>Fazem parte dessa for\u00e7a-tarefa, al\u00e9m da Defesa Civil, o Corpo de Bombeiros, a RINEM (Rede Integrada de Emerg\u00eancia), Guarda Municipal, DAE, Funda\u00e7\u00e3o Ant\u00f4nio Antonieta Cintra Gordinho, Mata Ciliar, o Aeroporto Estadual Comandante Rolim Adolfo Amaro, al\u00e9m de diferentes unidades de gest\u00e3o municipal, como Casa Civil, Infraestrutura e Servi\u00e7os P\u00fablicos, Sa\u00fade, Mobilidade e Transporte, Agroneg\u00f3cio, Abastecimento e Turismo e Inova\u00e7\u00e3o e Rela\u00e7\u00e3o com o Cidad\u00e3o.<\/p>\n\n\n\n<p>Na ter\u00e7a-feira (04), no per\u00edodo da manh\u00e3, ocorre uma reuni\u00e3o da Comiss\u00e3o T\u00e9cnica Permanente, determinada a partir da Lei de Queimadas. Entre os assuntos abordados est\u00e3o a diminui\u00e7\u00e3o do n\u00famero de queimadas nos anos anteriores e os locais em que elas ocorreram.<\/p>\n\n\n\n<p><em>(Texto\/Imagem: Prefeitura de Jundia\u00ed)<\/em><\/p>\n","protected":false},"excerpt":{"rendered":"<p>A\u00e7\u00e3o \u00e9 voltada a minimizar problemas decorrentes desse per\u00edodo do ano, quando o clima fica mais seco<\/p>\n","protected":false},"author":28,"featured_media":75122,"comment_status":"closed","ping_status":"closed","sticky":false,"template":"","format":"standard","meta":{"footnotes":""},"categories":[8356,1],"tags":[],"class_list":["post-75121","post","type-post","status-publish","format-standard","has-post-thumbnail","hentry","category-jundiai","category-noticias"],"_links":{"self":[{"href":"https:\/\/tvtecjundiai.com.br\/news\/wp-json\/wp\/v2\/posts\/75121","targetHints":{"allow":["GET"]}}],"collection":[{"href":"https:\/\/tvtecjundiai.com.br\/news\/wp-json\/wp\/v2\/posts"}],"about":[{"href":"https:\/\/tvtecjundiai.com.br\/news\/wp-json\/wp\/v2\/types\/post"}],"author":[{"embeddable":true,"href":"https:\/\/tvtecjundiai.com.br\/news\/wp-json\/wp\/v2\/users\/28"}],"replies":[{"embeddable":true,"href":"https:\/\/tvtecjundiai.com.br\/news\/wp-json\/wp\/v2\/comments?post=75121"}],"version-history":[{"count":1,"href":"https:\/\/tvtecjundiai.com.br\/news\/wp-json\/wp\/v2\/posts\/75121\/revisions"}],"predecessor-version":[{"id":75123,"href":"https:\/\/tvtecjundiai.com.br\/news\/wp-json\/wp\/v2\/posts\/75121\/revisions\/75123"}],"wp:featuredmedia":[{"embeddable":true,"href":"https:\/\/tvtecjundiai.com.br\/news\/wp-json\/wp\/v2\/media\/75122"}],"wp:attachment":[{"href":"https:\/\/tvtecjundiai.com.br\/news\/wp-json\/wp\/v2\/media?parent=75121"}],"wp:term":[{"taxonomy":"category","embeddable":true,"href":"https:\/\/tvtecjundiai.com.br\/news\/wp-json\/wp\/v2\/categories?post=75121"},{"taxonomy":"post_tag","embeddable":true,"href":"https:\/\/tvtecjundiai.com.br\/news\/wp-json\/wp\/v2\/tags?post=75121"}],"curies":[{"name":"wp","href":"https:\/\/api.w.org\/{rel}","templated":true}]}}