{"id":75127,"date":"2021-05-03T13:46:12","date_gmt":"2021-05-03T16:46:12","guid":{"rendered":"https:\/\/tvtecjundiai.com.br\/news\/?p=75127"},"modified":"2021-05-03T13:46:12","modified_gmt":"2021-05-03T16:46:12","slug":"fundo-social-de-jundiai-abre-capacitacao-on-line-com-foco-no-empreendedorismo","status":"publish","type":"post","link":"https:\/\/tvtecjundiai.com.br\/news\/2021\/05\/03\/fundo-social-de-jundiai-abre-capacitacao-on-line-com-foco-no-empreendedorismo\/","title":{"rendered":"Fundo Social de Jundia\u00ed abre capacita\u00e7\u00e3o on-line com foco no empreendedorismo"},"content":{"rendered":"\n<p>O Fundo Social de Solidariedade de Jundia\u00ed (Funss), em parceria com o Sebrae Jundia\u00ed e o Senac Jundia\u00ed, realizar\u00e1 o curso on-line \u201cEmpreenda R\u00e1pido Senac \u2013 Entenda melhor seu cliente e venda mais\u201d. A capacita\u00e7\u00e3o virtual contar\u00e1 com 30 vagas. Poder\u00e3o participar pessoas com 18 anos ou mais, com Ensino Fundamental completo e residentes em Jundia\u00ed.<\/p>\n\n\n\n<p>As matr\u00edculas poder\u00e3o ser feitas a partir desta segunda-feira (03) e dever\u00e3o ser conclu\u00eddas at\u00e9 domingo (09), por meio do link: https:\/\/forms.gle\/MqBoC4TXUjmcpxF37. O crit\u00e9rio de preenchimento das vagas \u00e9 a ordem de envio do formul\u00e1rio, que considera hora, minuto e segundo. Os nomes dos alunos matriculados ser\u00e3o divulgados no site da Prefeitura de Jundia\u00ed. As fichas n\u00e3o contempladas est\u00e3o, automaticamente, na lista de espera e poder\u00e3o ser convocadas em caso de desist\u00eancia.<\/p>\n\n\n\n<figure class=\"wp-block-image size-large\"><img loading=\"lazy\" decoding=\"async\" width=\"1200\" height=\"800\" src=\"https:\/\/tvtecjundiai.com.br\/news\/wp-content\/uploads\/sites\/2\/2021\/05\/funss_inscricoes-1200x800.jpg\" alt=\"\" class=\"wp-image-75129\" srcset=\"https:\/\/tvtecjundiai.com.br\/news\/wp-content\/uploads\/sites\/2\/2021\/05\/funss_inscricoes-1200x800.jpg 1200w, https:\/\/tvtecjundiai.com.br\/news\/wp-content\/uploads\/sites\/2\/2021\/05\/funss_inscricoes-300x200.jpg 300w, https:\/\/tvtecjundiai.com.br\/news\/wp-content\/uploads\/sites\/2\/2021\/05\/funss_inscricoes-768x512.jpg 768w, https:\/\/tvtecjundiai.com.br\/news\/wp-content\/uploads\/sites\/2\/2021\/05\/funss_inscricoes.jpg 1280w\" sizes=\"auto, (max-width: 1200px) 100vw, 1200px\" \/><figcaption>Formul\u00e1rio on-line poder\u00e1 ser preenchido a partir desta segunda-feira (03)<\/figcaption><\/figure>\n\n\n\n<p>Os alunos poder\u00e3o assistir as aulas pela plataforma virtual Microsoft Teams. O SEBRAE e SENAC ser\u00e3o respons\u00e1veis por informar os inscritos sobre o&nbsp;<em>link<\/em>&nbsp;da Sala Virtual, bem como apoiar o acesso ao sistema.<\/p>\n\n\n\n<p>As aulas do curso on-line \u201cEmpreenda R\u00e1pido Senac \u2013 Entenda melhor seu cliente e venda mais\u201d ser\u00e3o nos dias 17, 18, 19 e 20 de maio (segunda a quinta-feira), das 14h \u00e0s 18h, e no dia 27 de maio (quinta-feira), das 18h \u00e0s 22h.<\/p>\n\n\n\n<p>Informa\u00e7\u00f5es pelos telefones: (11) 4521-2762, 4521-2929 e 4521-6833.<\/p>\n\n\n\n<p><em>(Texto\/Imagem: Prefeitura de Jundia\u00ed)<\/em><\/p>\n","protected":false},"excerpt":{"rendered":"<p>Curso \u201cEmpreenda R\u00e1pido Senac \u2013 Entenda melhor seu cliente e venda mais\u201d contar\u00e1 com 30 vagas<\/p>\n","protected":false},"author":28,"featured_media":75129,"comment_status":"closed","ping_status":"closed","sticky":false,"template":"","format":"standard","meta":{"footnotes":""},"categories":[8356,1],"tags":[],"class_list":["post-75127","post","type-post","status-publish","format-standard","has-post-thumbnail","hentry","category-jundiai","category-noticias"],"_links":{"self":[{"href":"https:\/\/tvtecjundiai.com.br\/news\/wp-json\/wp\/v2\/posts\/75127","targetHints":{"allow":["GET"]}}],"collection":[{"href":"https:\/\/tvtecjundiai.com.br\/news\/wp-json\/wp\/v2\/posts"}],"about":[{"href":"https:\/\/tvtecjundiai.com.br\/news\/wp-json\/wp\/v2\/types\/post"}],"author":[{"embeddable":true,"href":"https:\/\/tvtecjundiai.com.br\/news\/wp-json\/wp\/v2\/users\/28"}],"replies":[{"embeddable":true,"href":"https:\/\/tvtecjundiai.com.br\/news\/wp-json\/wp\/v2\/comments?post=75127"}],"version-history":[{"count":1,"href":"https:\/\/tvtecjundiai.com.br\/news\/wp-json\/wp\/v2\/posts\/75127\/revisions"}],"predecessor-version":[{"id":75130,"href":"https:\/\/tvtecjundiai.com.br\/news\/wp-json\/wp\/v2\/posts\/75127\/revisions\/75130"}],"wp:featuredmedia":[{"embeddable":true,"href":"https:\/\/tvtecjundiai.com.br\/news\/wp-json\/wp\/v2\/media\/75129"}],"wp:attachment":[{"href":"https:\/\/tvtecjundiai.com.br\/news\/wp-json\/wp\/v2\/media?parent=75127"}],"wp:term":[{"taxonomy":"category","embeddable":true,"href":"https:\/\/tvtecjundiai.com.br\/news\/wp-json\/wp\/v2\/categories?post=75127"},{"taxonomy":"post_tag","embeddable":true,"href":"https:\/\/tvtecjundiai.com.br\/news\/wp-json\/wp\/v2\/tags?post=75127"}],"curies":[{"name":"wp","href":"https:\/\/api.w.org\/{rel}","templated":true}]}}