{"id":75141,"date":"2021-05-03T15:13:19","date_gmt":"2021-05-03T18:13:19","guid":{"rendered":"https:\/\/tvtecjundiai.com.br\/news\/?p=75141"},"modified":"2021-05-03T15:46:53","modified_gmt":"2021-05-03T18:46:53","slug":"morre-em-jundiai-fundador-do-hospital-santa-elisa-1","status":"publish","type":"post","link":"https:\/\/tvtecjundiai.com.br\/news\/2021\/05\/03\/morre-em-jundiai-fundador-do-hospital-santa-elisa-1\/","title":{"rendered":"Morre em Jundia\u00ed o fundador do Hospital Santa Elisa"},"content":{"rendered":"\n<p>Morreu na manh\u00e3 desta segunda-feira (03), em Jundia\u00ed, o m\u00e9dico urologista Jos\u00e9 Carlos Bandeira Soares de Camargo. O m\u00e9dico estava com 92 anos e veio a \u00f3bito por complica\u00e7\u00f5es no cora\u00e7\u00e3o.<\/p>\n\n\n\n<p>Jos\u00e9 Carlos formou-se em medicina pela Escola Paulista de Medicina e especializou-se em Urologia em Chicago, nos Estados Unidos. Ele foi o primeiro m\u00e9dico urologista de Jundia\u00ed. Segundo seu sobrinho, Mauro Traldi, Jos\u00e9 Carlos decidiu seguir os passos do pai, Gumercindo Soares de Camargo, que foi diretor cl\u00ednico do Hospital de Caridade S\u00e3o Vicente de Paulo.<\/p>\n\n\n\n<p>O m\u00e9dico urologista foi um dos fundadores do Hospital Santa Elisa, em Jundia\u00ed. Fundado em 8 de maio de 1969, o Hospital Santa Elisa abria suas portas com 44 leitos destinados ao atendimento p\u00fablico na cidade. <\/p>\n\n\n\n<figure class=\"wp-block-image size-large\"><img loading=\"lazy\" decoding=\"async\" width=\"1000\" height=\"947\" src=\"https:\/\/tvtecjundiai.com.br\/news\/wp-content\/uploads\/sites\/2\/2021\/05\/josecamargo.jpeg\" alt=\"\" class=\"wp-image-75142\" srcset=\"https:\/\/tvtecjundiai.com.br\/news\/wp-content\/uploads\/sites\/2\/2021\/05\/josecamargo.jpeg 1000w, https:\/\/tvtecjundiai.com.br\/news\/wp-content\/uploads\/sites\/2\/2021\/05\/josecamargo-300x284.jpeg 300w, https:\/\/tvtecjundiai.com.br\/news\/wp-content\/uploads\/sites\/2\/2021\/05\/josecamargo-768x727.jpeg 768w\" sizes=\"auto, (max-width: 1000px) 100vw, 1000px\" \/><figcaption>Jos\u00e9 Carlos ao centro, com sua esposa e seus tr\u00eas filhos<\/figcaption><\/figure>\n\n\n\n<p>J\u00e1 nos anos 80, o hospital deixou de atender o setor p\u00fablico e migrou para o atendimento de planos de sa\u00fade. Atualmente, ele \u00e9 conhecido como Hospital e Maternidade Santa Elisa \u2013 por ser especializado em partos.<\/p>\n\n\n\n<p><em>(Texto: TVTEC\/Imagem: Arquivo Pessoal)<\/em><\/p>\n","protected":false},"excerpt":{"rendered":"<p>Jos\u00e9 Carlos Bandeira Soares de Camargo estava com 92 anos e foi o primeiro urologista da cidade<\/p>\n","protected":false},"author":28,"featured_media":75148,"comment_status":"closed","ping_status":"closed","sticky":false,"template":"","format":"standard","meta":{"footnotes":""},"categories":[8356,1],"tags":[],"class_list":["post-75141","post","type-post","status-publish","format-standard","has-post-thumbnail","hentry","category-jundiai","category-noticias"],"_links":{"self":[{"href":"https:\/\/tvtecjundiai.com.br\/news\/wp-json\/wp\/v2\/posts\/75141","targetHints":{"allow":["GET"]}}],"collection":[{"href":"https:\/\/tvtecjundiai.com.br\/news\/wp-json\/wp\/v2\/posts"}],"about":[{"href":"https:\/\/tvtecjundiai.com.br\/news\/wp-json\/wp\/v2\/types\/post"}],"author":[{"embeddable":true,"href":"https:\/\/tvtecjundiai.com.br\/news\/wp-json\/wp\/v2\/users\/28"}],"replies":[{"embeddable":true,"href":"https:\/\/tvtecjundiai.com.br\/news\/wp-json\/wp\/v2\/comments?post=75141"}],"version-history":[{"count":3,"href":"https:\/\/tvtecjundiai.com.br\/news\/wp-json\/wp\/v2\/posts\/75141\/revisions"}],"predecessor-version":[{"id":75147,"href":"https:\/\/tvtecjundiai.com.br\/news\/wp-json\/wp\/v2\/posts\/75141\/revisions\/75147"}],"wp:featuredmedia":[{"embeddable":true,"href":"https:\/\/tvtecjundiai.com.br\/news\/wp-json\/wp\/v2\/media\/75148"}],"wp:attachment":[{"href":"https:\/\/tvtecjundiai.com.br\/news\/wp-json\/wp\/v2\/media?parent=75141"}],"wp:term":[{"taxonomy":"category","embeddable":true,"href":"https:\/\/tvtecjundiai.com.br\/news\/wp-json\/wp\/v2\/categories?post=75141"},{"taxonomy":"post_tag","embeddable":true,"href":"https:\/\/tvtecjundiai.com.br\/news\/wp-json\/wp\/v2\/tags?post=75141"}],"curies":[{"name":"wp","href":"https:\/\/api.w.org\/{rel}","templated":true}]}}