{"id":75153,"date":"2021-05-03T16:40:54","date_gmt":"2021-05-03T19:40:54","guid":{"rendered":"https:\/\/tvtecjundiai.com.br\/news\/?p=75153"},"modified":"2021-05-03T16:57:18","modified_gmt":"2021-05-03T19:57:18","slug":"jundiai-contabiliza-seis-obitos-por-covid-19-nesta-segunda-feira-03","status":"publish","type":"post","link":"https:\/\/tvtecjundiai.com.br\/news\/2021\/05\/03\/jundiai-contabiliza-seis-obitos-por-covid-19-nesta-segunda-feira-03\/","title":{"rendered":"Jundia\u00ed contabiliza seis \u00f3bitos por COVID-19 nesta segunda-feira (03)"},"content":{"rendered":"\n<p>A Prefeitura de Jundia\u00ed informa que, nesta segunda-feira (03), seis \u00f3bitos foram contabilizados de residentes na cidade causados pelo Novo Coronav\u00edrus.<\/p>\n\n\n\n<p>Homem, 52 anos, portador de doen\u00e7a cardiovascular cr\u00f4nica. Internou 25\/04 e faleceu 02\/05 no hospital S\u00e3o Vicente.<\/p>\n\n\n\n<p>Homem, 86 anos, portador de doen\u00e7a cardiovascular cr\u00f4nica. Internou 24\/04 e faleceu 02\/05 em hospital privado da cidade.<\/p>\n\n\n\n<p>Mulher, 74 anos, portadora de doen\u00e7a cardiovascular cr\u00f4nica. Internou 30\/03 e faleceu 13\/04 no hospital S\u00e3o Vicente.<\/p>\n\n\n\n<p>Homem, 61 anos, diab\u00e9tico. Internou 26\/04 e faleceu 03\/05 em hospital privado da cidade.<\/p>\n\n\n\n<p>Homem, 73 anos, portador de doen\u00e7a cardiovascular cr\u00f4nica e diabetes. Internou 08\/04 e faleceu 23\/04 no hospital S\u00e3o Vicente.<\/p>\n\n\n\n<p>Mulher, 57 anos, obesa. Internou 21\/04 e faleceu 03\/05 no hospital S\u00e3o Vicente.<\/p>\n\n\n\n<p>At\u00e9 o momento, a cidade registra 1065 \u00f3bitos causados pela COVID-19 desde o in\u00edcio da pandemia.<\/p>\n\n\n\n<figure class=\"wp-block-image size-large\"><img loading=\"lazy\" decoding=\"async\" width=\"960\" height=\"960\" src=\"https:\/\/tvtecjundiai.com.br\/news\/wp-content\/uploads\/sites\/2\/2021\/05\/WhatsApp-Image-2021-05-03-at-16.56.01-960x960.jpeg\" alt=\"\" class=\"wp-image-75158\" srcset=\"https:\/\/tvtecjundiai.com.br\/news\/wp-content\/uploads\/sites\/2\/2021\/05\/WhatsApp-Image-2021-05-03-at-16.56.01-960x960.jpeg 960w, https:\/\/tvtecjundiai.com.br\/news\/wp-content\/uploads\/sites\/2\/2021\/05\/WhatsApp-Image-2021-05-03-at-16.56.01-300x300.jpeg 300w, https:\/\/tvtecjundiai.com.br\/news\/wp-content\/uploads\/sites\/2\/2021\/05\/WhatsApp-Image-2021-05-03-at-16.56.01-100x100.jpeg 100w, https:\/\/tvtecjundiai.com.br\/news\/wp-content\/uploads\/sites\/2\/2021\/05\/WhatsApp-Image-2021-05-03-at-16.56.01-768x768.jpeg 768w, https:\/\/tvtecjundiai.com.br\/news\/wp-content\/uploads\/sites\/2\/2021\/05\/WhatsApp-Image-2021-05-03-at-16.56.01.jpeg 1280w\" sizes=\"auto, (max-width: 960px) 100vw, 960px\" \/><\/figure>\n\n\n\n<figure class=\"wp-block-image size-large\"><img loading=\"lazy\" decoding=\"async\" width=\"960\" height=\"960\" src=\"https:\/\/tvtecjundiai.com.br\/news\/wp-content\/uploads\/sites\/2\/2021\/05\/slide2-960x960.png\" alt=\"\" class=\"wp-image-75155\" srcset=\"https:\/\/tvtecjundiai.com.br\/news\/wp-content\/uploads\/sites\/2\/2021\/05\/slide2-960x960.png 960w, https:\/\/tvtecjundiai.com.br\/news\/wp-content\/uploads\/sites\/2\/2021\/05\/slide2-300x300.png 300w, https:\/\/tvtecjundiai.com.br\/news\/wp-content\/uploads\/sites\/2\/2021\/05\/slide2-100x100.png 100w, https:\/\/tvtecjundiai.com.br\/news\/wp-content\/uploads\/sites\/2\/2021\/05\/slide2-768x768.png 768w, https:\/\/tvtecjundiai.com.br\/news\/wp-content\/uploads\/sites\/2\/2021\/05\/slide2.png 1280w\" sizes=\"auto, (max-width: 960px) 100vw, 960px\" \/><\/figure>\n\n\n\n<p><em>(Texto\/Imagem: Prefeitura de Jundia\u00ed)<\/em><\/p>\n","protected":false},"excerpt":{"rendered":"<p>A cidade conta com 101 novos casos da doen\u00e7a; 111.046 pessoas tamb\u00e9m j\u00e1 foram vacinadas<\/p>\n","protected":false},"author":28,"featured_media":74771,"comment_status":"closed","ping_status":"closed","sticky":false,"template":"","format":"standard","meta":{"footnotes":""},"categories":[8356,1],"tags":[],"class_list":["post-75153","post","type-post","status-publish","format-standard","has-post-thumbnail","hentry","category-jundiai","category-noticias"],"_links":{"self":[{"href":"https:\/\/tvtecjundiai.com.br\/news\/wp-json\/wp\/v2\/posts\/75153","targetHints":{"allow":["GET"]}}],"collection":[{"href":"https:\/\/tvtecjundiai.com.br\/news\/wp-json\/wp\/v2\/posts"}],"about":[{"href":"https:\/\/tvtecjundiai.com.br\/news\/wp-json\/wp\/v2\/types\/post"}],"author":[{"embeddable":true,"href":"https:\/\/tvtecjundiai.com.br\/news\/wp-json\/wp\/v2\/users\/28"}],"replies":[{"embeddable":true,"href":"https:\/\/tvtecjundiai.com.br\/news\/wp-json\/wp\/v2\/comments?post=75153"}],"version-history":[{"count":2,"href":"https:\/\/tvtecjundiai.com.br\/news\/wp-json\/wp\/v2\/posts\/75153\/revisions"}],"predecessor-version":[{"id":75159,"href":"https:\/\/tvtecjundiai.com.br\/news\/wp-json\/wp\/v2\/posts\/75153\/revisions\/75159"}],"wp:featuredmedia":[{"embeddable":true,"href":"https:\/\/tvtecjundiai.com.br\/news\/wp-json\/wp\/v2\/media\/74771"}],"wp:attachment":[{"href":"https:\/\/tvtecjundiai.com.br\/news\/wp-json\/wp\/v2\/media?parent=75153"}],"wp:term":[{"taxonomy":"category","embeddable":true,"href":"https:\/\/tvtecjundiai.com.br\/news\/wp-json\/wp\/v2\/categories?post=75153"},{"taxonomy":"post_tag","embeddable":true,"href":"https:\/\/tvtecjundiai.com.br\/news\/wp-json\/wp\/v2\/tags?post=75153"}],"curies":[{"name":"wp","href":"https:\/\/api.w.org\/{rel}","templated":true}]}}