{"id":75160,"date":"2021-05-04T09:40:00","date_gmt":"2021-05-04T12:40:00","guid":{"rendered":"https:\/\/tvtecjundiai.com.br\/news\/?p=75160"},"modified":"2021-05-04T09:36:51","modified_gmt":"2021-05-04T12:36:51","slug":"ensino-sem-fronteiras-da-espanha-e-eua-alunas-aproveitam-cursos-oferecidos-pela-tvtec","status":"publish","type":"post","link":"https:\/\/tvtecjundiai.com.br\/news\/2021\/05\/04\/ensino-sem-fronteiras-da-espanha-e-eua-alunas-aproveitam-cursos-oferecidos-pela-tvtec\/","title":{"rendered":"Ensino sem fronteiras: da Espanha e EUA, alunas aproveitam cursos oferecidos pela TVTEC"},"content":{"rendered":"\n<p>Uma das grandes vantagens da modalidade EAD (Estudo \u00e0 Dist\u00e2ncia) \u00e9 poder estudar de qualquer lugar do mundo. Afinal, basta um computador, notebook ou celular com acesso \u00e0 internet e o aluno est\u00e1 apto a iniciar seus estudos.<\/p>\n\n\n\n<p>Assim, os cursos oferecidos pela Prefeitura de Jundia\u00ed em parceria com a TVTEC n\u00e3o se limitam apenas \u00e0 regi\u00e3o de S\u00e3o Paulo ou at\u00e9 mesmo o Brasil. As diversas aulas oferecidas pela institui\u00e7\u00e3o j\u00e1 atravessam fronteiras.<\/p>\n\n\n\n<p>\u00c9 o caso da aluna Maria Cristina Hernanperez Malvezi, de 50 anos. Ela mora h\u00e1 14 anos na Espanha, em Burgos, prov\u00edncia de Castela e Le\u00e3o. Ela conta que conheceu os cursos da TVTEC ap\u00f3s passar f\u00e9rias na cidade de Jundia\u00ed em 2019. \u201cMeu primeiro curso foi o de primeiros passos no Instagram em 2019. Estava de f\u00e9rias em Jundia\u00ed e fui ao curso presencial com um amigo\u201d, lembra.<\/p>\n\n\n\n<figure class=\"wp-block-image size-large\"><img loading=\"lazy\" decoding=\"async\" width=\"1200\" height=\"900\" src=\"https:\/\/tvtecjundiai.com.br\/news\/wp-content\/uploads\/sites\/2\/2021\/05\/mariacurso-1200x900.jpeg\" alt=\"\" class=\"wp-image-75161\" srcset=\"https:\/\/tvtecjundiai.com.br\/news\/wp-content\/uploads\/sites\/2\/2021\/05\/mariacurso-1200x900.jpeg 1200w, https:\/\/tvtecjundiai.com.br\/news\/wp-content\/uploads\/sites\/2\/2021\/05\/mariacurso-300x225.jpeg 300w, https:\/\/tvtecjundiai.com.br\/news\/wp-content\/uploads\/sites\/2\/2021\/05\/mariacurso-768x576.jpeg 768w, https:\/\/tvtecjundiai.com.br\/news\/wp-content\/uploads\/sites\/2\/2021\/05\/mariacurso.jpeg 1280w\" sizes=\"auto, (max-width: 1200px) 100vw, 1200px\" \/><figcaption>Maria Cristina mora na Espanha, mas foi em uma viagem \u00e0 Jundia\u00ed que acabou conhecendo os cursos da TVTEC<\/figcaption><\/figure>\n\n\n\n<p>Maria conta que ficou triste por n\u00e3o poder fazer mais cursos \u00e0 \u00e9poca, j\u00e1 que tinha que retornar \u00e0 Espanha. Mas quando soube da modalidade online, correu se inscrever. \u201cN\u00e3o pensei duas vezes\u201d, relembra Maria que acabou cursando v\u00e1rias modalidades. O \u00faltimo curso feito pela espanhola foi o de orat\u00f3ria com Karina Pachiega.<\/p>\n\n\n\n<p>\u201cDecidi fazer esses cursos porque s\u00e3o cursos muito bem preparados, os profissionais s\u00e3o excelentes e a organiza\u00e7\u00e3o tamb\u00e9m. Aqui na Espanha, os cursos dessa categoria est\u00e3o come\u00e7ando agora e eu j\u00e1 n\u00e3o podia perder mais tempo. Na cidade que moro, por exemplo, n\u00e3o existe cursos online\u201d, afirma.<\/p>\n\n\n\n<p>J\u00e1 a jornalista T\u00e2nia Madureira, de 41 anos, tem uma hist\u00f3ria de longa data com a funda\u00e7\u00e3o TVTEC. T\u00e2nia trabalhou na institui\u00e7\u00e3o, onde apresentava o programa \u201cBoa Tarde\u201d, e por isso acredita na capacidade e profissionalismo de seus profissionais. \u201cExistem muitos cursos gratuitos por aqui, por\u00e9m sabia que ia aprender muito com o curso da TV\u201d, diz.<\/p>\n\n\n\n<figure class=\"wp-block-image size-large\"><img loading=\"lazy\" decoding=\"async\" width=\"1080\" height=\"805\" src=\"https:\/\/tvtecjundiai.com.br\/news\/wp-content\/uploads\/sites\/2\/2021\/05\/taniamadureira.jpeg\" alt=\"\" class=\"wp-image-75162\" srcset=\"https:\/\/tvtecjundiai.com.br\/news\/wp-content\/uploads\/sites\/2\/2021\/05\/taniamadureira.jpeg 1080w, https:\/\/tvtecjundiai.com.br\/news\/wp-content\/uploads\/sites\/2\/2021\/05\/taniamadureira-300x224.jpeg 300w, https:\/\/tvtecjundiai.com.br\/news\/wp-content\/uploads\/sites\/2\/2021\/05\/taniamadureira-768x572.jpeg 768w\" sizes=\"auto, (max-width: 1080px) 100vw, 1080px\" \/><figcaption>A jornalista T\u00e2nia Madureira faz os cursos de sua casa, em Austin, no Texas <\/figcaption><\/figure>\n\n\n\n<p>Atualmente, T\u00e2nia mora em Austin, no Texas, Estados Unidos e afirma que apesar dos muitos curso gratuitos que existem por l\u00e1, sabia que ia aprender muito com o curso da TV. Ela fez o curso \u201cFotografia para Neg\u00f3cio\u201d e espera fazer mais capacita\u00e7\u00f5es na \u00e1rea. \u201cGostei muito da din\u00e2mica e espero conseguir me inscrever em mais cursos\u201d.<\/p>\n\n\n\n<p>Inclusive foi por conta da T\u00e2nia que Maria Cristina conheceu a TVTEC. \u201cConheci a TVTEC atrav\u00e9s da T\u00e2nia, sua outra entrevistada, participei do programa \u201cBoa Tarde\u201d e fiz uma sopa castellana ao vivo no programa\u201d, relembra Maria. \u201cE agora, al\u00e9m de continuar com a amizade, mesmo ela morando em Austin, tamb\u00e9m sou sua aluna de ingl\u00eas\u201d, relembra Maria.<\/p>\n\n\n\n<p><em>(Texto: TVTEC\/Imagens: Arquivo Pessoal)<\/em><\/p>\n","protected":false},"excerpt":{"rendered":"<p>Mar\u00eda Cristina mora na Espanha e T\u00e2nia Madureira nos EUA e aproveitam a modalidade online para se especializar<\/p>\n","protected":false},"author":28,"featured_media":75174,"comment_status":"closed","ping_status":"closed","sticky":false,"template":"","format":"standard","meta":{"footnotes":""},"categories":[8356,1],"tags":[],"class_list":["post-75160","post","type-post","status-publish","format-standard","has-post-thumbnail","hentry","category-jundiai","category-noticias"],"_links":{"self":[{"href":"https:\/\/tvtecjundiai.com.br\/news\/wp-json\/wp\/v2\/posts\/75160","targetHints":{"allow":["GET"]}}],"collection":[{"href":"https:\/\/tvtecjundiai.com.br\/news\/wp-json\/wp\/v2\/posts"}],"about":[{"href":"https:\/\/tvtecjundiai.com.br\/news\/wp-json\/wp\/v2\/types\/post"}],"author":[{"embeddable":true,"href":"https:\/\/tvtecjundiai.com.br\/news\/wp-json\/wp\/v2\/users\/28"}],"replies":[{"embeddable":true,"href":"https:\/\/tvtecjundiai.com.br\/news\/wp-json\/wp\/v2\/comments?post=75160"}],"version-history":[{"count":3,"href":"https:\/\/tvtecjundiai.com.br\/news\/wp-json\/wp\/v2\/posts\/75160\/revisions"}],"predecessor-version":[{"id":75179,"href":"https:\/\/tvtecjundiai.com.br\/news\/wp-json\/wp\/v2\/posts\/75160\/revisions\/75179"}],"wp:featuredmedia":[{"embeddable":true,"href":"https:\/\/tvtecjundiai.com.br\/news\/wp-json\/wp\/v2\/media\/75174"}],"wp:attachment":[{"href":"https:\/\/tvtecjundiai.com.br\/news\/wp-json\/wp\/v2\/media?parent=75160"}],"wp:term":[{"taxonomy":"category","embeddable":true,"href":"https:\/\/tvtecjundiai.com.br\/news\/wp-json\/wp\/v2\/categories?post=75160"},{"taxonomy":"post_tag","embeddable":true,"href":"https:\/\/tvtecjundiai.com.br\/news\/wp-json\/wp\/v2\/tags?post=75160"}],"curies":[{"name":"wp","href":"https:\/\/api.w.org\/{rel}","templated":true}]}}